{"id":3695,"date":"2011-07-21T06:44:40","date_gmt":"2011-07-21T06:44:40","guid":{"rendered":"http:\/\/e-anjelik.sk\/?p=3695"},"modified":"2011-07-21T06:44:40","modified_gmt":"2011-07-21T06:44:40","slug":"7-kongres-somef-v-madarsku","status":"publish","type":"post","link":"https:\/\/www.e-anjelik.sk\/index.php\/2011\/07\/21\/7-kongres-somef-v-madarsku\/","title":{"rendered":"7.kongres SOMEF v Ma\u010farsku"},"content":{"rendered":"<p>Na pozvanie Evanjelickej teologickej univerzity v Budape&scaron;ti sa v d\u0148och 7. a\u017e 10. j&uacute;la 2011 v <font face=\"Arial\" size=\"2\">R&eacute;vf&uuml;l&ouml;p pri Balatone konal v porad&iacute; siedmy kongres protestantsk&yacute;ch teologick&yacute;ch fak&uacute;lt Ju\u017enej, Strednej a V&yacute;chodnej Eur&oacute;py &#8211; SOMEF. T&eacute;ma kongresu bola:&quot; Dedi\u010dstvo socializmu a s&uacute;\u010dasn&eacute; v&yacute;zvy teologicky zodpovednej hospod&aacute;rskej etiky.&quot; Tohto roku do Vzdel&aacute;vacieho centra Lajo&scaron;a Orda&scaron;a v R&eacute;vf&uuml;l&ouml;p pri&scaron;li u\u010ditelia a mlad&iacute; b&aacute;datelia z protestantsk&yacute;ch fak&uacute;lt vo Viedni ,Budape&scaron;ti, Debrec&iacute;ne, Ve\u013ekej Sib&iacute;ni, Bratislave, Prahe, Kom&aacute;rne a&nbsp;Blatnom Potoku&nbsp;.O aktu&aacute;lnych ot&aacute;zkach rie&scaron;enia vz\u0165ahu cirkvi, &scaron;t&aacute;tu a hospod&aacute;rstva predn&aacute;&scaron;al gen. biskup M.Kl&aacute;tik. Ako teol&oacute;g hovoril o potrebe sv&auml;tenia siedmeho d\u0148a so z&aacute;kladom na Biblii a reforma\u010dnej hospod&aacute;rskej etike.V tret&iacute; de\u0148 sa &uacute;\u010dastn&iacute;ci informovali o aktu&aacute;lnom stave na svojich fakult&aacute;ch, o financovan&iacute; a vedeckom b&aacute;dan&iacute;. S&uacute;\u010dasne pred\u013a\u017eili mand&aacute;t teraj&scaron;&iacute;m funkcion&aacute;rom organiz&aacute;cie a schv&aacute;lili uznesenie, \u017ee o dva roky bude &ocirc;smy kongres v Blatnom Potoku.<\/font><\/p>\n<p><font face=\"Arial\" size=\"2\">(somef.univie.ac.at ; <a href=\"http:\/\/www.evangelikus.hu\">www.evangelikus.hu<\/a>; )<\/font><\/p>\n","protected":false},"excerpt":{"rendered":"<p>Na pozvanie Evanjelickej teologickej univerzity v Budape&scaron;ti sa v d\u0148och 7. a\u017e 10. j&uacute;la 2011 v R&eacute;vf&uuml;l&ouml;p pri Balatone konal v porad&iacute; siedmy kongres protestantsk&yacute;ch teologick&yacute;ch fak&uacute;lt Ju\u017enej, Strednej a V&yacute;chodnej Eur&oacute;py &#8211; SOMEF. T&eacute;ma kongresu bola:&quot; Dedi\u010dstvo socializmu a s&uacute;\u010dasn&eacute; v&yacute;zvy teologicky zodpovednej hospod&aacute;rskej etiky.&quot; Tohto roku do Vzdel&aacute;vacieho centra Lajo&scaron;a Orda&scaron;a v R&eacute;vf&uuml;l&ouml;p &#8230; <a title=\"7.kongres SOMEF v Ma\u010farsku\" class=\"read-more\" href=\"https:\/\/www.e-anjelik.sk\/index.php\/2011\/07\/21\/7-kongres-somef-v-madarsku\/\" aria-label=\"Pre\u010d\u00edtajte si viac o 7.kongres SOMEF v Ma\u010farsku\">\u010c\u00edta\u0165 viac<\/a><\/p>\n","protected":false},"author":22,"featured_media":0,"comment_status":"open","ping_status":"open","sticky":false,"template":"","format":"standard","meta":{"footnotes":""},"categories":[1],"tags":[234],"class_list":["post-3695","post","type-post","status-publish","format-standard","hentry","category-adventna-modlitba","tag-zdruzenia-a-skupiny"],"_links":{"self":[{"href":"https:\/\/www.e-anjelik.sk\/index.php\/wp-json\/wp\/v2\/posts\/3695","targetHints":{"allow":["GET"]}}],"collection":[{"href":"https:\/\/www.e-anjelik.sk\/index.php\/wp-json\/wp\/v2\/posts"}],"about":[{"href":"https:\/\/www.e-anjelik.sk\/index.php\/wp-json\/wp\/v2\/types\/post"}],"author":[{"embeddable":true,"href":"https:\/\/www.e-anjelik.sk\/index.php\/wp-json\/wp\/v2\/users\/22"}],"replies":[{"embeddable":true,"href":"https:\/\/www.e-anjelik.sk\/index.php\/wp-json\/wp\/v2\/comments?post=3695"}],"version-history":[{"count":0,"href":"https:\/\/www.e-anjelik.sk\/index.php\/wp-json\/wp\/v2\/posts\/3695\/revisions"}],"wp:attachment":[{"href":"https:\/\/www.e-anjelik.sk\/index.php\/wp-json\/wp\/v2\/media?parent=3695"}],"wp:term":[{"taxonomy":"category","embeddable":true,"href":"https:\/\/www.e-anjelik.sk\/index.php\/wp-json\/wp\/v2\/categories?post=3695"},{"taxonomy":"post_tag","embeddable":true,"href":"https:\/\/www.e-anjelik.sk\/index.php\/wp-json\/wp\/v2\/tags?post=3695"}],"curies":[{"name":"wp","href":"https:\/\/api.w.org\/{rel}","templated":true}]}}