{"id":3697,"date":"2011-07-22T08:18:18","date_gmt":"2011-07-22T08:18:18","guid":{"rendered":"http:\/\/e-anjelik.sk\/?p=3697"},"modified":"2011-07-22T08:18:18","modified_gmt":"2011-07-22T08:18:18","slug":"jubilejne-oslavy-domu-v-rige","status":"publish","type":"post","link":"https:\/\/www.e-anjelik.sk\/index.php\/2011\/07\/22\/jubilejne-oslavy-domu-v-rige\/","title":{"rendered":"Jubilejn\u00e9 oslavy D\u00f3mu v Rige"},"content":{"rendered":"<p>25. a\u017e 31. j&uacute;la 2011 sa bud&uacute; v hlavnom meste Loty&scaron;ska Rige kona\u0165 ve\u013ekolep&eacute; oslavy 800. v&yacute;ro\u010dia polo\u017eenia z&aacute;kladn&eacute;ho kame\u0148a pod katedr&aacute;lu Panny M&aacute;rie v Rige. Hlavn&eacute; oslavy bud&uacute; s&uacute;streden&eacute; na v&yacute;stavy starej tla\u010de a rukopisov, viacero koncertov dom&aacute;cich i zahrani\u010dn&yacute;ch orchestrov a zborov, festival piesn&iacute;, ekumenick&eacute; bohoslu\u017eby v sobotu ve\u010der 30. j&uacute;la a sl&aacute;vnostn&eacute; slu\u017eby Bo\u017eie v nede\u013eu 31. j&uacute;la pod veden&iacute;m arcibiskupa Evanjelicko-luter&aacute;nskej cirkvi Loty&scaron;ska Janisa Vanagsa. Osobitn&aacute; pozornos\u0165 bude venovan&aacute; de\u0165om a ml&aacute;de\u017ei.<\/p>\n<p>(<a href=\"http:\/\/www.lelb.lv\">www.lelb.lv<\/a>)<\/p>\n","protected":false},"excerpt":{"rendered":"<p>25. a\u017e 31. j&uacute;la 2011 sa bud&uacute; v hlavnom meste Loty&scaron;ska Rige kona\u0165 ve\u013ekolep&eacute; oslavy 800. v&yacute;ro\u010dia polo\u017eenia z&aacute;kladn&eacute;ho kame\u0148a pod katedr&aacute;lu Panny M&aacute;rie v Rige. Hlavn&eacute; oslavy bud&uacute; s&uacute;streden&eacute; na v&yacute;stavy starej tla\u010de a rukopisov, viacero koncertov dom&aacute;cich i zahrani\u010dn&yacute;ch orchestrov a zborov, festival piesn&iacute;, ekumenick&eacute; bohoslu\u017eby v sobotu ve\u010der 30. j&uacute;la a sl&aacute;vnostn&eacute; &#8230; <a title=\"Jubilejn\u00e9 oslavy D\u00f3mu v Rige\" class=\"read-more\" href=\"https:\/\/www.e-anjelik.sk\/index.php\/2011\/07\/22\/jubilejne-oslavy-domu-v-rige\/\" aria-label=\"Pre\u010d\u00edtajte si viac o Jubilejn\u00e9 oslavy D\u00f3mu v Rige\">\u010c\u00edta\u0165 viac<\/a><\/p>\n","protected":false},"author":22,"featured_media":0,"comment_status":"open","ping_status":"open","sticky":false,"template":"","format":"standard","meta":{"footnotes":""},"categories":[1],"tags":[242],"class_list":["post-3697","post","type-post","status-publish","format-standard","hentry","category-adventna-modlitba","tag-slavnosti"],"_links":{"self":[{"href":"https:\/\/www.e-anjelik.sk\/index.php\/wp-json\/wp\/v2\/posts\/3697","targetHints":{"allow":["GET"]}}],"collection":[{"href":"https:\/\/www.e-anjelik.sk\/index.php\/wp-json\/wp\/v2\/posts"}],"about":[{"href":"https:\/\/www.e-anjelik.sk\/index.php\/wp-json\/wp\/v2\/types\/post"}],"author":[{"embeddable":true,"href":"https:\/\/www.e-anjelik.sk\/index.php\/wp-json\/wp\/v2\/users\/22"}],"replies":[{"embeddable":true,"href":"https:\/\/www.e-anjelik.sk\/index.php\/wp-json\/wp\/v2\/comments?post=3697"}],"version-history":[{"count":0,"href":"https:\/\/www.e-anjelik.sk\/index.php\/wp-json\/wp\/v2\/posts\/3697\/revisions"}],"wp:attachment":[{"href":"https:\/\/www.e-anjelik.sk\/index.php\/wp-json\/wp\/v2\/media?parent=3697"}],"wp:term":[{"taxonomy":"category","embeddable":true,"href":"https:\/\/www.e-anjelik.sk\/index.php\/wp-json\/wp\/v2\/categories?post=3697"},{"taxonomy":"post_tag","embeddable":true,"href":"https:\/\/www.e-anjelik.sk\/index.php\/wp-json\/wp\/v2\/tags?post=3697"}],"curies":[{"name":"wp","href":"https:\/\/api.w.org\/{rel}","templated":true}]}}