{"id":3699,"date":"2011-07-23T15:33:05","date_gmt":"2011-07-23T15:33:05","guid":{"rendered":"http:\/\/e-anjelik.sk\/?p=3699"},"modified":"2011-07-23T15:33:05","modified_gmt":"2011-07-23T15:33:05","slug":"reakcia-norskej-cirkvi-na-teroristicke-utoky-v-oslo-a-na-ostrove-utoya","status":"publish","type":"post","link":"https:\/\/www.e-anjelik.sk\/index.php\/2011\/07\/23\/reakcia-norskej-cirkvi-na-teroristicke-utoky-v-oslo-a-na-ostrove-utoya\/","title":{"rendered":"Reakcia N\u00f3rskej cirkvi na teroristick\u00e9 \u00fatoky v Oslo a na ostrove Utoya"},"content":{"rendered":"<p>Duchovn&iacute; a cirkevn&iacute; pracovn&iacute;ci v celej krajine s&uacute; zapojen&iacute; do &uacute;silia o ochranu obet&iacute; a ich rod&iacute;n po teroristick&yacute;ch &uacute;tokoch.Kostoly s&uacute; otvoren&eacute;,aby v nich \u013eudia mohli n&aacute;js\u0165 spolo\u010denstvo a &uacute;techu. &quot;T&yacute;ka sa to n&aacute;s v&scaron;etk&yacute;ch.Mlad&yacute;ch \u013eud&iacute; ,aj dospel&yacute;ch postihnut&yacute;ch nezmyseln&yacute;m n&aacute;sil&iacute;m. E&scaron;te nevieme ko\u013eko \u013eud&iacute; bolo zabit&yacute;ch a zranen&yacute;ch, ale vieme, \u017ee na&scaron;i politick&iacute; vodcovia,ktor&iacute; pracuj&uacute; pre soci&aacute;lne komunity a na&scaron;a ml&aacute;de\u017e na letnom t&aacute;bore boli nepochopite\u013ene napadnut&iacute; brut&aacute;lnym sp&ocirc;sobom. Modl&iacute;me sa za v&scaron;etk&yacute;ch postihnut&yacute;ch a za v&scaron;etk&yacute;ch, ktor&iacute; teraz sedia s pocitmi &uacute;zkosti a strachu z toho, \u010do by sa mohlo sta\u0165 ich bl&iacute;zkym. Sme &scaron;okovan&iacute; spr&aacute;vami o n&aacute;sil&iacute;, ktor&eacute; sa udialo v t&aacute;bore na ostrove Utoya.\u010co sa stalo dnes n&aacute;m pripom&iacute;na na&scaron;u zranite\u013enos\u0165 vo svete. To sa t&yacute;ka v&scaron;etk&yacute;ch \u013eud&iacute;, v&scaron;ade. Ale nie sme osamote, ke\u010f sa kon&aacute; zlo. Boh je s nami.D&aacute;va n&aacute;m n&aacute;dej a &uacute;techu, &quot; povedala biskupka Helga Haugland Befuglien&nbsp;, predsedky\u0148a Zboru biskupov N&oacute;rskej cirkvi.<\/p>\n<p>V nede\u013eu 24. j&uacute;la 2011 sa o 11. 00 hodine bud&uacute; v katedr&aacute;le v Oslo kona\u0165 sm&uacute;to\u010dn&eacute; bohoslu\u017eby s &uacute;\u010das\u0165ou kr&aacute;\u013eovskej rodiny, vl&aacute;dy a predstavite\u013eov politick&yacute;ch str&aacute;n. K&aacute;ze\u0148 prednesie biskupka Befuglien. Prejav povie aj premi&eacute;r Jens Stoltenberg. Bohoslu\u017eby bude v priamom prenose vysiela\u0165 n&oacute;rska telev&iacute;zia a rozhlas.<\/p>\n<p>Medzit&yacute;m vedenie N&oacute;rskej cirkvi dost&aacute;va s&uacute;strastn&eacute; kondolencie od z&aacute;stupcov cirkv&iacute; a cirkevn&yacute;ch organiz&aacute;cii vo svete. Medzi prv&yacute;mi bol gen. taj. SLZ M. Junge a gen. taj. SRC Olav Fykse Tveit, arcibiskup &Scaron;v&eacute;dskej cirkvi A.Wejryd a in&iacute;. V&scaron;etci uis\u0165uj&uacute; o spolu&uacute;\u010dast&iacute; na trag&eacute;dii n&oacute;rskeho n&aacute;roda a o modlitb&aacute;ch za&nbsp; pozostal&yacute;ch,ich rodiny a cel&eacute;ho n&aacute;roda.<\/p>\n<p>(<a href=\"http:\/\/www.kirken.no\">www.kirken.no<\/a>)<\/p>\n","protected":false},"excerpt":{"rendered":"<p>Duchovn&iacute; a cirkevn&iacute; pracovn&iacute;ci v celej krajine s&uacute; zapojen&iacute; do &uacute;silia o ochranu obet&iacute; a ich rod&iacute;n po teroristick&yacute;ch &uacute;tokoch.Kostoly s&uacute; otvoren&eacute;,aby v nich \u013eudia mohli n&aacute;js\u0165 spolo\u010denstvo a &uacute;techu. &quot;T&yacute;ka sa to n&aacute;s v&scaron;etk&yacute;ch.Mlad&yacute;ch \u013eud&iacute; ,aj dospel&yacute;ch postihnut&yacute;ch nezmyseln&yacute;m n&aacute;sil&iacute;m. E&scaron;te nevieme ko\u013eko \u013eud&iacute; bolo zabit&yacute;ch a zranen&yacute;ch, ale vieme, \u017ee na&scaron;i politick&iacute; vodcovia,ktor&iacute; &#8230; <a title=\"Reakcia N\u00f3rskej cirkvi na teroristick\u00e9 \u00fatoky v Oslo a na ostrove Utoya\" class=\"read-more\" href=\"https:\/\/www.e-anjelik.sk\/index.php\/2011\/07\/23\/reakcia-norskej-cirkvi-na-teroristicke-utoky-v-oslo-a-na-ostrove-utoya\/\" aria-label=\"Pre\u010d\u00edtajte si viac o Reakcia N\u00f3rskej cirkvi na teroristick\u00e9 \u00fatoky v Oslo a na ostrove Utoya\">\u010c\u00edta\u0165 viac<\/a><\/p>\n","protected":false},"author":22,"featured_media":0,"comment_status":"open","ping_status":"open","sticky":false,"template":"","format":"standard","meta":{"footnotes":""},"categories":[42,10],"tags":[],"class_list":["post-3699","post","type-post","status-publish","format-standard","hentry","category-skandinavia","category-zo-sveta"],"_links":{"self":[{"href":"https:\/\/www.e-anjelik.sk\/index.php\/wp-json\/wp\/v2\/posts\/3699","targetHints":{"allow":["GET"]}}],"collection":[{"href":"https:\/\/www.e-anjelik.sk\/index.php\/wp-json\/wp\/v2\/posts"}],"about":[{"href":"https:\/\/www.e-anjelik.sk\/index.php\/wp-json\/wp\/v2\/types\/post"}],"author":[{"embeddable":true,"href":"https:\/\/www.e-anjelik.sk\/index.php\/wp-json\/wp\/v2\/users\/22"}],"replies":[{"embeddable":true,"href":"https:\/\/www.e-anjelik.sk\/index.php\/wp-json\/wp\/v2\/comments?post=3699"}],"version-history":[{"count":0,"href":"https:\/\/www.e-anjelik.sk\/index.php\/wp-json\/wp\/v2\/posts\/3699\/revisions"}],"wp:attachment":[{"href":"https:\/\/www.e-anjelik.sk\/index.php\/wp-json\/wp\/v2\/media?parent=3699"}],"wp:term":[{"taxonomy":"category","embeddable":true,"href":"https:\/\/www.e-anjelik.sk\/index.php\/wp-json\/wp\/v2\/categories?post=3699"},{"taxonomy":"post_tag","embeddable":true,"href":"https:\/\/www.e-anjelik.sk\/index.php\/wp-json\/wp\/v2\/tags?post=3699"}],"curies":[{"name":"wp","href":"https:\/\/api.w.org\/{rel}","templated":true}]}}