{"id":3700,"date":"2011-07-25T07:35:10","date_gmt":"2011-07-25T07:35:10","guid":{"rendered":"http:\/\/e-anjelik.sk\/?p=3700"},"modified":"2011-07-25T07:35:10","modified_gmt":"2011-07-25T07:35:10","slug":"ideologicky-profil-norskeho-teroristu","status":"publish","type":"post","link":"https:\/\/www.e-anjelik.sk\/index.php\/2011\/07\/25\/ideologicky-profil-norskeho-teroristu\/","title":{"rendered":"Ideologick\u00fd profil n\u00f3rskeho teroristu"},"content":{"rendered":"<p>Kres\u0165ansk&yacute; &scaron;v&eacute;dsky denn&iacute;k <a href=\"http:\/\/www.dagen.se\">www.dagen.se<\/a> priniesol 23. j&uacute;la t.r. pr&iacute;spevok novin&aacute;ra Andersa Gustafssona o ideologickom profile zadr\u017ean&eacute;ho n&oacute;rskeho teroristu,32-ro\u010dn&eacute;ho Andersa Behringa Breivika. Podstatn&eacute; my&scaron;lienky prin&aacute;&scaron;ame tu:&nbsp;<\/p>\n<p>Nacionalista,&nbsp;nen&aacute;vidiaci marxizmus a islam.&nbsp;Protestant, ktor&yacute; vyz&yacute;va &nbsp;ku nepriamej kolekt&iacute;vnej konverzii ku katol&iacute;ckej cirkvi. Jeho ideologick&yacute; profil mo\u017eno vidie\u0165 z jeho pr&iacute;spevkov na internete. Potrv&aacute; e&scaron;te nejak&yacute; \u010das,k&yacute;m tento obraz bude hotov&yacute;. Niektor&eacute; nosn&eacute; body ale u\u017e jestvuj&uacute;. Breivik sa anga\u017eoval na n&oacute;rskom online f&oacute;re, ktor&eacute; sa vol&aacute; document.no. O svojom n&aacute;bo\u017eenskom presved\u010den&iacute; vrav&iacute;:&quot; Bol som pokrsten&yacute; a potom konfirmovan&yacute; z vlastnej v&ocirc;le, ke\u010f som mal 15 rokov. Ale dne&scaron;n&aacute; evanjelick&aacute; cirkev je \u017eartom. K\u0148azi v d\u017e&iacute;nsoch pochoduj&uacute; za Pelest&iacute;nu a kostoly vyzeraj&uacute; ako minimalistick&eacute; n&aacute;kupn&eacute; stredisk&aacute;. Som fan&uacute;&scaron;ikom nepriamej kolekt&iacute;vnej konverzie z evanjelickej sp&auml;\u0165 do katol&iacute;ckej cirkvi. Aj na\u010falej v cirkevn&yacute;ch vo\u013eb&aacute;ch budem voli\u0165 najkonzervat&iacute;vnej&scaron;&iacute;ch kandid&aacute;tov.Jedin&eacute;,\u010do m&ocirc;\u017ee evanjelick&uacute; cirkev zachr&aacute;ni\u0165, je n&aacute;vrat sp&auml;\u0165 k z&aacute;kladom.&quot;Ale jeho z&aacute;ujem nie je v cirkvi. Jeho poh\u013ead sa zameriava proti multikulturalizmu a proti marxizmu. Ako pr&iacute;klady monokult&uacute;ry ukazuje Japonsko a K&oacute;reu, kde po 2. svetovej vojne nezakotvil marxizmus.Analytici doteraz nie s&uacute; si na\u010distom v tom, \u010di akt terorizmu vykonal s&aacute;m alebo v s&uacute;\u010dinnosti s in&yacute;mi. Breivik s&aacute;m o sebe tvrd&iacute;,\u017ee nie je rasista. Opiera sa o tzv. Viedensku &scaron;kolu. Charakterizuje ju takto:<\/p>\n<p>-kult&uacute;rny konzervativizmus (anti-multikulturizmus);<\/p>\n<p>&#8211; proti islamiz&aacute;cii;<\/p>\n<p>-antirasizmus;<\/p>\n<p>-antiautorit&aacute;rstvo;<\/p>\n<p>-pro izraelstvo;<\/p>\n<p>&#8211; obrana kult&uacute;rnych hodn&ocirc;t kres\u0165anstva;<\/p>\n<p>-odhalenie eurabiaprojektu a Frankfurtskej &scaron;koly;<\/p>\n<p>-nestoj&iacute; za ekonomickou politikou.<\/p>\n","protected":false},"excerpt":{"rendered":"<p>Kres\u0165ansk&yacute; &scaron;v&eacute;dsky denn&iacute;k www.dagen.se priniesol 23. j&uacute;la t.r. pr&iacute;spevok novin&aacute;ra Andersa Gustafssona o ideologickom profile zadr\u017ean&eacute;ho n&oacute;rskeho teroristu,32-ro\u010dn&eacute;ho Andersa Behringa Breivika. Podstatn&eacute; my&scaron;lienky prin&aacute;&scaron;ame tu:&nbsp; Nacionalista,&nbsp;nen&aacute;vidiaci marxizmus a islam.&nbsp;Protestant, ktor&yacute; vyz&yacute;va &nbsp;ku nepriamej kolekt&iacute;vnej konverzii ku katol&iacute;ckej cirkvi. Jeho ideologick&yacute; profil mo\u017eno vidie\u0165 z jeho pr&iacute;spevkov na internete. Potrv&aacute; e&scaron;te nejak&yacute; \u010das,k&yacute;m tento obraz bude &#8230; <a title=\"Ideologick\u00fd profil n\u00f3rskeho teroristu\" class=\"read-more\" href=\"https:\/\/www.e-anjelik.sk\/index.php\/2011\/07\/25\/ideologicky-profil-norskeho-teroristu\/\" aria-label=\"Pre\u010d\u00edtajte si viac o Ideologick\u00fd profil n\u00f3rskeho teroristu\">\u010c\u00edta\u0165 viac<\/a><\/p>\n","protected":false},"author":22,"featured_media":0,"comment_status":"open","ping_status":"open","sticky":false,"template":"","format":"standard","meta":{"footnotes":""},"categories":[1,193],"tags":[],"class_list":["post-3700","post","type-post","status-publish","format-standard","hentry","category-adventna-modlitba","category-co-pisu-ini"],"_links":{"self":[{"href":"https:\/\/www.e-anjelik.sk\/index.php\/wp-json\/wp\/v2\/posts\/3700","targetHints":{"allow":["GET"]}}],"collection":[{"href":"https:\/\/www.e-anjelik.sk\/index.php\/wp-json\/wp\/v2\/posts"}],"about":[{"href":"https:\/\/www.e-anjelik.sk\/index.php\/wp-json\/wp\/v2\/types\/post"}],"author":[{"embeddable":true,"href":"https:\/\/www.e-anjelik.sk\/index.php\/wp-json\/wp\/v2\/users\/22"}],"replies":[{"embeddable":true,"href":"https:\/\/www.e-anjelik.sk\/index.php\/wp-json\/wp\/v2\/comments?post=3700"}],"version-history":[{"count":0,"href":"https:\/\/www.e-anjelik.sk\/index.php\/wp-json\/wp\/v2\/posts\/3700\/revisions"}],"wp:attachment":[{"href":"https:\/\/www.e-anjelik.sk\/index.php\/wp-json\/wp\/v2\/media?parent=3700"}],"wp:term":[{"taxonomy":"category","embeddable":true,"href":"https:\/\/www.e-anjelik.sk\/index.php\/wp-json\/wp\/v2\/categories?post=3700"},{"taxonomy":"post_tag","embeddable":true,"href":"https:\/\/www.e-anjelik.sk\/index.php\/wp-json\/wp\/v2\/tags?post=3700"}],"curies":[{"name":"wp","href":"https:\/\/api.w.org\/{rel}","templated":true}]}}