{"id":3701,"date":"2011-07-25T08:21:05","date_gmt":"2011-07-25T08:21:05","guid":{"rendered":"http:\/\/e-anjelik.sk\/?p=3701"},"modified":"2011-07-25T08:21:05","modified_gmt":"2011-07-25T08:21:05","slug":"smutocne-bohosluzby-v-dome-v-oslo","status":"publish","type":"post","link":"https:\/\/www.e-anjelik.sk\/index.php\/2011\/07\/25\/smutocne-bohosluzby-v-dome-v-oslo\/","title":{"rendered":"Sm\u00fato\u010dn\u00e9 bohoslu\u017eby v d\u00f3me v Oslo"},"content":{"rendered":"<p>Katedr&aacute;la v Oslo bola tento v&iacute;kend &uacute;to\u010diskom do 12 tis&iacute;c \u013eud&iacute;, ktor&iacute; sem putovali ,aby na&scaron;li potechu, n&aacute;dej a st&iacute;&scaron;enie. Zvl&aacute;&scaron;\u0165 v sobotu ve\u010der bolo tu plni \u013eud&iacute;, tak\u017ee d&oacute;m musel by\u0165 otvoren&yacute; do pozdn&yacute;ch hod&iacute;n.V nede\u013eu o 11. hodine sa v preplnenj katedr&aacute;le konali sm&uacute;to\u010dn&eacute; slu\u017eby Bo\u017eie.Biskup Oslo a ved&uacute;ca biskupka v&iacute;tali predsedu vl&aacute;dy, predsedu parlamentu a l&iacute;dera mlad&yacute;ch \u013eavi\u010diarov. Potom pri&scaron;iel kr&aacute;\u013e Harald, kr&aacute;\u013eovn&aacute; Sonja, princezn&aacute; M&auml;rtha Luisa a jej man\u017eel Ari Behn.Po sm&uacute;to\u010dnej predohre n&oacute;rskeho autora chr&aacute;mov&eacute; zhroma\u017edenie spievalo aj v na&scaron;om spevn&iacute;ku zn&aacute;mu piese\u0148 H.F.Lyteho Zosta\u0148 pri n&aacute;s! ES&nbsp;439.Nato biskup Oslo Ole Christian Kvarme priv&iacute;tal vz&aacute;cnych host&iacute; a v&scaron;etk&yacute;ch pr&iacute;tomn&yacute;ch i t&yacute;ch pri tv a rozhlasov&yacute;ch prj&iacute;ma\u010doch. \u017dalm 121 \u010d&iacute;tal ml&aacute;de\u017en&iacute;k z politickej strany, epi&scaron;tolu katol&iacute;cka mn&iacute;&scaron;ka a evanjelium biskupka Befuglien, ktor&aacute; k&aacute;zala na slov&aacute; z Ev.sv. J&aacute;na:&quot;Nech sa v&aacute;m srdce nestrachuje!&quot;V k&aacute;zni hovorila o tom, \u017ee s&uacute; to sm&uacute;to\u010dn&eacute; slu\u017eby Bo\u017eie, sm&uacute;tok je s&uacute;\u010das\u0165ou \u013eudsk&eacute;ho \u017eivota, ale cie\u013e teroristov &#8211; vyvola\u0165 strach nem&aacute; ma\u0165 trval&eacute; miesto medzi nami.Je tu n&aacute;dej, ktor&uacute; d&aacute;va P&aacute;n Boh v Je\u017ei&scaron;ovi Kristovi. Po spievanom Nicejskom vyznan&iacute; viery prehovoril ve\u013emi emot&iacute;vne s&aacute;m premi&eacute;r. Spomenul dve konkr&eacute;tne men&aacute;, pri\u010dom u mnoh&yacute;ch&nbsp;pr&iacute;tomn&yacute;ch vyvolal hlasit&yacute; n&aacute;rek a tich&yacute; pla\u010d. Aj jemu sam&eacute;mu sa zlomil hlas. Hovoril o malom ,ale hrdom n&oacute;rskom n&aacute;rode, ktor&yacute; bude zomknut&yacute; a jednotn&yacute; proti n&aacute;siliu a odmieta teror ako sp&ocirc;sob rie&scaron;enia probl&eacute;mov.Na z&aacute;ver boli pr&iacute;hovorn&eacute; modlitby za rodiny obet&iacute; i cel&yacute; n&aacute;rod.Hodno spomen&uacute;\u0165, \u017ee Slov&aacute;kovi-evanjelikovi dobre padlo po\u010du\u0165 aj druh&uacute; piese\u0148 z n&aacute;&scaron;ho spevn&iacute;ka &#8211; 245 &Oacute; l&aacute;ska Bo\u017eia od G. Tersteegena.<\/p>\n<p>Bohoslu\u017eby bolo mo\u017en&eacute; sledova\u0165 na internete.<\/p>\n","protected":false},"excerpt":{"rendered":"<p>Katedr&aacute;la v Oslo bola tento v&iacute;kend &uacute;to\u010diskom do 12 tis&iacute;c \u013eud&iacute;, ktor&iacute; sem putovali ,aby na&scaron;li potechu, n&aacute;dej a st&iacute;&scaron;enie. Zvl&aacute;&scaron;\u0165 v sobotu ve\u010der bolo tu plni \u013eud&iacute;, tak\u017ee d&oacute;m musel by\u0165 otvoren&yacute; do pozdn&yacute;ch hod&iacute;n.V nede\u013eu o 11. hodine sa v preplnenj katedr&aacute;le konali sm&uacute;to\u010dn&eacute; slu\u017eby Bo\u017eie.Biskup Oslo a ved&uacute;ca biskupka v&iacute;tali predsedu vl&aacute;dy, &#8230; <a title=\"Sm\u00fato\u010dn\u00e9 bohoslu\u017eby v d\u00f3me v Oslo\" class=\"read-more\" href=\"https:\/\/www.e-anjelik.sk\/index.php\/2011\/07\/25\/smutocne-bohosluzby-v-dome-v-oslo\/\" aria-label=\"Pre\u010d\u00edtajte si viac o Sm\u00fato\u010dn\u00e9 bohoslu\u017eby v d\u00f3me v Oslo\">\u010c\u00edta\u0165 viac<\/a><\/p>\n","protected":false},"author":22,"featured_media":0,"comment_status":"open","ping_status":"open","sticky":false,"template":"","format":"standard","meta":{"footnotes":""},"categories":[1],"tags":[249],"class_list":["post-3701","post","type-post","status-publish","format-standard","hentry","category-adventna-modlitba","tag-bohosluzby"],"_links":{"self":[{"href":"https:\/\/www.e-anjelik.sk\/index.php\/wp-json\/wp\/v2\/posts\/3701","targetHints":{"allow":["GET"]}}],"collection":[{"href":"https:\/\/www.e-anjelik.sk\/index.php\/wp-json\/wp\/v2\/posts"}],"about":[{"href":"https:\/\/www.e-anjelik.sk\/index.php\/wp-json\/wp\/v2\/types\/post"}],"author":[{"embeddable":true,"href":"https:\/\/www.e-anjelik.sk\/index.php\/wp-json\/wp\/v2\/users\/22"}],"replies":[{"embeddable":true,"href":"https:\/\/www.e-anjelik.sk\/index.php\/wp-json\/wp\/v2\/comments?post=3701"}],"version-history":[{"count":0,"href":"https:\/\/www.e-anjelik.sk\/index.php\/wp-json\/wp\/v2\/posts\/3701\/revisions"}],"wp:attachment":[{"href":"https:\/\/www.e-anjelik.sk\/index.php\/wp-json\/wp\/v2\/media?parent=3701"}],"wp:term":[{"taxonomy":"category","embeddable":true,"href":"https:\/\/www.e-anjelik.sk\/index.php\/wp-json\/wp\/v2\/categories?post=3701"},{"taxonomy":"post_tag","embeddable":true,"href":"https:\/\/www.e-anjelik.sk\/index.php\/wp-json\/wp\/v2\/tags?post=3701"}],"curies":[{"name":"wp","href":"https:\/\/api.w.org\/{rel}","templated":true}]}}