{"id":37030,"date":"2024-07-06T23:03:38","date_gmt":"2024-07-06T21:03:38","guid":{"rendered":"https:\/\/www.e-anjelik.sk\/?p=37030"},"modified":"2024-07-09T15:24:04","modified_gmt":"2024-07-09T13:24:04","slug":"spominajme-na-svojich-vodcov-a-stojme-na-zakladnom-kameni-cirkvi","status":"publish","type":"post","link":"https:\/\/www.e-anjelik.sk\/index.php\/2024\/07\/06\/spominajme-na-svojich-vodcov-a-stojme-na-zakladnom-kameni-cirkvi\/","title":{"rendered":"Spom\u00ednajme na svojich vodcov a stojme na z\u00e1kladnom kameni cirkvi"},"content":{"rendered":"\n<p><em>&nbsp; &nbsp; &nbsp;<\/em><strong> &nbsp; Spom\u00ednajme na svojich vodcov a stojme na z\u00e1kladnom kameni cirkvi<\/strong><\/p>\n\n\n\n<p><em>Bo\u017ee, pravda Tvoja<\/em><\/p>\n\n\n\n<p><em>m\u00e1 v\u017edy svedkov hojne,<\/em><\/p>\n\n\n\n<p><em>\u010do \u0164a vyzn\u00e1vaj\u00fa<\/em><\/p>\n\n\n\n<p><em>verne &#8211; bohabojne\u2026<\/em><\/p>\n\n\n\n<p><em>\u00d3, u\u010d i n\u00e1s v pravde st\u00e1\u0165<\/em><\/p>\n\n\n\n<ul class=\"wp-block-list\">\n<li><em>jak vern\u00fdm slu\u0161\u00ed &nbsp;<\/em><\/li>\n<\/ul>\n\n\n\n<p><em>a nies\u0165 evanjelium v\u010fa\u010dne<\/em><\/p>\n\n\n\n<p><em>ku spaseniu du\u0161\u00ed.&nbsp; Amen (M.R.)<\/em><\/p>\n\n\n\n<p><strong>\u017dd 13, 7 &#8211; 8:<\/strong><\/p>\n\n\n\n<p><em>&nbsp; &nbsp; &nbsp; \u201cSpom\u00ednajte na svojich vodcov,ktor\u00ed v\u00e1m zvestovali slovo Bo\u017eie. Pozorujte, ak\u00fd bol koniec ich obcovania, a a napodob\u0148ujte ich vieru. (8) Je\u017ei\u0161 Kristus ten ist\u00fd v\u010dera i dnes i naveky\u201d. Amen<\/em><\/p>\n\n\n\n<p><strong>&nbsp; &nbsp;<\/strong> Bratia a sestry v P\u00e1novi!<\/p>\n\n\n\n<p>\u00a0\u00a0 \u00a0 V\u010dera sv\u00e4tila cirkev sviatok apo\u0161tolov Petra a Pavla a o nieko\u013eko dn\u00ed si budeme pripom\u00edna\u0165 sviatok vierozvestov a apo\u0161tolov Kon\u0161tant\u00edna a Metoda. N\u00e1sledne bude sviatok M.J.Husa, ktor\u00fd je\u00a0aj \u0161t\u00e1tny sviatok v \u010cR, ale ktor\u00fd si pripomen\u00fa aj evanjelici u n\u00e1s.<\/p>\n\n\n\n<p>\u00a0Mo\u017eno poveda\u0165, \u017ee tak kon\u00e1me v zmysle apo\u0161tolsk\u00fdch slov a odkazu, ktor\u00fd sme dnes aj my vypo\u010duli: <em>\u201cSpom\u00ednajte na svojich vodcov, ktor\u00ed v\u00e1m zvestovali slovo Bo\u017eie. Pozorujte, ak\u00fd bol koniec ich obcovania a nasledujte ich vieru.\u201d<\/em><\/p>\n\n\n\n<p><em>\u00a0\u00a0 \u00a0 \u00a0 <\/em>Je to d\u00f4le\u017eit\u00fd odkaz pre Kristu cirkev:<em> \u201cSpom\u00ednajte na svojich vodcov\u2026\u201d!\u00a0<\/em> Pripom\u00ednajte si ich\u2026nezab\u00fadajte na nich! Nezab\u00fadajme ani my, \u017ee sme cirkvou, ktor\u00e1 vedome stoj\u00ed na <em>\u201capo\u0161tolskom z\u00e1klade viery\u201d, <\/em>ako to aj vyzn\u00e1vame v Nicejskom vyznan\u00ed o cirkvi. \u017de cirkev je<em> \u201djedna, sv\u00e4t\u00e1 a apo\u0161tolsk\u00e1\u201d. <\/em>Nicejsk\u00e9 vierovyznanie spolu s Apo\u0161tolsk\u00fdm vyznan\u00edm bolo od po\u010diatku z\u00e1kladom na ktorom st\u00e1la aj Lutherova reform\u00e1cia a na ktorom pevne a verne st\u00e1la a stoj\u00ed dodnes, ako to pripom\u00edna u\u017e prv\u00fd \u010dl\u00e1nok Augsbursk\u00e9ho vierovyznania.\u00a0<\/p>\n\n\n\n<p><strong>\u00a0 \u00a0 \u00a0 Pre\u010do si ich m\u00e1me pripom\u00edna\u0165? Pre\u010do spom\u00edna\u0165 na svojich duchovn\u00fdch vodcov?<\/strong> Iste nie preto, aby boli predmetom zbo\u017en\u00e9ho uctievania, ani nie preto, aby boli na\u0161imi pr\u00edmluvcami v nebesiach a vyprosovali n\u00e1m milos\u0165 u Boha. My evanjelici vieme, \u017ee m\u00e1me pred Bohom jedin\u00e9ho Pr\u00edmluvcu, Pr\u00edhovorcu a Obrancu, ktor\u00fd sa prihov\u00e1ra za n\u00e1s <em>\u201cvzdychan\u00edm nevyslovite\u013en\u00fdm\u201d.\u00a0<\/em><\/p>\n\n\n\n<p>\u00a0 \u00a0 Je zrejm\u00e9, \u017ee v tomto bode sa na\u0161a viera odli\u0161uje a je in\u00e1 ako viera v r\u00edmsko-katol\u00edckej cirkvi a\u017e dodnes, kde je tento \u013eudsk\u00fd zvyk zakorenen\u00fd a pova\u017euje sa za spr\u00e1vny. Na t\u00fato ot\u00e1zku odpoved\u00e1me slovami n\u00e1\u0161ho Augsbursk\u00e9ho vierovyznania, ktor\u00e9 je zalo\u017een\u00e9 na slove P\u00edsma: \u201c<em>Sv\u00e4t\u00fdch si m\u00e1me pripom\u00edna\u0165 preto, aby sme nasledovali ich vieru a potom preto, aby sme si z ich konania v\u0161etci brali pr\u00edklad, ka\u017ed\u00fd vo svojom povolan\u00ed a postaven\u00ed.\u201d<\/em><\/p>\n\n\n\n<p><em>\u00a0 \u00a0 N\u00e1\u0161 text hovor\u00ed podobe: \u201cPozorujte, ak\u00fd bol koniec ich obcovania a napodob\u0148ujte ich vieru.<\/em> Ak by sme si pripomenuli iba za\u010diatok ich \u017eivota a konania, nevedeli by sme to hlavn\u00e9. Nevideli by sme, \u017ee maj\u00fa spolo\u010dn\u00e9 to, \u017ee boli sam\u00fdm Kristom P\u00e1nom povolan\u00ed a vo svojom konan\u00ed a vo viere obst\u00e1li len v\u010faka Jeho ve\u013ekej milosti. U\u010den\u00edk \u0160imon, syn Jon\u00e1\u0161ov, povedal s\u00edce ve\u013emi pr\u00e1vne vyznanie menom v\u0161etk\u00fdch ostatn\u00fdch u\u010den\u00edkov, ke\u010f pri Cezarei Filipovej vyznal: \u201c<em>Ty si Kristus, Syn Boha \u017eiv\u00e9ho\u201d. T<\/em>oto vyznanie je pevn\u00fdm a nepohnute\u013en\u00fdm vyznan\u00edm cirkvi a\u017e dodnes.Ale s\u00fa\u010dasne plat\u00ed P\u00e1novo slovo<em>: \u201cTelo a krv ti to nezjavili, ale m\u00f4j Otec, ktor\u00fd je v nebesiach\u201d. <\/em>U\u017e o kr\u00e1tky \u010das si musel \u0160imon Peter vypo\u010du\u0165 aj v\u00e1\u017ene napomenutie P\u00e1novo:<em> \u201cCho\u010f za m\u0148a satan, na pohor\u0161enie si mi\u2026\u201d, <\/em>ke\u010f odmietal Je\u017ei\u0161ovu cestu pon\u00ed\u017eenia, utrpenia a cestu kr\u00ed\u017ea. Nesk\u00f4r pri\u0161lo dokonca k trojn\u00e1sobn\u00e9mu zlyhaniu Petra, ke\u010f najsk\u00f4r dva kr\u00e1t zlyhal v Getsemanskej z\u00e1hrade &#8211; kde sa nemodlil s Je\u017ei\u0161om, ale spal spolu s ostatn\u00fdmi a potom tasil me\u010d na Je\u017ei\u0161ovu obranu. Napokon svojho Majstra tri kr\u00e1t zaprel na dvore ve\u013ek\u0148aza slovami: <em>\u201cNezn\u00e1m toho \u010dloveka\u201d.<\/em> Len v\u010faka P\u00e1novmu poh\u013eadu a milosti mohol zosta\u0165 medzi Jeho u\u010den\u00edkmi a sta\u0165 sa apo\u0161tolo<em>m.<\/em><\/p>\n\n\n\n<p><em>\u00a0\u00a0 <\/em>Apo\u0161tol Pavel, bol vzdelan\u00fd farizej, ktor\u00fd sa vyu\u010dil pri noh\u00e1ch Gamalielov\u00fdch a vieme z jeho vlastn\u00fdch svedectiev, \u017ee horlivo prenasledoval cirkev Kristovu a jej \u00fadov. Op\u00e4\u0165 len z Kristovej milosti sa stal zo z\u00farivca Sula kres\u0165an Pavel, po jeho obr\u00e1ten\u00ed pri Dama\u0161ku.<\/p>\n\n\n\n<p>&nbsp;&nbsp; &nbsp; Ke\u010f v\u0161ak potom sledujeme, ak\u00fd bol koniec ich slu\u017eby a \u017eivota, m\u00f4\u017eeme pozna\u0165 a vyzna\u0165, \u017ee obaja boli vern\u00ed a\u017e do smrti, \u017ee prijali mu\u010den\u00edcku smr\u0165 v R\u00edme a dosiahli tak aj zas\u013e\u00faben\u00fd veniec v\u00ed\u0165azstva v nebesiach. To v\u0161ak neznamen\u00e1, \u017ee ich m\u00e1me vz\u00fdva\u0165, alebo sa k n\u00edm modli\u0165 a to plat\u00ed aj o v\u0161etk\u00fdch ostatn\u00fdch apo\u0161toloch a sv\u00e4t\u00fdch Bo\u017e\u00edch mu\u017eoch a \u017een\u00e1ch.&nbsp;<\/p>\n\n\n\n<p><em>\u00a0\u00a0 \u00a0 <\/em>Mo\u017eno niektor\u00ed kres\u0165ania pova\u017euj\u00fa n\u00e1\u0161 postoj a nasledovanie vo viere za nie\u010do nedostato\u010dn\u00e9 a \u201cm\u00e1lo zbo\u017en\u00e9\u201d, ak ich nevz\u00fdvame a k sv\u00e4t\u00fdm sa nemodl\u00edme. &#8211; <em>Spomeniem jednu osobn\u00fa pr\u00edhodu, kde sa tento rozdiel markantne prejavil. V Soboti\u0161ti sl\u00e1vili hasi\u010di storo\u010dnicu svojho zalo\u017eenia na oslavu pozval veli\u0165 hasi\u010dov, r\u00edm.katol\u00edk aj m\u0148a a tamoj\u0161ieho r\u00edm.kat duchovn\u00e9ho. Bolo pre m\u0148a prekvapen\u00edm, ke\u010f p\u00e1n velite\u013e na sl\u00e1vnosti ozn\u00e1mil, \u017ee sa im k tomuto v\u00fdro\u010diu podarilo zadov\u00e1\u017ei\u0165 so\u0161ku sv.\u00a0Flori\u00e1na, patr\u00f3na hasi\u010dov a po\u017eiadal ma o jej posv\u00e4tenie. &#8211; Bola to dos\u0165 ch\u00falostiv\u00e1 situ\u00e1cia\u2026Povedal som pr\u00edhovor hasi\u010dom s ocenen\u00edm ich pr\u00e1ce a slu\u017eby, s poukazom na odkaz ich kr\u00e1snej z\u00e1stavy, ktor\u00fa nosili pri sl\u00e1vnostiach a na\u00a0 pohreboch svojich \u010dlenov s poukazom na to, \u017ee t\u00e1to bola u\u017e vlastne posv\u00e4ten\u00e1 slovom Bo\u017e\u00edm a modlitbou. Po pr\u00edhovore som o posv\u00e4tenie sv. Flori\u00e1nka po\u017eiadal pr\u00edtomn\u00e9ho r\u00edm.kat. far\u00e1ra. Neviem, ako by som sa bol z toho \u201cdostal\u201d, keby tam nebol pr\u00edtomn\u00fd. V\u0161etko napokon dobre dopadlo v zmysle pr\u00edslovia: vlk bol s\u00fdty i ovca zostala cel\u00e1\u2026<\/em><\/p>\n\n\n\n<p><em>&nbsp;&nbsp; &nbsp; Bratia a sestry!<\/em><\/p>\n\n\n\n<p><em>\u00a0\u00a0 <\/em>Je d\u00f4le\u017eit\u00e9 v\u0161imn\u00fa\u0165 si aj slovo <em>\u201c<\/em><strong><em>vodcovia\u201d<\/em><\/strong>, spomenut\u00e9 v na\u0161om texte. Ur\u010dite nie je spr\u00e1vne spom\u00edna\u0165 a najm\u00e4 nasledova\u0165 tak\u00fdch vodcov, ktor\u00ed nielen \u017ee nest\u00e1li na apo\u0161tolskom a prorockom z\u00e1klade cirkvi, ale \u010dasto st\u00e1li priamo proti Kristovi a Jeho slovu. Je tragick\u00fdm omylom, ak \u013eudia nielen spom\u00ednaj\u00fa, ale aj nasleduj\u00fa v\u0161elijak\u00fdch nehum\u00e1nnych \u013eudsk\u00fdch vodcov. Ak t\u00fdm najhor\u0161\u00edm veria viac, ako P\u00e1novi Je\u017ei\u0161ovi Kristovi. Ak si neuvedomuj\u00fa, \u017ee tak\u00fdto \u201c<em>vodcovia\u201d<\/em> &#8211;\u00a0 \u010di u\u017e n\u00e1rodn\u00ed, soci\u00e1lni, ideologick\u00ed, boli a pr\u00edpadne aj s\u00fa sk\u00f4r\u00a0<em> zvodcovia. <\/em>Na ilustr\u00e1ciu spome\u0148me vzdelan\u00fd nemeck\u00fd n\u00e1rod, ktor\u00fd si na vysok\u00fd piedest\u00e1l postavil<em> \u201cvodcu n\u00e1roda n\u00e1rodn\u00e9ho socializmu\u201d <\/em>&#8211; nacizmu: &#8211; F\u00fchrera Adolfa Hitlera a \u201cpozorujme\u201d, ak\u00fd bol nielen jeho koniec, ale aj t\u00fdch, \u010do mu slepo uverili. Nie inak to skon\u010dilo s talianskym vodcom &#8211; du\u010dem Musollinim. <em>\u00a0<\/em> \u00a0<\/p>\n\n\n\n<p>&nbsp;&nbsp; \u010co poveda\u0165 o vodcoch <em>\u201csvetov\u00e9ho proletari\u00e1tu\u201d <\/em>a vodcoch \u201cokt\u00f3brovej\u201d revol\u00facie? O nich si mnoh\u00ed dodnes myslia, \u017ee ich idey a \u010diny treba nasledova\u0165 a oslavova\u0165. Pr\u00e1ve tak mnoh\u00ed Slov\u00e1ci pova\u017euj\u00fa za svojich ve\u013ek\u00fdch vodcov Andreja Hlinku a Jozefa Tisu. T\u00edto s\u00edce&nbsp; \u201czvestovali slovo Bo\u017eie\u201d, ale v skuto\u010dnosti viac posl\u00fachali \u013eud\u00ed ako Je\u017ei\u0161a Krista.&nbsp;<\/p>\n\n\n\n<p><em>&nbsp;&nbsp; &nbsp; <\/em>My evanjelici na Slovensku m\u00e1me a pozn\u00e1me cel\u00fd <em>\u201coblak svedkov\u201d, <\/em>ktor\u00ed sa nespreneverili ani P\u00e1novi Je\u017ei\u0161ovi, ani svojmu n\u00e1rodu. Dlho by trvalo, ak by sme ich mali dnes \u010do len menom spomen\u00fa\u0165: \u010di u\u017e to bol J.M.Hurban, \u013d.\u0160t\u00far a cel\u00e9 \u0161t\u00farovsk\u00e1 omladina, J\u00e1n Kol\u00e1r, Karol Kuzm\u00e1ny a mnoh\u00ed in\u00ed.<\/p>\n\n\n\n<p><em>\u00a0 \u00a0 \u00a0 <\/em>Samozrejme, nem\u00f4\u017eeme zabudn\u00fa\u0165 ani na prv\u00e9 gener\u00e1cie reforma\u010dn\u00fdch k\u0148azov a u\u010dite\u013eov, ktor\u00ed sa dok\u00e1zali vern\u00ed Je\u017ei\u0161ovi a\u017e po<em> \u201c\u010des\u0165, hrdlo a majetok\u201d.<\/em> Boli to napr\u00edklad D.Krman star\u0161\u00ed i mlad\u0161\u00ed a mnoh\u00ed z ich gener\u00e1cie.\u00a0<\/p>\n\n\n\n<p>&nbsp; &nbsp; V tomto roku je 300.v\u00fdro\u010die smrti k\u0148aza, ktor\u00fd br\u00e1nil kostol v Soboti\u0161ti a bol za to ods\u00faden\u00fd na smr\u0165 &#8211;&nbsp; myjavsk\u00e9ho rod\u00e1ka &#8211; far\u00e1ra na Vrbovciach, v Soboti\u0161ti, na Myjave a v Senici &#8211;<strong> J\u00e1na Str\u00e1nskeho.<\/strong> Tento zomrel na Ko\u0161arisk\u00e1ch, ke\u010f cel\u00e9 roky tajne po kopaniciach zvestoval slovo Bo\u017eie. Tak\u00fdm bol nesk\u00f4r aj jeho syn Daniel, ktor\u00fd p\u00f4sobil v \u010cech\u00e1ch a na Morave a potom v Kremnici. Tak\u00fdch a podobn\u00fdch svedkov a vodcov n\u00e1jdeme iste v ka\u017edom na\u0161om cirkevnom zbore &#8211; hoci mnoh\u00ed s\u00fa a zostan\u00fa u\u017e \u201cbezmenn\u00ed\u201d. Je tu v\u0161ak \u010das, aby sme sa sna\u017eil ich slu\u017ebu spozna\u0165 a tak aj nasledova\u0165 ich vieru a vernos\u0165.<\/p>\n\n\n\n<p><em>\u00a0\u00a0 Osobne som smutn\u00fd z toho, \u017ee v na\u0161om senior\u00e1te ochabla snaha ucti\u0165 si na\u0161ich mart\u00fdrov z bratislavsk\u00fdch s\u00fadov z roku 1673\/ 1674. Je to pr\u00e1ve v roku 350. v\u00fdro\u010dia smutn\u00e9ho krvav\u00e9ho prenasledovanie na\u0161ej cirkvi, z ktor\u00e9ho sa a\u017e dodnes nespam\u00e4tala. Ich pamiatku, najm\u00e4 galejn\u00edkov &#8211; predan\u00fdch za 50 zlat\u00fdch a vojskom odtransportovan\u00fdch na galeje sme si s hrdos\u0165ou pripom\u00ednali na slu\u017eb\u00e1ch Bo\u017e\u00edch na hrade Bran\u010d, pri i tamoj\u0161om pomn\u00edku, ako jednom z miest, kde je mo\u017en\u00e9 dnes naplno si spr\u00edtomni\u0165 ich utrpenie a st\u00e1los\u0165 vo viere. Nie je to mo\u017en\u00e9 v Leopoldove, v Kom\u00e1rne a na in\u00fdch miestach ich v\u00e4znenia, alebo p\u00f4sobenia a smrti v emigr\u00e1cii, v zahrani\u010d\u00ed, kam odi\u0161li, ako napr\u00edklad \u0160tefan Pil\u00e1rik.<\/em><\/p>\n\n\n\n<p><em>\u00a0\u00a0 \u00a0 Dnes sa evanjelici stret\u00e1vaj\u00fa na slu\u017eb\u00e1ch \u201cv pr\u00edrode\u201d, na in\u00fdch miestach a p\u00fdtaj\u00fa sa: A \u010do je to ten Bran\u010d?\u00a0 Poz\u00fdvaj\u00fa ml\u00e1de\u017e na stretnutia, kde je hlavn\u00fdm bodom atrakcia v podobe sk\u00e1kacieho gumen\u00e9ho hradu &#8211; ale nie je hrad, ako hrad.<\/em><\/p>\n\n\n\n<p>&nbsp;&nbsp; Mil\u00ed bratia&nbsp; a sestry!<\/p>\n\n\n\n<p>&nbsp;&nbsp; Z\u00e1verom si pripome\u0148me to najd\u00f4le\u017eitej\u0161ie svedectvo apo\u0161tolsk\u00e9ho slova a v\u00fdzvy. <strong><em>\u201cJe\u017ei\u0161 Kristus &#8211; ten ist\u00fd v\u010dera, dnes i naveky!\u201d<\/em><\/strong> P\u00e1n Je\u017ei\u0161 je a ost\u00e1va tou skuto\u010dnou skalou cirkvi, na ktorej m\u00e1me st\u00e1\u0165 a na ktorej m\u00f4\u017eeme aj obst\u00e1\u0165 v ka\u017edom \u010dase.&nbsp;<\/p>\n\n\n\n<p>On pri\u0161iel na svet a zvestoval: <em>\u201dPok\u00e1nie \u010di\u0148te a verte v evanjelium\u201d<\/em>. On vyt\u00fd\u010dil program svojej cirkvi hl\u00e1sa\u0165 evanjelium. On je iste: \u201c<em>Cesta, pravda a \u017eivot\u201d. <\/em>&#8211; M\u00fdlia sa t\u00ed, ktor\u00e1 hovoria. \u017ee cirkev stoj\u00ed na Petrovi, ktor\u00e9mu P\u00e1n povedal: <em>\u201cUrob\u00edm \u0165a ryb\u00e1rom \u013eud\u00ed\u201d&nbsp; <\/em>a potom: <em>\u201cA ty si Peter &#8211; skala a tej skale vystav\u00edm si cirkev, ktor\u00fa br\u00e1ny pekla neprem\u00f4\u017eu\u201d. <\/em><strong>Samotn\u00fd Peter bol a je ve\u013ek\u00fd v tom, \u017ee s\u00e1m st\u00e1l na pravom z\u00e1kladnom kameni viery a cirkvi, ktor\u00fdm je<em> \u201cKristus, v\u010dera, dnes i naveky ten ist\u00fd\u201d.&nbsp;<\/em><\/strong> Vo svojom prvom liste nap\u00edsal Peter v\u00fdzvu a odkaz svojej slu\u017eby:&nbsp;<\/p>\n\n\n\n<p><strong>&nbsp; <em>&nbsp;<\/em><\/strong><em> \u201cPristupujte k Nemu, \u013eu\u010fmi zavrhnut\u00e9mu, ale Bohom vyvolen\u00e9mu a vz\u00e1cnemu, a aj vy sami ako \u017eiv\u00e9 kamene, budujte sa na duchovn\u00fd dom, sv\u00e4t\u00e9 k\u0148azstvo, aby ste prin\u00e1\u0161ali duchovn\u00e9 obete, pr\u00edjemn\u00e9 Bohu skrze Je\u017ei\u0161a Krista. Ve\u010f stoj\u00ed v P\u00edsme: Ajh\u013ea, kladiem na Sione uholn\u00fd kame\u0148, vyvolen\u00fd, vz\u00e1cny, a kto ver\u00ed v Neho, nebude zahanben\u00fd. \u201c (1 Pt 2, 4 &#8211; 6)<\/em><\/p>\n\n\n\n<p>&nbsp;&nbsp; &nbsp; Nech n\u00e1m v\u0161etk\u00fdm Bo\u017eia milos\u0165 k tomu pom\u00e1ha a zachov\u00e1 n\u00e1s pre \u017eivot ve\u010dn\u00fd. Amen<\/p>\n\n\n\n<p>5.nede\u013ea po Sv.Trojici a sviatok apo\u0161tolov &#8211; Skalica 2024&nbsp; &#8211;&nbsp; Mgr. \u013dubom\u00edr Batka st.<\/p>\n","protected":false},"excerpt":{"rendered":"<p>&nbsp; &nbsp; &nbsp; &nbsp; Spom\u00ednajme na svojich vodcov a stojme na z\u00e1kladnom kameni cirkvi Bo\u017ee, pravda Tvoja m\u00e1 v\u017edy svedkov hojne, \u010do \u0164a vyzn\u00e1vaj\u00fa verne &#8211; bohabojne\u2026 \u00d3, u\u010d i n\u00e1s v pravde st\u00e1\u0165 a nies\u0165 evanjelium v\u010fa\u010dne ku spaseniu du\u0161\u00ed.&nbsp; Amen (M.R.) \u017dd 13, 7 &#8211; 8: &nbsp; &nbsp; &nbsp; \u201cSpom\u00ednajte na svojich vodcov,ktor\u00ed &#8230; <a title=\"Spom\u00ednajme na svojich vodcov a stojme na z\u00e1kladnom kameni cirkvi\" class=\"read-more\" href=\"https:\/\/www.e-anjelik.sk\/index.php\/2024\/07\/06\/spominajme-na-svojich-vodcov-a-stojme-na-zakladnom-kameni-cirkvi\/\" aria-label=\"Pre\u010d\u00edtajte si viac o Spom\u00ednajme na svojich vodcov a stojme na z\u00e1kladnom kameni cirkvi\">\u010c\u00edta\u0165 viac<\/a><\/p>\n","protected":false},"author":4,"featured_media":0,"comment_status":"open","ping_status":"open","sticky":false,"template":"","format":"standard","meta":{"footnotes":""},"categories":[572,22,386,121,566,7,95],"tags":[],"class_list":["post-37030","post","type-post","status-publish","format-standard","hentry","category-5-nedela-po-sv-trojici","category-evanjelicka-identita","category-historicke-okienko","category-kazne","category-petra-a-pavla","category-skalica","category-sobotiste"],"_links":{"self":[{"href":"https:\/\/www.e-anjelik.sk\/index.php\/wp-json\/wp\/v2\/posts\/37030","targetHints":{"allow":["GET"]}}],"collection":[{"href":"https:\/\/www.e-anjelik.sk\/index.php\/wp-json\/wp\/v2\/posts"}],"about":[{"href":"https:\/\/www.e-anjelik.sk\/index.php\/wp-json\/wp\/v2\/types\/post"}],"author":[{"embeddable":true,"href":"https:\/\/www.e-anjelik.sk\/index.php\/wp-json\/wp\/v2\/users\/4"}],"replies":[{"embeddable":true,"href":"https:\/\/www.e-anjelik.sk\/index.php\/wp-json\/wp\/v2\/comments?post=37030"}],"version-history":[{"count":3,"href":"https:\/\/www.e-anjelik.sk\/index.php\/wp-json\/wp\/v2\/posts\/37030\/revisions"}],"predecessor-version":[{"id":37035,"href":"https:\/\/www.e-anjelik.sk\/index.php\/wp-json\/wp\/v2\/posts\/37030\/revisions\/37035"}],"wp:attachment":[{"href":"https:\/\/www.e-anjelik.sk\/index.php\/wp-json\/wp\/v2\/media?parent=37030"}],"wp:term":[{"taxonomy":"category","embeddable":true,"href":"https:\/\/www.e-anjelik.sk\/index.php\/wp-json\/wp\/v2\/categories?post=37030"},{"taxonomy":"post_tag","embeddable":true,"href":"https:\/\/www.e-anjelik.sk\/index.php\/wp-json\/wp\/v2\/tags?post=37030"}],"curies":[{"name":"wp","href":"https:\/\/api.w.org\/{rel}","templated":true}]}}