{"id":3704,"date":"2011-07-28T06:34:50","date_gmt":"2011-07-28T06:34:50","guid":{"rendered":"http:\/\/e-anjelik.sk\/?p=3704"},"modified":"2011-07-28T06:34:50","modified_gmt":"2011-07-28T06:34:50","slug":"bombou-bol-poskodeny-aj-svedsky-chram-v-oslo","status":"publish","type":"post","link":"https:\/\/www.e-anjelik.sk\/index.php\/2011\/07\/28\/bombou-bol-poskodeny-aj-svedsky-chram-v-oslo\/","title":{"rendered":"Bombou bol po\u0161koden\u00fd aj \u0160v\u00e9dsky chr\u00e1m v Oslo"},"content":{"rendered":"<p>Bombov&yacute;m v&yacute;buchom teroristu Breivika bol po&scaron;koden&yacute; aj &Scaron;v&eacute;dsky chr&aacute;m sv. Margarety v Oslo. Na chr&aacute;me boli po&scaron;koden&eacute; 4 okn&aacute; a jedny dvere orientovan&eacute; k vl&aacute;dnym budov&aacute;m. Far&aacute;r cirkevn&eacute;ho zboru Erland Soederstroem bol v \u010dase v&yacute;buchu na dovolenke vo &Scaron;v&eacute;dsku. Teraz sa vr&aacute;til, aby bol na pomoci pr&iacute;padn&yacute;m obetiam.V s&uacute;\u010dasnosti \u017eije v hlavnom meste N&oacute;rska do 50 tis&iacute;c &Scaron;v&eacute;dov.<\/p>\n<p>(<a href=\"http:\/\/www.svenskakyrkan.se\">www.svenskakyrkan.se<\/a>)<\/p>\n","protected":false},"excerpt":{"rendered":"<p>Bombov&yacute;m v&yacute;buchom teroristu Breivika bol po&scaron;koden&yacute; aj &Scaron;v&eacute;dsky chr&aacute;m sv. Margarety v Oslo. Na chr&aacute;me boli po&scaron;koden&eacute; 4 okn&aacute; a jedny dvere orientovan&eacute; k vl&aacute;dnym budov&aacute;m. Far&aacute;r cirkevn&eacute;ho zboru Erland Soederstroem bol v \u010dase v&yacute;buchu na dovolenke vo &Scaron;v&eacute;dsku. Teraz sa vr&aacute;til, aby bol na pomoci pr&iacute;padn&yacute;m obetiam.V s&uacute;\u010dasnosti \u017eije v hlavnom meste N&oacute;rska do &#8230; <a title=\"Bombou bol po\u0161koden\u00fd aj \u0160v\u00e9dsky chr\u00e1m v Oslo\" class=\"read-more\" href=\"https:\/\/www.e-anjelik.sk\/index.php\/2011\/07\/28\/bombou-bol-poskodeny-aj-svedsky-chram-v-oslo\/\" aria-label=\"Pre\u010d\u00edtajte si viac o Bombou bol po\u0161koden\u00fd aj \u0160v\u00e9dsky chr\u00e1m v Oslo\">\u010c\u00edta\u0165 viac<\/a><\/p>\n","protected":false},"author":22,"featured_media":0,"comment_status":"open","ping_status":"open","sticky":false,"template":"","format":"standard","meta":{"footnotes":""},"categories":[42,10],"tags":[],"class_list":["post-3704","post","type-post","status-publish","format-standard","hentry","category-skandinavia","category-zo-sveta"],"_links":{"self":[{"href":"https:\/\/www.e-anjelik.sk\/index.php\/wp-json\/wp\/v2\/posts\/3704","targetHints":{"allow":["GET"]}}],"collection":[{"href":"https:\/\/www.e-anjelik.sk\/index.php\/wp-json\/wp\/v2\/posts"}],"about":[{"href":"https:\/\/www.e-anjelik.sk\/index.php\/wp-json\/wp\/v2\/types\/post"}],"author":[{"embeddable":true,"href":"https:\/\/www.e-anjelik.sk\/index.php\/wp-json\/wp\/v2\/users\/22"}],"replies":[{"embeddable":true,"href":"https:\/\/www.e-anjelik.sk\/index.php\/wp-json\/wp\/v2\/comments?post=3704"}],"version-history":[{"count":0,"href":"https:\/\/www.e-anjelik.sk\/index.php\/wp-json\/wp\/v2\/posts\/3704\/revisions"}],"wp:attachment":[{"href":"https:\/\/www.e-anjelik.sk\/index.php\/wp-json\/wp\/v2\/media?parent=3704"}],"wp:term":[{"taxonomy":"category","embeddable":true,"href":"https:\/\/www.e-anjelik.sk\/index.php\/wp-json\/wp\/v2\/categories?post=3704"},{"taxonomy":"post_tag","embeddable":true,"href":"https:\/\/www.e-anjelik.sk\/index.php\/wp-json\/wp\/v2\/tags?post=3704"}],"curies":[{"name":"wp","href":"https:\/\/api.w.org\/{rel}","templated":true}]}}