{"id":3706,"date":"2011-07-28T07:29:58","date_gmt":"2011-07-28T07:29:58","guid":{"rendered":"http:\/\/e-anjelik.sk\/?p=3706"},"modified":"2011-07-28T07:29:58","modified_gmt":"2011-07-28T07:29:58","slug":"posvatili-medzinarodnu-vysoku-skolu-liebenzell","status":"publish","type":"post","link":"https:\/\/www.e-anjelik.sk\/index.php\/2011\/07\/28\/posvatili-medzinarodnu-vysoku-skolu-liebenzell\/","title":{"rendered":"Posv\u00e4tili Medzin\u00e1rodn\u00fa vysok\u00fa \u0161kolu Liebenzell"},"content":{"rendered":"<p>22. j&uacute;la 2011 sa v Bad Liebenzell, Nemecko konala posviacka Medzin&aacute;rodnej vysokej &scaron;koly Liebenzell. &quot;&Scaron;kola bude vedome nasaden&aacute; do slu\u017eby Bohu&quot;, povedal far&aacute;r Detlef Krause, riadite\u013e Liebenzellskej misie, ktor&aacute; je zria\u010fovate\u013ekou &scaron;koly. Vych&aacute;dza z doteraj&scaron;ieho teologick&eacute;ho semin&aacute;ra a za\u010d&iacute;na pracova\u0165 1. septembra t.r. V janu&aacute;ri t.r. jej Vedeck&aacute; rada Spolkovej republiky Nemecka priznala &scaron;tat&uacute;t vysokej &scaron;koly. &Scaron;kola poskytuje &scaron;t&aacute;tom uznan&eacute; z&aacute;vere\u010dn&eacute; sk&uacute;&scaron;ky v &scaron;tyroch &scaron;tudijn&yacute;ch cykloch. Bakal&aacute;rsky v teol&oacute;gii a zborovej pedagogike a magistersk&yacute; v teol&oacute;gii .Jedine\u010dn&yacute; v Nemecku je cyklus teol&oacute;gia\/soci&aacute;lna pr&aacute;ca v interkult&uacute;rnom kontexte .Je o\u0148 ve\u013ek&yacute; z&aacute;ujem,doteraz sa na\u0148 prihl&aacute;silo 33 &scaron;tudentov. Pod\u013ea s&uacute;\u010dasn&eacute;ho stavu je celkovo doteraz prihl&aacute;sen&yacute;ch 96 &scaron;tudentov.<\/p>\n<p>(<a href=\"http:\/\/www.idea.de\">www.idea.de<\/a>)<\/p>\n","protected":false},"excerpt":{"rendered":"<p>22. j&uacute;la 2011 sa v Bad Liebenzell, Nemecko konala posviacka Medzin&aacute;rodnej vysokej &scaron;koly Liebenzell. &quot;&Scaron;kola bude vedome nasaden&aacute; do slu\u017eby Bohu&quot;, povedal far&aacute;r Detlef Krause, riadite\u013e Liebenzellskej misie, ktor&aacute; je zria\u010fovate\u013ekou &scaron;koly. Vych&aacute;dza z doteraj&scaron;ieho teologick&eacute;ho semin&aacute;ra a za\u010d&iacute;na pracova\u0165 1. septembra t.r. V janu&aacute;ri t.r. jej Vedeck&aacute; rada Spolkovej republiky Nemecka priznala &scaron;tat&uacute;t vysokej &#8230; <a title=\"Posv\u00e4tili Medzin\u00e1rodn\u00fa vysok\u00fa \u0161kolu Liebenzell\" class=\"read-more\" href=\"https:\/\/www.e-anjelik.sk\/index.php\/2011\/07\/28\/posvatili-medzinarodnu-vysoku-skolu-liebenzell\/\" aria-label=\"Pre\u010d\u00edtajte si viac o Posv\u00e4tili Medzin\u00e1rodn\u00fa vysok\u00fa \u0161kolu Liebenzell\">\u010c\u00edta\u0165 viac<\/a><\/p>\n","protected":false},"author":22,"featured_media":0,"comment_status":"open","ping_status":"open","sticky":false,"template":"","format":"standard","meta":{"footnotes":""},"categories":[1],"tags":[201],"class_list":["post-3706","post","type-post","status-publish","format-standard","hentry","category-adventna-modlitba","tag-skoly"],"_links":{"self":[{"href":"https:\/\/www.e-anjelik.sk\/index.php\/wp-json\/wp\/v2\/posts\/3706","targetHints":{"allow":["GET"]}}],"collection":[{"href":"https:\/\/www.e-anjelik.sk\/index.php\/wp-json\/wp\/v2\/posts"}],"about":[{"href":"https:\/\/www.e-anjelik.sk\/index.php\/wp-json\/wp\/v2\/types\/post"}],"author":[{"embeddable":true,"href":"https:\/\/www.e-anjelik.sk\/index.php\/wp-json\/wp\/v2\/users\/22"}],"replies":[{"embeddable":true,"href":"https:\/\/www.e-anjelik.sk\/index.php\/wp-json\/wp\/v2\/comments?post=3706"}],"version-history":[{"count":0,"href":"https:\/\/www.e-anjelik.sk\/index.php\/wp-json\/wp\/v2\/posts\/3706\/revisions"}],"wp:attachment":[{"href":"https:\/\/www.e-anjelik.sk\/index.php\/wp-json\/wp\/v2\/media?parent=3706"}],"wp:term":[{"taxonomy":"category","embeddable":true,"href":"https:\/\/www.e-anjelik.sk\/index.php\/wp-json\/wp\/v2\/categories?post=3706"},{"taxonomy":"post_tag","embeddable":true,"href":"https:\/\/www.e-anjelik.sk\/index.php\/wp-json\/wp\/v2\/tags?post=3706"}],"curies":[{"name":"wp","href":"https:\/\/api.w.org\/{rel}","templated":true}]}}