{"id":3717,"date":"2011-08-02T08:31:45","date_gmt":"2011-08-02T08:31:45","guid":{"rendered":"http:\/\/e-anjelik.sk\/?p=3717"},"modified":"2011-08-02T08:31:45","modified_gmt":"2011-08-02T08:31:45","slug":"lekcia-c-3-jezisu","status":"publish","type":"post","link":"https:\/\/www.e-anjelik.sk\/index.php\/2011\/08\/02\/lekcia-c-3-jezisu\/","title":{"rendered":"LEKCIA \u010d. 3 &#8211; JE\u017dI\u0160U"},"content":{"rendered":"<p>&nbsp;<strong>&nbsp; &nbsp;Lekcia \u010d. 3:&#8230; &nbsp;Je\u017ei&scaron;u<\/strong><\/p>\n<p>Po zvl&aacute;dnutom &uacute;vode, pokro\u010dilej&scaron;&iacute; m&ocirc;\u017eu &iacute;s\u0165 \u010falej: Tak, Pane &#8211; je ve\u013emi &nbsp;vhodn&eacute; skonkretizova\u0165 menom. Ide v&scaron;ak &nbsp;nielen o meno, ale aj o jeho spr&aacute;vny tvar. T&yacute;m d&aacute;vame najavo, kto oslovuje. Ten, kto m&aacute; toho osloven&eacute;ho vo vrecku.<\/p>\n<p>&nbsp;&nbsp; Najspr&aacute;vnej&scaron;&iacute; a najpo\u017eehnanen&scaron;&iacute; tvar je: Je\u017ei&scaron;u!<\/p>\n<p>&nbsp;&nbsp;Tak, ako sa luter&aacute;ni odde\u013euj&uacute; od det&iacute; tohoto sveta a nehovoria: Modl&iacute;me sa k P&aacute;novi &nbsp;Bohovi &#8211; ale k P&aacute;nu Bohu, my ideme &nbsp;kus \u010falej a hovor&iacute;me: &nbsp;Je\u017ei&scaron;u. Je to pod\u013ea vzoru&#8230;vzoru&uacute;&uacute; : Moj\u017ei&scaron;u!<\/p>\n<p>Ak chceme \u010falej pr&iacute;s\u0165, hovorme nie Je\u017ei&scaron;i, ( Jezu drah&yacute;- iba v pies\u0148ach a b&aacute;s\u0148ach) &#8211; &nbsp;ale pekne po na&scaron;om: Je\u017ei&scaron;u!<\/p>\n<p>&nbsp;<\/p>\n<p>&nbsp;&nbsp; &nbsp; &nbsp; &nbsp; &nbsp; &nbsp; &nbsp; &nbsp; &nbsp; &nbsp; &nbsp;PS. Zlo\u017eenku priklad&aacute;me. \u010c&iacute;slo &uacute;\u010dtu pozn&aacute;te. Kurz je zdarma, ale desiatky s&uacute; v&iacute;tan&eacute;. &nbsp; &nbsp; &nbsp;<\/p>\n","protected":false},"excerpt":{"rendered":"<p>&nbsp;&nbsp; &nbsp;Lekcia \u010d. 3:&#8230; &nbsp;Je\u017ei&scaron;u Po zvl&aacute;dnutom &uacute;vode, pokro\u010dilej&scaron;&iacute; m&ocirc;\u017eu &iacute;s\u0165 \u010falej: Tak, Pane &#8211; je ve\u013emi &nbsp;vhodn&eacute; skonkretizova\u0165 menom. Ide v&scaron;ak &nbsp;nielen o meno, ale aj o jeho spr&aacute;vny tvar. T&yacute;m d&aacute;vame najavo, kto oslovuje. Ten, kto m&aacute; toho osloven&eacute;ho vo vrecku. &nbsp;&nbsp; Najspr&aacute;vnej&scaron;&iacute; a najpo\u017eehnanen&scaron;&iacute; tvar je: Je\u017ei&scaron;u! &nbsp;&nbsp;Tak, ako sa luter&aacute;ni odde\u013euj&uacute; &#8230; <a title=\"LEKCIA \u010d. 3 &#8211; JE\u017dI\u0160U\" class=\"read-more\" href=\"https:\/\/www.e-anjelik.sk\/index.php\/2011\/08\/02\/lekcia-c-3-jezisu\/\" aria-label=\"Pre\u010d\u00edtajte si viac o LEKCIA \u010d. 3 &#8211; JE\u017dI\u0160U\">\u010c\u00edta\u0165 viac<\/a><\/p>\n","protected":false},"author":8,"featured_media":0,"comment_status":"open","ping_status":"open","sticky":false,"template":"","format":"standard","meta":{"footnotes":""},"categories":[1],"tags":[329],"class_list":["post-3717","post","type-post","status-publish","format-standard","hentry","category-adventna-modlitba","tag-skolenie"],"_links":{"self":[{"href":"https:\/\/www.e-anjelik.sk\/index.php\/wp-json\/wp\/v2\/posts\/3717","targetHints":{"allow":["GET"]}}],"collection":[{"href":"https:\/\/www.e-anjelik.sk\/index.php\/wp-json\/wp\/v2\/posts"}],"about":[{"href":"https:\/\/www.e-anjelik.sk\/index.php\/wp-json\/wp\/v2\/types\/post"}],"author":[{"embeddable":true,"href":"https:\/\/www.e-anjelik.sk\/index.php\/wp-json\/wp\/v2\/users\/8"}],"replies":[{"embeddable":true,"href":"https:\/\/www.e-anjelik.sk\/index.php\/wp-json\/wp\/v2\/comments?post=3717"}],"version-history":[{"count":0,"href":"https:\/\/www.e-anjelik.sk\/index.php\/wp-json\/wp\/v2\/posts\/3717\/revisions"}],"wp:attachment":[{"href":"https:\/\/www.e-anjelik.sk\/index.php\/wp-json\/wp\/v2\/media?parent=3717"}],"wp:term":[{"taxonomy":"category","embeddable":true,"href":"https:\/\/www.e-anjelik.sk\/index.php\/wp-json\/wp\/v2\/categories?post=3717"},{"taxonomy":"post_tag","embeddable":true,"href":"https:\/\/www.e-anjelik.sk\/index.php\/wp-json\/wp\/v2\/tags?post=3717"}],"curies":[{"name":"wp","href":"https:\/\/api.w.org\/{rel}","templated":true}]}}