{"id":3720,"date":"2011-08-02T09:20:24","date_gmt":"2011-08-02T09:20:24","guid":{"rendered":"http:\/\/e-anjelik.sk\/?p=3720"},"modified":"2011-08-02T09:20:24","modified_gmt":"2011-08-02T09:20:24","slug":"evanjelicka-misia-pri-balatone","status":"publish","type":"post","link":"https:\/\/www.e-anjelik.sk\/index.php\/2011\/08\/02\/evanjelicka-misia-pri-balatone\/","title":{"rendered":"Evanjelick\u00e1 misia pri Balatone"},"content":{"rendered":"<p>Od 26. j&uacute;la 2011 sa v meste Balatonbogl&aacute;r pri Balatone konal t&yacute;\u017ede\u0148 evanjelickej pl&aacute;\u017eovej misie. Misijn&uacute; skupinu tvoril ved&uacute;ci &#8211; far&aacute;r Cz&ouml;nd&ouml;r Istv&aacute;n a pom&aacute;hali mu &scaron;tyria &scaron;tudenti teol&oacute;gie. Z&aacute;ujem o podujatia bol zna\u010dn&yacute;. Denne sa o duchovn&eacute; veci zauj&iacute;malo nieko\u013eko tuctov \u013eud&iacute;.Celkovo pri&scaron;lo na rozhovory po\u010das cel&eacute;ho t&yacute;\u017ed\u0148a dovedna do 150 os&ocirc;b, tak\u017ee organiz&aacute;tori sa rozhodli, \u017ee na bud&uacute;ci rok bud&uacute; v pr&aacute;ci pokra\u010dova\u0165, ale u\u017e dlh&scaron;ie. Podporu maj&uacute; aj od miestnej samospr&aacute;vy.<\/p>\n<p>(<a href=\"http:\/\/www.evangelikus.hu\">www.evangelikus.hu<\/a>)<\/p>\n","protected":false},"excerpt":{"rendered":"<p>Od 26. j&uacute;la 2011 sa v meste Balatonbogl&aacute;r pri Balatone konal t&yacute;\u017ede\u0148 evanjelickej pl&aacute;\u017eovej misie. Misijn&uacute; skupinu tvoril ved&uacute;ci &#8211; far&aacute;r Cz&ouml;nd&ouml;r Istv&aacute;n a pom&aacute;hali mu &scaron;tyria &scaron;tudenti teol&oacute;gie. Z&aacute;ujem o podujatia bol zna\u010dn&yacute;. Denne sa o duchovn&eacute; veci zauj&iacute;malo nieko\u013eko tuctov \u013eud&iacute;.Celkovo pri&scaron;lo na rozhovory po\u010das cel&eacute;ho t&yacute;\u017ed\u0148a dovedna do 150 os&ocirc;b, tak\u017ee organiz&aacute;tori &#8230; <a title=\"Evanjelick\u00e1 misia pri Balatone\" class=\"read-more\" href=\"https:\/\/www.e-anjelik.sk\/index.php\/2011\/08\/02\/evanjelicka-misia-pri-balatone\/\" aria-label=\"Pre\u010d\u00edtajte si viac o Evanjelick\u00e1 misia pri Balatone\">\u010c\u00edta\u0165 viac<\/a><\/p>\n","protected":false},"author":22,"featured_media":0,"comment_status":"open","ping_status":"open","sticky":false,"template":"","format":"standard","meta":{"footnotes":""},"categories":[9,10],"tags":[],"class_list":["post-3720","post","type-post","status-publish","format-standard","hentry","category-europa","category-zo-sveta"],"_links":{"self":[{"href":"https:\/\/www.e-anjelik.sk\/index.php\/wp-json\/wp\/v2\/posts\/3720","targetHints":{"allow":["GET"]}}],"collection":[{"href":"https:\/\/www.e-anjelik.sk\/index.php\/wp-json\/wp\/v2\/posts"}],"about":[{"href":"https:\/\/www.e-anjelik.sk\/index.php\/wp-json\/wp\/v2\/types\/post"}],"author":[{"embeddable":true,"href":"https:\/\/www.e-anjelik.sk\/index.php\/wp-json\/wp\/v2\/users\/22"}],"replies":[{"embeddable":true,"href":"https:\/\/www.e-anjelik.sk\/index.php\/wp-json\/wp\/v2\/comments?post=3720"}],"version-history":[{"count":0,"href":"https:\/\/www.e-anjelik.sk\/index.php\/wp-json\/wp\/v2\/posts\/3720\/revisions"}],"wp:attachment":[{"href":"https:\/\/www.e-anjelik.sk\/index.php\/wp-json\/wp\/v2\/media?parent=3720"}],"wp:term":[{"taxonomy":"category","embeddable":true,"href":"https:\/\/www.e-anjelik.sk\/index.php\/wp-json\/wp\/v2\/categories?post=3720"},{"taxonomy":"post_tag","embeddable":true,"href":"https:\/\/www.e-anjelik.sk\/index.php\/wp-json\/wp\/v2\/tags?post=3720"}],"curies":[{"name":"wp","href":"https:\/\/api.w.org\/{rel}","templated":true}]}}