{"id":3721,"date":"2011-08-02T11:18:59","date_gmt":"2011-08-02T11:18:59","guid":{"rendered":"http:\/\/e-anjelik.sk\/?p=3721"},"modified":"2011-08-02T11:18:59","modified_gmt":"2011-08-02T11:18:59","slug":"pozdravujeme-bozieho-sluzobnika-a-kruse-pri-jeho-zivotnom-jubileu","status":"publish","type":"post","link":"https:\/\/www.e-anjelik.sk\/index.php\/2011\/08\/02\/pozdravujeme-bozieho-sluzobnika-a-kruse-pri-jeho-zivotnom-jubileu\/","title":{"rendered":"Pozdravujeme Bo\u017eieho slu\u017eobn\u00edka A.Kruse pri jeho \u017eivotnom jubileu"},"content":{"rendered":"<p>Arcibiskup Evanjelicko-luter&aacute;nskej cirkvi Ruska a in&yacute;ch &scaron;t&aacute;tov August&nbsp;&nbsp; Kruse sa z Bo\u017eej milosti do\u017eil 27. j&uacute;la 2011 okr&uacute;hleho \u017eivotn&eacute;ho jubilea &#8211; 70 rokov. Pri tejto pr&iacute;le\u017eitosti mu prajeme hojnos\u0165 darov Ducha Sv&auml;t&eacute;ho v jeho pr&aacute;ci, siln&eacute; zdravie a Bo\u017eie po\u017eehnanie pri veden&iacute; lodi\u010dky Kristovej cirkvi. &quot;<strong>A tak, bratia moji milovan&iacute;, bu\u010fte pevn&iacute;, nekl&aacute;tiv&iacute;, rozhoj\u0148ujte sa st&aacute;le v diele P&aacute;novom, vediac ,\u017ee va&scaron;a n&aacute;maha nie je m&aacute;rna v P&aacute;nu.&quot; 1. Kor. 15,58.<\/strong><\/p>\n<p><strong>\u041e\u0442 \u0432\u0441\u0435\u0433\u043e \u0441\u0435\u0440\u0434\u0446\u0430 \u043f\u043e\u0437\u0434\u0440\u0430\u0432\u043b\u044f\u0435\u043c \u0412\u0430\u0441 ,\u0434\u043e\u0440\u043e\u0433\u043e\u0439 \u0431\u0440\u0430\u0442 \u0430\u0440\u0445\u0438\u0435\u043f\u0438\u0441\u043a\u043e\u043f , \u0441 \u044e\u0431\u0438\u043b\u0435\u0435\u043c \u0412\u0430\u0448\u0435\u0439 \u0436\u0438\u0437\u043d\u0438 &#8211; 70 \u043b\u0435\u0442\u0438\u0435\u043c \u0441\u043e \u0414\u043d\u044f \u0440\u043e\u0436\u0434\u0435\u043d\u0438\u044f; \u0436\u0435\u043b\u0430\u0435\u043c \u043e\u0431\u0438\u043b\u044c\u043d\u044b\u0445 \u0434\u0430\u0440\u043e\u0432 \u0421\u0432\u044f\u0442\u043e\u0433\u043e \u0414\u0443\u0445\u0430 \u0434\u043b\u044f \u0412\u0430\u0448\u0435\u0439 \u0440\u0430\u0431\u043e\u0442\u044b, \u0441\u0438\u043b\u043d\u043e\u0435 \u0437\u0434\u043e\u0440\u043e\u0432\u044c\u0435 \u0438 \u0411\u043e\u0436\u044c\u0435 \u0431\u043b\u0430\u0433\u043e\u0441\u043b\u043e\u0432\u0435\u043d\u0438\u0435 \u043f\u0440\u0438 \u0440\u0443\u043a\u043e\u0432\u043e\u0434\u0441\u0442\u0432\u0435 \u043b\u043e\u0434\u043e\u0447\u043a\u0438 \u0425\u0440\u0438\u0441\u0442\u043e\u0432\u043e\u0439 \u0426\u0435\u0440\u043a\u0432\u0438. 1 \u041a\u043e\u0440 15,58<\/strong><\/p>\n<p>\u041e\u0442 \u0438\u043c\u0435\u043d\u0438 \u0440\u0435\u0434\u0430\u043a\u0446\u0438\u0438 \u0441\u0430\u0439\u0442\u0430 \u0441\u043b\u043e\u0432\u0430\u0446\u043a\u0438\u0445 \u043b\u044e\u0442\u0435\u0440\u0430\u043d <a href=\"\/\">www.evanjelik.sk<\/a><\/p>\n<p>\u0412\u0430\u0448 \u0431\u0440\u0430\u0442 \u0432\u043e \u0425\u0440\u0438\u0441\u0442\u0435 \u0412\u043b\u0430\u0434\u0438\u043c\u0438\u0440 \u041b\u0430\u0441\u043a\u0430 (\u0432 \u043f\u0435\u0440\u0435\u0432\u043e\u0434\u0435 \u0437\u043d\u0430\u0447\u0438\u0442 \u041b\u044e\u0431\u043e\u0432\u044c).<\/p>\n","protected":false},"excerpt":{"rendered":"<p>Arcibiskup Evanjelicko-luter&aacute;nskej cirkvi Ruska a in&yacute;ch &scaron;t&aacute;tov August&nbsp;&nbsp; Kruse sa z Bo\u017eej milosti do\u017eil 27. j&uacute;la 2011 okr&uacute;hleho \u017eivotn&eacute;ho jubilea &#8211; 70 rokov. Pri tejto pr&iacute;le\u017eitosti mu prajeme hojnos\u0165 darov Ducha Sv&auml;t&eacute;ho v jeho pr&aacute;ci, siln&eacute; zdravie a Bo\u017eie po\u017eehnanie pri veden&iacute; lodi\u010dky Kristovej cirkvi. &quot;A tak, bratia moji milovan&iacute;, bu\u010fte pevn&iacute;, nekl&aacute;tiv&iacute;, rozhoj\u0148ujte sa &#8230; <a title=\"Pozdravujeme Bo\u017eieho slu\u017eobn\u00edka A.Kruse pri jeho \u017eivotnom jubileu\" class=\"read-more\" href=\"https:\/\/www.e-anjelik.sk\/index.php\/2011\/08\/02\/pozdravujeme-bozieho-sluzobnika-a-kruse-pri-jeho-zivotnom-jubileu\/\" aria-label=\"Pre\u010d\u00edtajte si viac o Pozdravujeme Bo\u017eieho slu\u017eobn\u00edka A.Kruse pri jeho \u017eivotnom jubileu\">\u010c\u00edta\u0165 viac<\/a><\/p>\n","protected":false},"author":22,"featured_media":0,"comment_status":"open","ping_status":"open","sticky":false,"template":"","format":"standard","meta":{"footnotes":""},"categories":[1,14],"tags":[],"class_list":["post-3721","post","type-post","status-publish","format-standard","hentry","category-adventna-modlitba","category-osobnosti"],"_links":{"self":[{"href":"https:\/\/www.e-anjelik.sk\/index.php\/wp-json\/wp\/v2\/posts\/3721","targetHints":{"allow":["GET"]}}],"collection":[{"href":"https:\/\/www.e-anjelik.sk\/index.php\/wp-json\/wp\/v2\/posts"}],"about":[{"href":"https:\/\/www.e-anjelik.sk\/index.php\/wp-json\/wp\/v2\/types\/post"}],"author":[{"embeddable":true,"href":"https:\/\/www.e-anjelik.sk\/index.php\/wp-json\/wp\/v2\/users\/22"}],"replies":[{"embeddable":true,"href":"https:\/\/www.e-anjelik.sk\/index.php\/wp-json\/wp\/v2\/comments?post=3721"}],"version-history":[{"count":0,"href":"https:\/\/www.e-anjelik.sk\/index.php\/wp-json\/wp\/v2\/posts\/3721\/revisions"}],"wp:attachment":[{"href":"https:\/\/www.e-anjelik.sk\/index.php\/wp-json\/wp\/v2\/media?parent=3721"}],"wp:term":[{"taxonomy":"category","embeddable":true,"href":"https:\/\/www.e-anjelik.sk\/index.php\/wp-json\/wp\/v2\/categories?post=3721"},{"taxonomy":"post_tag","embeddable":true,"href":"https:\/\/www.e-anjelik.sk\/index.php\/wp-json\/wp\/v2\/tags?post=3721"}],"curies":[{"name":"wp","href":"https:\/\/api.w.org\/{rel}","templated":true}]}}