{"id":37214,"date":"2024-09-07T18:31:16","date_gmt":"2024-09-07T16:31:16","guid":{"rendered":"https:\/\/www.e-anjelik.sk\/?p=37214"},"modified":"2024-09-08T16:43:03","modified_gmt":"2024-09-08T14:43:03","slug":"co-s-bremenom-ustarostenosti","status":"publish","type":"post","link":"https:\/\/www.e-anjelik.sk\/index.php\/2024\/09\/07\/co-s-bremenom-ustarostenosti\/","title":{"rendered":"\u010co s bremenom ustarostenosti?"},"content":{"rendered":"\n<p><em>&nbsp; &nbsp; &nbsp; &nbsp; &nbsp; <\/em><strong>\u010co s bremenom ustarostenosti?<\/strong><\/p>\n\n\n\n<p><em>Vychov\u00e1vaj, vychov\u00e1vaj,<\/em><\/p>\n\n\n\n<p><em>\u010do dobr\u00e9ho to zna\u0165 d\u00e1vaj,<\/em><\/p>\n\n\n\n<p><em>Kriste n\u00e1\u0161,<\/em><\/p>\n\n\n\n<p><em>porastieme v dobrom, ke\u010f n\u00e1s<\/em><\/p>\n\n\n\n<p><em>vychov\u00e1\u0161.<\/em><\/p>\n\n\n\n<p><em>Prenesieme kr\u00ed\u017e a b\u00f4le\u2026<\/em><\/p>\n\n\n\n<p><em>V Tvojej \u0161kole, dobrej \u0161kole<\/em><\/p>\n\n\n\n<p><em>r\u00e1s\u0165 n\u00e1m daj,<\/em><\/p>\n\n\n\n<p><em>snah\u00e1m na\u0161\u00edm po\u017eehnaj!&nbsp; Amen.&nbsp; (M.R.)<\/em><\/p>\n\n\n\n<p><strong>F 4, 11 &#8211; 13:<\/strong><\/p>\n\n\n\n<p><strong>&nbsp;<\/strong><em>&nbsp; \u201e<\/em><em>Nehovor\u00edm to preto, \u017ee m\u00e1m nedostatok; lebo ja som sa nau\u010dil prista\u0165 na tom, \u010do m\u00e1m. (12) Viem sa aj uskromni\u0165 a viem aj v hojnosti \u017ei\u0165. U\u017e som vo v\u0161etkom mo\u017enom pocvi\u010den\u00fd: s\u00fdty by\u0165 aj hladova\u0165, hojnos\u0165 ma\u0165 i n\u00fadzu trpie\u0165. (13) V\u0161etko m\u00f4\u017eem v Kristovi, ktor\u00fd ma posil\u0148uje\u201d. Amen<\/em><\/p>\n\n\n\n<p>&nbsp;&nbsp; Bohumil\u00ed kres\u0165ania, bratia a sestry v P\u00e1novi!<\/p>\n\n\n\n<p><em>&nbsp;<\/em>&nbsp; T\u00e9ma dne\u0161nej nedele je: bremeno ustarostenosti. Je to t\u00e9ma ka\u017edodenn\u00e1 a pritom star\u00e1 ako \u013eudstvo samo. Vyn\u00e1ra sa na obzore na\u0161ich \u017eivotov a dot\u00fdka sa aj n\u00e1s kres\u0165anov. Modern\u00fd filozof ozna\u010dil<em> ustarostenos\u0165&nbsp;<\/em>za z\u00e1kladn\u00fd pocit dne\u0161n\u00e9ho \u010dloveka.<\/p>\n\n\n\n<p>&nbsp;&nbsp; Sme ustarosten\u00ed azda o v\u0161etko: o seba, o deti, o zamestnanie, o d\u00f4chodky, o seniorov, o pokoj a mier, ale aj o cel\u00e9 mno\u017estvo drobn\u00fdch, ka\u017edodenn\u00fdch vec\u00ed. Slov\u00e1 P\u00e1na Je\u017ei\u0161a v Luk\u00e1\u0161ovom evanjeliu spom\u00ednaj\u00fa osobitne ot\u00e1zky ka\u017edodenn\u00fdch telesn\u00fdch potrieb: <em>\u201e<\/em><em>Nebu\u010fte ustarosten\u00ed o svoj \u017eivot: \u010do budete jes\u0165, ani o telo: \u010do si oble\u010diete; lebo \u017eivot je viac ako pokrm, i telo je viac ako odev. V\u0161\u00edmajte si havranov: nesej\u00fa, ani ne\u017en\u00fa; nemaj\u00fa komory ani stodoly, a Boh ich \u017eiv\u00ed. O \u010do viac ste vy ako vt\u00e1ci? A t\u00fdm, \u017ee ste ustarosten\u00ed, kto z v\u00e1s m\u00f4\u017ee si pred\u013a\u017ei\u0165 vek \u010do aj len o lake\u0165. \u2014 Preto ani vy neh\u013eadajte, \u010do budete jes\u0165 a \u010do pi\u0165, ani sa t\u00fdm neum\u00e1rajte, lebo to v\u0161etko h\u013eadaj\u00fa n\u00e1rody tohto sveta, a v\u00e1\u0161 Otec vie, \u017ee to potrebujete. Ale h\u013eadajte rad\u0161ej Jeho kr\u00e1\u013eovstvo, a tamto bude v\u00e1m pridan\u00e9. Neboj sa, mal\u00e9 st\u00e1do\u010dko, lebo za\u013e\u00fabilo sa v\u00e1\u0161mu Otcovi da\u0165 v\u00e1m kr\u00e1\u013eovstvo\u201d. (Lk 12, 22 &#8211; 24; 29 &#8211; 32)<\/em><\/p>\n\n\n\n<p>&nbsp;&nbsp; Samozrejme, to nie je n\u00e1vod pre konanie \u010dloveka, aby nevykonal svoj diel pr\u00e1ce a svoje \u00falohy dan\u00e9 nebesk\u00fdm Otcom. Nemo\u017eno ich ch\u00e1pa\u0165 ako pr\u00edkaz pre po\u013enohospod\u00e1rov, aby ani nesiali, ani ne\u017eali obilie. Mus\u00edme rozli\u0161ova\u0165 medzi slovom<em> \u201e<\/em><em>stara\u0165 sa\u201d,<\/em> v zmysle kona\u0165 a pracova\u0165 a slovom<em> \u201e<\/em><em>ustarostenos\u0165\u201d, <\/em>ktor\u00e9 je prejavom ned\u00f4very v milostiv\u00e9ho P\u00e1na Boha ako n\u00e1\u0161ho Stvorite\u013ea a l\u00e1skav\u00e9ho Otca v\u0161etk\u00fdch \u013eud\u00ed. On n\u00e1s a na\u0161e konanie v\u017edy prech\u00e1dza svoj\u00edm konan\u00edm a<em> \u201e<\/em><em>chce, aby v\u0161etci \u013eudia boli spasen\u00ed\u201d.<\/em><\/p>\n\n\n\n<p><strong>\u00a0\u00a0 Ustarostenos\u0165 je strach,<\/strong> ktor\u00fd opan\u00fava \u010dloveka tam, kde nie je viera a d\u00f4vera v P\u00e1na Boha. D\u00f4vera v Jeho dobrotu a v Jeho zas\u013e\u00fabenia, ktor\u00e9 n\u00e1m dal. Takejto ned\u00f4very, a <em>\u201e<\/em><em>malej viery\u201d<\/em> n\u00e1s chce P\u00e1n Je\u017ei\u0161 zbavi\u0165, chce n\u00e1s zo strachu vyslobodi\u0165 a preto v\u017edy prin\u00e1\u0161a pokoj a rados\u0165 do \u017eivota svojich vern\u00fdch. Ustarostenos\u0165 o zajtraj\u0161\u00ed de\u0148 a o bud\u00facnos\u0165 znehodnocuje a vypr\u00e1zd\u0148uje na\u0161u pr\u00edtomnos\u0165.\u00a0Kto je ustarosten\u00fd o zajtraj\u0161\u00ed de\u0148, \u010dasto sa nevie radova\u0165 z pr\u00edtomnosti a z danej chv\u00edle, ktor\u00e1 je n\u00e1m darovan\u00e1. \u010clovek si mysl\u00ed, \u017ee to, \u010do dnes m\u00e1me a pre\u017e\u00edvame je zl\u00e9 a nedostato\u010dn\u00e9 a dobre bude a\u017e potom, ke\u010f dosiahneme viac ako m\u00e1me dnes. Modern\u00e1 reklame hovor\u00ed: <em>\u201e<\/em><em>Otecko, mami\u010dka, chceme sa ma\u0165 lep\u0161ie\u201d!\u00a0<\/em><\/p>\n\n\n\n<p>\u00a0 \u00a0 Apo\u0161tol Pavel n\u00e1m v\u0161ak sved\u010d\u00ed nasledovne: <em>\u201e<\/em><em>Ja som sa nau\u010dil prista\u0165 na tom, \u010do m\u00e1m. Viem sa aj uskromni\u0165, viem aj v hojnosti \u017ei\u0165. U\u017e som vo v\u0161etkom mo\u017enom pocvi\u010den\u00fd: s\u00fdty by\u0165, aj hladova\u0165, hojnos\u0165 ma\u0165 i n\u00fadzu trpie\u0165. <\/em>\u201c\u00a0&#8211; To nie je rezign\u00e1cia na dobr\u00fd s d\u00f4stojn\u00fd \u017eivot, alebo na spravodlivos\u0165 a slobodu v na\u0161ej pr\u00edtomnosti. Nie je to ani nejak\u00fd fatalizmus, nutnos\u0165 zmieri\u0165 sa so v\u0161etk\u00fdmi nedostatkami, ke\u010f si vzdychneme: ned\u00e1 sa ni\u010d robi\u0165! Ako sme u\u017e povedali: My m\u00e1me svoje \u00falohy a \u00fapvinnosti ulo\u017een\u00e9 P\u00e1nom Bohom. Ale nie v\u0161etko je v na\u0161ej moci. Tak, ako ro\u013en\u00edk, ke\u010f zorie p\u00f4du, zaseje na zimu obilie, urob\u00ed \u010do ma\u00e1 a trpezlivo vie \u010daka\u0165 na d\u00e1\u017e\u010f, alebo sneh a pr\u00edhodn\u00e9 po\u010dasie, lebo vie, \u017ee v\u0161etko toto u\u017e s\u00e1m neovplyvn\u00ed. Ale nie je ustarosten\u00fd, \u010di zem a polia prines\u00fa hojn\u00fa \u00farodu. Pr\u00e1ve toto trpezliv\u00e9 \u010dakanie ro\u013en\u00edka, d\u00e1va apo\u0161tol Jakub ako pr\u00edklad pre na\u0161u vieru a n\u00e1dej v P\u00e1na Je\u017ei\u0161a Krista. Pr\u00e1ca, modlitba a trpezlivos\u0165 je ozdobou veriaceho kres\u0165ana.\u00a0<\/p>\n\n\n\n<p>\u00a0 \u00a0 Aj apo\u0161tol Pavel sved\u010d\u00ed o viere v Krista ako o sile a o n\u00e1deji na ktor\u00fa sa smieme a m\u00e1me oprie\u0165 pri nesen\u00ed na\u0161ich bremien a sk\u00fa\u0161ok. Spoliehajme  sa vo svojich z\u00e1pasoch na Je\u017ei\u0161ove zas\u013e\u00fabenia, vediac, \u017ee koniec ka\u017edej cesty je v P\u00e1nov\u00fdch ruk\u00e1ch. Napriek tomu, \u017ee v tomto svete <em>\u201e<\/em><em>zloba ve\u010dne broj\u00ed<\/em>\u201d mal apo\u0161tol osobn\u00fa sk\u00fasenos\u0165: <em>\u201e<\/em><strong><em>V\u0161etko m\u00f4\u017eem v Kristu, ktor\u00fd ma posil\u0148uje\u201d<\/em>.<\/strong>\u00a0 Tak ako spievali husitsk\u00ed Bo\u017e\u00ed bojovn\u00edci,<em> \u201e<\/em><em>\u017ee kone\u010dne s N\u00edm v\u017edycky zv\u00ed\u0165az\u00edme\u201d<\/em>,\u00a0tak verme aj my.<\/p>\n\n\n\n<p>&nbsp;&nbsp; Mil\u00ed bratia a sestry, mil\u00e9 deti a ml\u00e1de\u017e!<\/p>\n\n\n\n<p>\u00a0\u00a0 Ke\u010f\u017ee sa v uplynul\u00fdch d\u0148och za\u010dal nov\u00fd \u0161kolsk\u00fd rok a s n\u00edm nov\u00e9 pr\u00e1ce a povinnosti \u0161kol\u00e1kov, rodi\u010dov a u\u010dite\u013eov, P\u00e1n Je\u017ei\u0161 n\u00e1s chce svoj\u00edm slovom aj v tejto oblasti \u017eivota povzbudi\u0165 a zbavi\u0165 ustarostenosti. Mnoh\u00ed \u013eudia, mnoh\u00e9 rodiny sa p\u00fdtaj\u00fa: <em>\u201e<\/em><em>Ak\u00fd bude nov\u00fd \u0161kolsk\u00fd rok? \u010co n\u00e1m prinesie? Ak\u00e1 bude kvalita vyu\u010dovania <\/em>? <em>Bude dos\u0165 kvalitn\u00fdch u\u010dite\u013eov na v\u0161etky predmety? Bud\u00fa primerane zaplaten\u00ed \u0161t\u00e1tom? Dok\u00e1\u017eu samospr\u00e1vy zabezpe\u010di\u0165 dobr\u00e9 podmienky na vyu\u010dovanie? Bud\u00fa ma\u0165 \u017eiaci rados\u0165 z vyu\u010dovania?&#8220; \u00a0<\/em><\/p>\n\n\n\n<p><em>\u00a0\u00a0 \u00a0<\/em>Ot\u00e1zok a starost\u00ed je aj v tejto oblasti \u017eivota ve\u013ea a ve\u013ea je aj ustarostenosti. Maj\u00fa ich u\u010ditelia, pedagogick\u00ed i nepedagogick\u00ed pracovn\u00edci \u0161koly , aj samotn\u00ed \u017eiaci a \u0161tudenti. Nie v\u0161etci sa na \u0161kolu te\u0161ia. Sved\u010dia o tom anonymn\u00e9 telefon\u00e1ty o ulo\u017een\u00ed v\u00fdbu\u0161n\u00edn v \u0161kolsk\u00fdch priestoroch, na ktor\u00e9 u\u017e nest\u00edhaj\u00fa reagova\u0165 policajti. Je to znak ve\u013ek\u00e9ho \u00fapadku mor\u00e1lky, ak sa niekto pre ak\u00fdko\u013evek d\u00f4vod vyhr\u00e1\u017ea zab\u00edjan\u00edm det\u00ed a \u0161kol\u00e1kov. Iste to zvy\u0161uje ustarostenos\u0165\u00a0rodi\u010dov, u\u010dite\u013eov i det\u00ed.<\/p>\n\n\n\n<p>\u00a0 \u00a0 Nielen deti tohoto sveta, ale aj my ako kres\u0165ania a spolo\u010denstvo evanjelickej cirkvi sme neraz ustarosten\u00ed pre nedostatky, ktor\u00e9 vid\u00edme pri vyu\u010dovan\u00ed n\u00e1bo\u017eenstva v \u0161kol\u00e1ch, alebo pri poh\u013eade  na n\u00edzke po\u010dty konfirmandov a pokonfirma\u010dnej ml\u00e1de\u017ee.<\/p>\n\n\n\n<p>&nbsp;&nbsp; <em>V pominul\u00fd pondelok k\u0148azi n\u00e1\u0161ho senior\u00e1tu na svoje SPK so sm\u00fatkom kon\u0161tatovali: m\u00e1li\u010dko bolo det\u00ed na senior\u00e1lnych aktivit\u00e1ch s de\u0165mi a ml\u00e1de\u017eou! Vyslovili obavy ustarostenosti vzh\u013eadom na bud\u00facnos\u0165: kde tento \u00fapadok skon\u010d\u00ed?<\/em><\/p>\n\n\n\n<p>&nbsp; &nbsp; Je mo\u017en\u00e9, \u017ee podobn\u00fa ustarostenos\u0165 a obavy zdie\u013eate aj vy, vo va\u0161om cirkevnom zbore v Hol\u00ed\u010di. H\u013eadajme spolo\u010dne v\u00fdchodisko&nbsp;tam, kam ukazuje apo\u0161tol Pavel:<em> \u201e<\/em><em>V\u0161etko m\u00f4\u017eem v Kristu, ktor\u00fd ma posil\u0148uje\u201d.<\/em><\/p>\n\n\n\n<p><em>\u00a0\u00a0 <\/em>N\u00e1bo\u017eensk\u00e1 v\u00fdchova a v\u00fdu\u010dba v \u0161kol\u00e1ch sa stala probl\u00e9mom u\u017e d\u00e1vno. Nie je to nie\u010do nov\u00e9 a ne\u010dakan\u00e9. \u010co teda m\u00f4\u017eeme a m\u00e1me robi\u0165? Predov\u0161etk\u00fdm chcem poveda\u0165, \u017ee to nie je len \u00faloha a slu\u017eba far\u00e1rov a u\u010dite\u013eov n\u00e1bo\u017eenstva. Osobne som presved\u010den\u00fd, \u017ee so snahou o n\u00e1pravu a zmenu myslenia a konania je potrebn\u00e9 za\u010da\u0165 v rodin\u00e1ch. To je toti\u017e zrejm\u00e9 a jasn\u00e9 biblick\u00e9 odpor\u00fa\u010danie a stanovisko. P\u00e1n Je\u017ei\u0161 rodi\u010dom det\u00ed i u\u010den\u00edkom povedal: <em>\u201eDovo\u013ete dietkam prich\u00e1dza\u0165 ku mne a nebr\u00e1\u0148te im, lebo tak\u00fdch je kr\u00e1\u013eovstvo Bo\u017eie\u201d.<\/em> H\u013eada\u0165 kr\u00e1\u013eovstvo Bo\u017eie m\u00e1me v\u0161etci a nem\u00e1me toto h\u013eadanie odklada\u0165 na bud\u00facnos\u0165.\u00a0Ke\u010f\u017ee na\u0161a evanjelick\u00e1 cirkev stoj\u00ed na Bo\u017eom slove v P\u00edsme sv\u00e4tom, v \u0148om s\u00fa odpovede na na\u0161e ot\u00e1zky.<div> &#8211; Tu nejde o nejak\u00fd osobn\u00fd n\u00e1zor jednotlivca, ale o d\u00f4veru v Bo\u017eie slovo: <em>\u201eV\u0161etko m\u00f4\u017eem v Kristu, ktor\u00fd ma posil\u0148uje\u201d.<\/em> &#8211; Reform\u00e1cia od po\u010diatku\u00a0hl\u00e1sala u\u010denie o v\u0161eobecnom k\u0148azstve veriacich a dala d\u00f4raz na zves\u0165 Bo\u017eieho slova. Znamen\u00e1 to, \u017ee v\u0161etci pokrsten\u00ed sa maj\u00fa c\u00edti\u0165 ako P\u00e1novi k\u0148azi a slu\u017eobn\u00edci. <\/div><\/p>\n\n\n\n<p>  <div>Mnoh\u00e9 rodiny n\u00e1bo\u017eensk\u00fa v\u00fdchovu ods\u00favaj\u00fa na \u010das \u0161kolskej doch\u00e1dzky, alebo a\u017e na \u010das konfirma\u010dnej pr\u00edpravy.\u00a0<span style=\"font-size: inherit; background-color: var(--base-3); color: var(--contrast); font-family: -apple-system, system-ui, BlinkMacSystemFont, &quot;Segoe UI&quot;, Helvetica, Arial, sans-serif, &quot;Apple Color Emoji&quot;, &quot;Segoe UI Emoji&quot;, &quot;Segoe UI Symbol&quot;;\">Jasne a kr\u00e1tko povedan\u00e9: ak neza\u010dneme zav\u010dasu vychov\u00e1va\u0165 deti v rodin\u00e1ch ako otcovia a matky, sotva sa do\u010dk\u00e1me <\/span><em style=\"font-size: inherit; background-color: var(--base-3); color: var(--contrast); font-family: -apple-system, system-ui, BlinkMacSystemFont, &quot;Segoe UI&quot;, Helvetica, Arial, sans-serif, &quot;Apple Color Emoji&quot;, &quot;Segoe UI Emoji&quot;, &quot;Segoe UI Symbol&quot;;\">\u201e\u017eatvy\u201d<\/em><span style=\"font-size: inherit; background-color: var(--base-3); color: var(--contrast); font-family: -apple-system, system-ui, BlinkMacSystemFont, &quot;Segoe UI&quot;, Helvetica, Arial, sans-serif, &quot;Apple Color Emoji&quot;, &quot;Segoe UI Emoji&quot;, &quot;Segoe UI Symbol&quot;;\">, \u010di <\/span><em style=\"font-size: inherit; background-color: var(--base-3); color: var(--contrast); font-family: -apple-system, system-ui, BlinkMacSystemFont, &quot;Segoe UI&quot;, Helvetica, Arial, sans-serif, &quot;Apple Color Emoji&quot;, &quot;Segoe UI Emoji&quot;, &quot;Segoe UI Symbol&quot;;\">\u201edobr\u00e9ho ovocia\u201d <\/em><span style=\"font-size: inherit; background-color: var(--base-3); color: var(--contrast); font-family: -apple-system, system-ui, BlinkMacSystemFont, &quot;Segoe UI&quot;, Helvetica, Arial, sans-serif, &quot;Apple Color Emoji&quot;, &quot;Segoe UI Emoji&quot;, &quot;Segoe UI Symbol&quot;;\">zo strany na\u0161ej mlade. Ak sa deti stretn\u00fa so sejbou Bo\u017eieho slova a\u017e ako \u0161es\u0165, \u010di dvan\u00e1s\u0165ro\u010dn\u00e9, p\u00f4da ich s\u0155dc je u\u017e d\u00e1vno obsiata in\u00fdmi <\/span><em style=\"font-size: inherit; background-color: var(--base-3); color: var(--contrast); font-family: -apple-system, system-ui, BlinkMacSystemFont, &quot;Segoe UI&quot;, Helvetica, Arial, sans-serif, &quot;Apple Color Emoji&quot;, &quot;Segoe UI Emoji&quot;, &quot;Segoe UI Symbol&quot;;\">\u201e<\/em><span style=\"font-size: inherit; background-color: var(--base-3); color: var(--contrast); font-family: -apple-system, system-ui, BlinkMacSystemFont, &quot;Segoe UI&quot;, Helvetica, Arial, sans-serif, &quot;Apple Color Emoji&quot;, &quot;Segoe UI Emoji&quot;, &quot;Segoe UI Symbol&quot;;\">n\u00e1letov\u00fdmi rastlinami sveta\u201d, \u010di dokonca <\/span><em style=\"font-size: inherit; background-color: var(--base-3); color: var(--contrast); font-family: -apple-system, system-ui, BlinkMacSystemFont, &quot;Segoe UI&quot;, Helvetica, Arial, sans-serif, &quot;Apple Color Emoji&quot;, &quot;Segoe UI Emoji&quot;, &quot;Segoe UI Symbol&quot;;\">\u201e<\/em><span style=\"font-size: inherit; background-color: var(--base-3); color: var(--contrast); font-family: -apple-system, system-ui, BlinkMacSystemFont, &quot;Segoe UI&quot;, Helvetica, Arial, sans-serif, &quot;Apple Color Emoji&quot;, &quot;Segoe UI Emoji&quot;, &quot;Segoe UI Symbol&quot;;\">burinami\u201d, alebo aj tvrd\u00fdmi <\/span><em style=\"font-size: inherit; background-color: var(--base-3); color: var(--contrast); font-family: -apple-system, system-ui, BlinkMacSystemFont, &quot;Segoe UI&quot;, Helvetica, Arial, sans-serif, &quot;Apple Color Emoji&quot;, &quot;Segoe UI Emoji&quot;, &quot;Segoe UI Symbol&quot;;\">\u201e<\/em><span style=\"font-size: inherit; background-color: var(--base-3); color: var(--contrast); font-family: -apple-system, system-ui, BlinkMacSystemFont, &quot;Segoe UI&quot;, Helvetica, Arial, sans-serif, &quot;Apple Color Emoji&quot;, &quot;Segoe UI Emoji&quot;, &quot;Segoe UI Symbol&quot;;\">drevinami\u201d.\u00a0<\/span><\/div><\/p>\n\n\n\n<p>&nbsp;&nbsp; &nbsp; Bratia a sestry v P\u00e1novi!&nbsp;<\/p>\n\n\n\n<p>&nbsp; &nbsp; O tom, \u010do sa hovor\u00ed v na\u0161ich domoch a bytoch, v na\u0161ich ob\u00fdva\u010dk\u00e1ch a detsk\u00fdch izb\u00e1ch, m\u00f4\u017eeme predsa rozhodn\u00fa\u0165 my sami. Tu v\u0161ade je miesto a priestor pre Kristovu \u0161kolu, pre Jeho vyu\u010dovanie, Jeho evanjeliz\u00e1ciu, pre sejbu Jeho slova, ako to On s\u00e1m chce a o\u010dak\u00e1va. Tu sa d\u00e1 vytvori\u0165 pevn\u00fd z\u00e1klad viery, ktor\u00fd nikto a ni\u010d nezni\u010d\u00ed a na ktorom m\u00f4\u017eu na\u0161e deti a vn\u00fa\u010dat\u00e1 st\u00e1\u0165 aj v bud\u00facnosti. My sami budeme tak zbaven\u00ed ustarostenosti a nemus\u00edme ma\u0165 strach o na\u0161u cirkev, aj ke\u010f by bola iba <em>\u201e<\/em><em>mal\u00fdm st\u00e1do\u010dkom\u201d.<\/em> Tu plat\u00ed:<em> \u201e<\/em><em>Neboj sa mal\u00e9 st\u00e1do\u010dko, lebo za\u013e\u00fabilo sa v\u00e1\u0161mu Otcovi da\u0165 v\u00e1m kr\u00e1\u013eovstvo\u201d<\/em>.<\/p>\n\n\n\n<p>\u00a0 \u00a0 Prosme aj dnes o Bo\u017eie po\u017eehnanie nielen \u0161kolsk\u00e9ho vyu\u010dovania, ale aj o vzras\u0165 Kristovej \u0161koly a po\u017eehnanie vyu\u010dovania v na\u0161ich rodin\u00e1ch a kres\u0165ansk\u00fdch dom\u00e1cnostiach. S\u00fd\u0165me sa v\u0161etci Bo\u017e\u00edm slovom  vo vedom\u00ed: <em>\u201e<\/em><em>V\u0161etko m\u00f4\u017eem v Kristu, ktor\u00fd ma posil\u0148uje\u201d. Amen<\/em><\/p>\n\n\n\n<p><em>&nbsp; &nbsp; <\/em>15.nede\u013ea po Sv\u00e4tej Trojici &#8211; za\u010diatok \u0161kolsk\u00e9ho roku &#8211; Hol\u00ed\u010d 2024 &#8211; \u013dubom\u00edr Batka st.<\/p>\n","protected":false},"excerpt":{"rendered":"<p>&nbsp; &nbsp; &nbsp; &nbsp; &nbsp; \u010co s bremenom ustarostenosti? Vychov\u00e1vaj, vychov\u00e1vaj, \u010do dobr\u00e9ho to zna\u0165 d\u00e1vaj, Kriste n\u00e1\u0161, porastieme v dobrom, ke\u010f n\u00e1s vychov\u00e1\u0161. Prenesieme kr\u00ed\u017e a b\u00f4le\u2026 V Tvojej \u0161kole, dobrej \u0161kole r\u00e1s\u0165 n\u00e1m daj, snah\u00e1m na\u0161\u00edm po\u017eehnaj!&nbsp; Amen.&nbsp; (M.R.) F 4, 11 &#8211; 13: &nbsp;&nbsp; \u201eNehovor\u00edm to preto, \u017ee m\u00e1m nedostatok; lebo ja &#8230; <a title=\"\u010co s bremenom ustarostenosti?\" class=\"read-more\" href=\"https:\/\/www.e-anjelik.sk\/index.php\/2024\/09\/07\/co-s-bremenom-ustarostenosti\/\" aria-label=\"Pre\u010d\u00edtajte si viac o \u010co s bremenom ustarostenosti?\">\u010c\u00edta\u0165 viac<\/a><\/p>\n","protected":false},"author":4,"featured_media":0,"comment_status":"open","ping_status":"open","sticky":false,"template":"","format":"standard","meta":{"footnotes":""},"categories":[578,96,153,121,6,638,95],"tags":[],"class_list":["post-37214","post","type-post","status-publish","format-standard","hentry","category-15-nedela-po-sv-trojici","category-deti","category-holic","category-kazne","category-myjavsky-seniorat","category-skolsky-rok","category-sobotiste"],"_links":{"self":[{"href":"https:\/\/www.e-anjelik.sk\/index.php\/wp-json\/wp\/v2\/posts\/37214","targetHints":{"allow":["GET"]}}],"collection":[{"href":"https:\/\/www.e-anjelik.sk\/index.php\/wp-json\/wp\/v2\/posts"}],"about":[{"href":"https:\/\/www.e-anjelik.sk\/index.php\/wp-json\/wp\/v2\/types\/post"}],"author":[{"embeddable":true,"href":"https:\/\/www.e-anjelik.sk\/index.php\/wp-json\/wp\/v2\/users\/4"}],"replies":[{"embeddable":true,"href":"https:\/\/www.e-anjelik.sk\/index.php\/wp-json\/wp\/v2\/comments?post=37214"}],"version-history":[{"count":4,"href":"https:\/\/www.e-anjelik.sk\/index.php\/wp-json\/wp\/v2\/posts\/37214\/revisions"}],"predecessor-version":[{"id":37221,"href":"https:\/\/www.e-anjelik.sk\/index.php\/wp-json\/wp\/v2\/posts\/37214\/revisions\/37221"}],"wp:attachment":[{"href":"https:\/\/www.e-anjelik.sk\/index.php\/wp-json\/wp\/v2\/media?parent=37214"}],"wp:term":[{"taxonomy":"category","embeddable":true,"href":"https:\/\/www.e-anjelik.sk\/index.php\/wp-json\/wp\/v2\/categories?post=37214"},{"taxonomy":"post_tag","embeddable":true,"href":"https:\/\/www.e-anjelik.sk\/index.php\/wp-json\/wp\/v2\/tags?post=37214"}],"curies":[{"name":"wp","href":"https:\/\/api.w.org\/{rel}","templated":true}]}}