{"id":37229,"date":"2024-09-15T22:59:55","date_gmt":"2024-09-15T20:59:55","guid":{"rendered":"https:\/\/www.e-anjelik.sk\/?p=37229"},"modified":"2024-11-22T19:07:05","modified_gmt":"2024-11-22T18:07:05","slug":"cirkev-je-bozia-stavba","status":"publish","type":"post","link":"https:\/\/www.e-anjelik.sk\/index.php\/2024\/09\/15\/cirkev-je-bozia-stavba\/","title":{"rendered":"Cirkev je Bo\u017eia stavba"},"content":{"rendered":"\n<p><em>&nbsp;&nbsp; &nbsp; &nbsp; &nbsp; &nbsp; &nbsp; &nbsp; &nbsp; &nbsp; &nbsp; &nbsp; &nbsp;<\/em><strong> Cirkev je Bo\u017eia stavba<\/strong><\/p>\n\n\n\n<p><em>Bo\u017ee sv\u00e4t\u00fd, Hospodine,<\/em><\/p>\n\n\n\n<p><em>obnov n\u00e1s v sv\u00e4t\u00fd chr\u00e1m,<\/em><\/p>\n\n\n\n<p><em>Nech sa srdce k Tebe vinie,<\/em><\/p>\n\n\n\n<p><em>Ty ho l\u00e1skaj ! Ty ho chr\u00e1\u0148 !<\/em><\/p>\n\n\n\n<p><em>Hoc je ve\u013ek\u00e1 vina, pre Je\u017ei\u0161a, Syna,<\/em><\/p>\n\n\n\n<p><em>odpus\u0165 na\u0161e previnenie,<\/em><\/p>\n\n\n\n<p><em>\u017eehnaj na\u0161e zhroma\u017edenie. Amen&nbsp; (M.R.)<\/em><\/p>\n\n\n\n<p><strong>1 Pt 2, 5- 10:<\/strong><\/p>\n\n\n\n<p><em>\u201e<\/em><em>Aj vy sami, ako \u017eiv\u00e9 kamene, vzdel\u00e1vajte sa v duchovn\u00fd dom, sv\u00e4t\u00e9 k\u0148azstvo, aby ste prin\u00e1\u0161ali duchovn\u00e9 obete, pr\u00edjemn\u00e9 Bohu skrze Je\u017ei\u0161a Krista. (6) Ve\u010f stoj\u00ed v P\u00edsme: Ajh\u013ea, kladiem na Sione uholn\u00fd kame\u0148, vyvolen\u00fd, vz\u00e1cny, a kto ver\u00ed v Neho, nebude nikdy zahanben\u00fd. (7) Tak v\u00e1m, veriacim, je chv\u00e1lou, nevercom v\u0161ak je kame\u0148om, ktor\u00fd zavrhli stavitelia, ale ktor\u00fd sa stal uholn\u00fdm kame\u0148om, (8) kame\u0148om \u00farazu a skalou pohor\u0161enia, lebo oni, slovu neposlu\u0161n\u00ed, sa ur\u00e1\u017eaj\u00fa; to je teda ich ur\u010denie. (9) Ale vy ste vyvolen\u00fdm rodom, kr\u00e1\u013eovsk\u00fdm k\u0148azstvom, sv\u00e4t\u00fdm n\u00e1rodom, vlastn\u00fdm Jemu \u013eudom, aby ste zvestovali cnostn\u00e9 skutky Toho, ktor\u00fd v\u00e1s povolal z tmy do svojho predivn\u00e9ho svetla. (10) Kedysi ste neboli ani len \u013eudom, a teraz ste \u013eudom Bo\u017e\u00edm; \u017eili ste bez zmilovania, a teraz ste do\u0161li zmilovania.\u201d Amen<\/em><\/p>\n\n\n\n<p><em>&nbsp;&nbsp; &nbsp;<\/em> &nbsp; Sl\u00e1vnostn\u00e9 kres\u0165ansk\u00e9 zhroma\u017edenie, mil\u00ed dom\u00e1ci viery,&nbsp;<\/p>\n\n\n\n<p>&nbsp;&nbsp; &nbsp; &nbsp; &nbsp; &nbsp; &nbsp; &nbsp; &nbsp; &nbsp; bratia a sestry v P\u00e1novi Je\u017ei\u0161ovi Kristovi!<\/p>\n\n\n\n<p>&nbsp;&nbsp; V priebehu \u013eudsk\u00fdch dej\u00edn boli vystaven\u00e9 mnoh\u00e9 ve\u013ekolep\u00e9 stavby a diela. Mnoh\u00e9 z nich sa zachovali len ako zr\u00facaniny, z niektor\u00fdch ostali iba z\u00e1klady, ktor\u00e9 vykop\u00e1vaj\u00fa archeol\u00f3govia, niektor\u00e9 zmizli \u00faplne. S\u00fa v\u0161ak aj tak\u00e9, ktor\u00e9 zost\u00e1vaj\u00fa st\u00e1\u0165 dodnes v celej svojej mohutnosti a ve\u013ekosti. Aj medzi tzv.siedmymi divmi sveta sa spom\u00ednaj\u00fa viacer\u00e9 stavby a medzi nimi aj chr\u00e1my. Zoznam t\u00fdch divov sveta neb\u00fdva v\u017edy rovnak\u00fd. Starovek v\u0161ak re\u0161pektoval mnoh\u00e9 z nich, preto\u017ee vynikali aj svojou v\u00fdzdobou a kr\u00e1sou. Pre n\u00e1s je z minulosti zn\u00e1my najm\u00e4 jeruzalemsk\u00fd chr\u00e1m, ktor\u00fd dal vybudova\u0165 kr\u00e1\u013e Herodes Ve\u013ek\u00fd, alebo v Skutkoch apo\u0161tolsk\u00fdch spom\u00ednan\u00fd chr\u00e1m Diany v starom Efeze, alebo At\u00e9nska Akropola a mnoh\u00e9 in\u00e9. S\u00fa \u010dasto nav\u0161tevovan\u00e9 a obdivovan\u00e9 turistami z cel\u00e9ho sveta. Boli to stavby, ktor\u00e9 si vy\u017eiadali nielen ve\u013ek\u00e9 n\u00e1klady, ale aj obete na \u017eivotoch. Tak\u00fdmi s\u00fa hrobky fara\u00f3nov, babylonsk\u00e1 ve\u017ea, alebo \u010d\u00ednsky m\u00far. Tak\u00e9to stavby s\u00fa v\u0161ak nielen dokladom \u013eudsk\u00fdch schopnost\u00ed, ale aj dokladom megalom\u00e1nstva mocn\u00e1rov, t\u00fa\u017eby po sl\u00e1ve a zachovan\u00ed si mena uprostred n\u00e1rodov.&nbsp;<\/p>\n\n\n\n<p>&nbsp; &nbsp; Aj ke\u010f tak\u00e9to stavby a chr\u00e1my iste vyvol\u00e1vaj\u00fa obdiv \u013eud\u00ed, iba m\u00e1loktor\u00e9 z nich dok\u00e1\u017eu vyvol\u00e1va\u0165 v srdciach \u013eud\u00ed aj l\u00e1sku. My sa dnes pristavujeme pri osemn\u00e1stom v\u00fdro\u010d\u00ed postavenie a posv\u00e4tenia tohoto kostol\u00edka, ktor\u00e9mu niekedy hovor\u00edme skromne modliteb\u0148a, a napriek tomu, \u017ee nejde o stavbu ani ve\u013ek\u00fa, ani technicky n\u00e1ro\u010dn\u00fa, ba ani o kult\u00farne \u010di historicky pam\u00e4tn\u00fa, predsa v na\u0161ich srdciach vyvol\u00e1va pocity v\u010faky a l\u00e1sky. Je n\u00e1m srdcu ve\u013emi bl\u00edzky tento&nbsp;kostol\u00edk v Rovensku.<\/p>\n\n\n\n<p>&nbsp;&nbsp; &nbsp; Medzi nami je iba m\u00e1lo tak\u00fdch, ktor\u00ed s\u00fa mlad\u0161\u00ed ako t\u00e1to stavba a naopak, v\u00e4\u010d\u0161ina z n\u00e1s s\u00fa pam\u00e4tn\u00edci a niektor\u00ed priamo budovatelia tohoto Bo\u017eieho domu. Mnoh\u00ed m\u00f4\u017eu napriek jeho skromnosti poveda\u0165: <em>\u201e<\/em><em>Je to div v na\u0161ich o\u010diach\u201d<\/em> ( \u017d 118, 23) Pre\u010do div?<\/p>\n\n\n\n<p>Nu\u017e preto, \u017ee na niekdaj\u0161om zamokrenom pozemku vyr\u00e1stlo mil\u00e9 a ute\u0161en\u00e9 dielo a udialo sa tak v rekordne kr\u00e1tkom \u010dase. Ako sami viete, 15. j\u00fana v roku 1989 sa konala posviacka z\u00e1kladn\u00e9ho kame\u0148a a 21. septembra toho ist\u00e9ho roku, v 16.nede\u013eu po Sv\u00e4tej Trojici, sa u\u017e konala&nbsp;posviacka novostavby modlitebnice za ve\u013ekej \u00fa\u010dasti veriaceho \u013eudu z Rovenska i okolia.<\/p>\n\n\n\n<p>&nbsp; &nbsp; Bolo by chybou, keby sme na t\u00fato skuto\u010dnos\u0165 zab\u00fadali. Nejde o to, aby sme dnes oslavovali stavite\u013eov a ich dielo, ale aby sme sa nechali oslovi\u0165 tou istou t\u00fa\u017ebou po chr\u00e1me a po Bo\u017eom slove, tou istou vierou v P\u00e1na Je\u017ei\u0161a Krista a tou istou l\u00e1skou k Bo\u017e\u00edm veciam. Tieto hodnoty boli iskrami, ktor\u00e9 preskakovali od srdca k srdcu, a\u017e sa rozhorel plame\u0148, ktor\u00fd neni\u010dil, ale budoval a priniesol ve\u013ek\u00e9 po\u017eehnanie. T\u00e1to stavba bola stavbou konanou z l\u00e1sky a dodnes sme pri poh\u013eade na \u0148u dojat\u00fd, preto\u017ee je to dom, ktor\u00fd sl\u00fa\u017ei pr\u00e1ve k sejbe l\u00e1sky.<\/p>\n\n\n\n<p>&nbsp;&nbsp; Pri ka\u017edom v\u00fdro\u010d\u00ed pamiatky posv\u00e4tenia si pripom\u00edname niektor\u00e9 pr\u00edklady horlivosti a l\u00e1sky stavite\u013eov pre na\u0161e povzbudenie. Pri dne\u0161nom osemn\u00e1stom v\u00fdro\u010d\u00ed jeho posv\u00e4tenia sa chceme zastavi\u0165 a zamera\u0165 na pripomenutie viacer\u00fdch v\u00fdznamn\u00fdch slov a my\u0161lienok, ktor\u00e9 odzneli pri posviacke z\u00e1kladn\u00e9ho kame\u0148a a potom aj pri posviacke modlitebnice. V zakladaj\u00facej listine tohoto domu Bo\u017eieho je prosba o to, aby sme sa v \u0148om vzdel\u00e1vali na z\u00e1klade apo\u0161tolskom a prorockom v duchovn\u00fd pr\u00edbytok Bo\u017e\u00ed. Vykonal ju brat senior myjavsk\u00e9ho senior\u00e1tu Rudolf Ko\u0161tial, ktor\u00fd&nbsp; potom ako vyvolen\u00fd biskup ZD v posviaca\u010dnej re\u010di o.i. pripomenul, \u017ee <em>\u201e<\/em><em>tento de\u0148 pripadol na tzv. jesenn\u00fa rovnodennos\u0165, ke\u010f d\u013a\u017eka d\u0148a a noci je rovnak\u00e1. To sa deje iba dvakr\u00e1t do roka. Je to iba n\u00e1hoda? Pre niekoho mo\u017eno, ale n\u00e1m veriacim to pripom\u00edna, aby bola aj v n\u00e1s ur\u010dit\u00e1 \u201crovnodennos\u0165\u201d a harm\u00f3nia du\u0161e a to vo vz\u0165ahu k veciam \u010dasn\u00fdm i ve\u010dn\u00fdm, telesn\u00fdm i sv\u00e4t\u00fdm, tunaj\u0161\u00edm a tak\u00fdm, ktor\u00e9 pretrv\u00e1vaj\u00fa veky.\u201d<\/em><\/p>\n\n\n\n<p>&nbsp;&nbsp; &nbsp; Do tretice spomeniem aj prv\u00fa sejbu slova Bo\u017eieho v tomto kostol\u00edku, toti\u017e k\u00e1ze\u0148 br.far\u00e1ra Pavla Proksu z Hol\u00ed\u010da, ktor\u00fd v jej \u00favode postavil pred posluch\u00e1\u010dov tak\u00fato ot\u00e1zku: <em>\u201e<\/em><em>Rovensk\u00ed evanjelici, na \u010do ste si postavili tento st\u00e1nok Bo\u017e\u00ed? &#8211; Aby ste nemuseli chodi\u0165 do svojej matkocirkvi, aby ste si u\u0161etrili cestu a n\u00e1mahu? Alebo preto aby ste mali bli\u017e\u0161ie k slovu Bo\u017eiemu ?! &#8211; Nech tento sv\u00e4tost\u00e1nok pripom\u00edna, aby sme budovali aj stavbu toho vn\u00fatorn\u00e9ho chr\u00e1mu\u201d.<\/em><\/p>\n\n\n\n<p><em>&nbsp;&nbsp; <\/em>Na tieto st\u00e1le aktu\u00e1lne my\u0161lienky nadv\u00e4zuje aj dne\u0161n\u00e9 posolstvo z prv\u00e9ho listu apo\u0161tola Petra: <em>\u201e<\/em><em>Aj vy sami, ako \u017eiv\u00e9 kamene, vzdel\u00e1vajte sa v duchovn\u00fd dom, sv\u00e4t\u00e9 k\u0148azstvo, aby ste prin\u00e1\u0161ali duchovn\u00e9 obete pr\u00edjemn\u00e9 Bohu\u2026<\/em>\u201d.<\/p>\n\n\n\n<p>&nbsp; &nbsp; Bratia a sestry v P\u00e1novi!<\/p>\n\n\n\n<p>&nbsp;&nbsp; Ak je kostol stavbou, na ktorej pr\u00e1ca v \u010dasnosti nikdy neprest\u00e1va, a je na nej v\u017edy \u010do robi\u0165 (ako hovor\u00ed \u013eudov\u00e1 sk\u00fasenos\u0165), to ist\u00e9 mo\u017eno poveda\u0165 aj o duchovnej stavbe cirkvi a n\u00e1\u0161ho vlastn\u00e9ho \u017eivota.<\/p>\n\n\n\n<p><strong>&nbsp;&nbsp; Cirkev je Bo\u017eia stavba:<\/strong><\/p>\n\n\n\n<p><em>&nbsp;&nbsp; 1. na Kristu zalo\u017een\u00e1<\/em><\/p>\n\n\n\n<p><em>&nbsp;&nbsp; 2. zo \u017eiv\u00fdch kame\u0148ov budovan\u00e1<\/em><\/p>\n\n\n\n<p><em>&nbsp;&nbsp; 3. k slu\u017ebe \u017eivotu povolan\u00e1<\/em><\/p>\n\n\n\n<p>&nbsp;&nbsp; Bratia a sestry v P\u00e1novi!<\/p>\n\n\n\n<p>&nbsp; \u00dactu k stavite\u013eom tohoto chr\u00e1mu Bo\u017eieho dok\u00e1\u017eeme dnes iba tak, ke\u010f aj n\u00e1m p\u00f4jde o stavbu cirkvi i na\u0161u vn\u00fatorn\u00fa stavbu a rast v duchovn\u00fd dom v zmysle apo\u0161tolsk\u00fdch slov. Predov\u0161etk\u00fdm sa mus\u00edme u\u010di\u0165: \u010do je cirkev ? U\u010di\u0165 sa v cirkev veri\u0165, v duchu Kr\u00e9da: Ver\u00edm v sv\u00e4t\u00fa cirkev v\u0161eobecn\u00fa. Znamen\u00e1 to veri\u0165, \u017ee cirkev je Bo\u017eie dielo a nie \u013eudsk\u00e9. Preto o nej plat\u00ed slovo P\u00e1na Je\u017ei\u0161a, \u017ee <em>\u201eJeho cirkev ani br\u00e1ny z\u00e1hrobia neprem\u00f4\u017eu\u201d. <\/em>Tu sa m\u00e1me u\u010di\u0165, \u017ee hlavou cirkvi je P\u00e1n Je\u017ei\u0161 Kristus. On cirkev vedie a riadi je na\u0161\u00edm P\u00e1nom. On je Hlavou, ktor\u00e1 cel\u00e9 telo riadi a vedie a ktor\u00fa maj\u00fa v\u0161etky \u00fady tohoto duchovn\u00e9ho tela posl\u00facha\u0165. Ak\u00e1ko\u013evek \u013eudsk\u00e1 <em><em>\u201e<\/em><\/em>\u0161pekul\u00e1cia\u201d a o i dobre myslen\u00e1 je cirkvi len na \u0161kodu. Je dokonca nemiestna a neraz aj \u0161kodliv\u00e1. Preto na\u0161ou snahou m\u00e1 by\u0165 v\u017edy n\u00e1vrat ku Kristu a k Jeho slovu a evanjeliu.<\/p>\n\n\n\n<p>&nbsp; &nbsp; Cirkev nie je organiz\u00e1ciou pod\u013ea vzoru svetsk\u00fdch organiz\u00e1ci\u00ed, klubov, alebo spolkov, ale je organizmom. \u017div\u00fdm telom, ktor\u00e9 on vedie a riadi. Preto v cirkvi nejde o to, aby bola riaden\u00e1 demokraticky, t.j. \u013eudovl\u00e1dou, ale m\u00e1 sa v nej prejavi\u0165 panstvo Kristovo, \u010di\u017ee kristokracia. Preto slovo apo\u0161tola Petra sved\u010d\u00ed:&nbsp;<\/p>\n\n\n\n<p><em>\u201e<\/em><em>Ajh\u013ea, kladiem na Sione uholn\u00fd kame\u0148, vyvolen\u00fd, vz\u00e1cny a to ver\u00ed v Neho, nebude zahanben\u00fd\u201d.<\/em>&nbsp;Je\u017ei\u0161 je Otcom posv\u00e4ten\u00fd z\u00e1kladn\u00fd kame\u0148 cirkvi a je s\u00fa\u010dasne aj t\u00fdm posledn\u00fdm kame\u0148om, ktor\u00fd ukon\u010duje klenbu, ktor\u00fd stavbu via\u017ee. Preto Je\u017ei\u0161 hovor\u00ed<em>: \u201e<\/em><em>Ja som Alfa i Omega,\u2026 Prv\u00fd a posledn\u00fd a \u017eiv\u00fd\u2026\u201d. (Zjav.J\u00e1na 1, 8 a 17b)<\/em><\/p>\n\n\n\n<p><em>&nbsp;&nbsp;<\/em> Bratia a sestry!<\/p>\n\n\n\n<p>&nbsp;&nbsp; Vybudovali ste tento chr\u00e1m iste nie pre svoju sl\u00e1vu, ale pre sl\u00e1vu Kristovu. Nech n\u00e1s aj dne\u0161n\u00e1 pamiatka posv\u00e4tenia odu\u0161evn\u00ed k vyzn\u00e1vaniu: Je\u017ei\u0161 je Skala vekov, Je\u017ei\u0161 je n\u00e1\u0161 P\u00e1n. Nech sa nestane pre n\u00e1s<em> \u201e<\/em><em>kame\u0148om, ktor\u00fd zavrhli stavitelia, kame\u0148om \u00farazu a skalou pohor\u0161enia\u201d. <\/em>Nech tu znej\u00fa aj na\u010falej chv\u00e1ly a v\u010faky Jemu sv\u00e4t\u00e9mu menu.<\/p>\n\n\n\n<p>&nbsp; &nbsp; Ke\u010f vyzn\u00e1vame o Kristu, \u017ee je Hlavou cirkvi, hovor\u00edme z\u00e1rove\u0148, \u017ee cirkev je Jeho \u017eiv\u00fdm telom. Aby bola \u017eiv\u00fdm organizmom, mus\u00ed by\u0165 budovan\u00e1 zo<em> \u201e<\/em><em>\u017eiv\u00fdch kame\u0148ov\u201d.<\/em> Je to zaiste ur\u010dit\u00fd paradox, ktor\u00fd tu vyslovuje apo\u0161tol Peter: <em>\u201e<\/em><em>\u017eiv\u00fd kame\u0148 &#8211; \u017eiv\u00e9 kamene<\/em>\u201d. &#8211; Oby\u010dajne, ak my chceme vyjadri\u0165 chlad, m\u0155tvotu, tvrdos\u0165 a nel\u00e1sku, pou\u017eijeme ako symbol t\u00fdchto vec\u00ed slovo kame\u0148. Tu\u0161\u00edme, \u010do sa mysl\u00ed t\u00fdm, ak sa o niekom povie: m\u00e1 srdce z kame\u0148a.<\/p>\n\n\n\n<p>&nbsp; &nbsp; Iste je t\u00fdm vysloven\u00e1 aj t\u00e1 pravda, \u017ee s tak\u00fdmto <em>\u201e<\/em>materi\u00e1lom\u201d pri stavbe cirkvi P\u00e1n Je\u017ei\u0161 po\u010d\u00edta. Pozn\u00e1 dobre vn\u00fatro a srdce \u010dloveka.&nbsp;<\/p>\n\n\n\n<p>Ale s\u00fa\u010dasne je Je\u017ei\u0161 Kristus Ten, ktor\u00fd skrze Ducha Sv\u00e4t\u00e9ho v\u017edy mocne p\u00f4sob\u00ed tak, aby z kamenn\u00fdch s\u0155dc urobil srdcia <em>\u201e<\/em>m\u00e4sit\u00e9\u201d, \u017eiv\u00e9 vierou. Preto n\u00e1s Duch Sv\u00e4t\u00fd povol\u00e1va, osvecuje a posv\u00e4cuje, zhroma\u017e\u010fuje a vo viere zachov\u00e1va. P\u00e1n Je\u017ei\u0161 aj \u0160imonovi, synovi Jon\u00e1\u0161ovmu povedal: <em>\u201e<\/em><em>Ty si Peter &#8211; Skala\u2026a na tej skale vystav\u00edm si cirkev\u201d\u2026<\/em>Ale ako sme u\u017e sk\u00f4r povedali: Hlavou cirkvi nie je \u010dlovek a nie \u0148ou ani apo\u0161tol Peter<em>. <\/em>Peter s\u00e1m by bol bez pomoci a milosti Bo\u017eej, ktor\u00e1 mu zjavila pravdu o Je\u017ei\u0161ovi len \u00faboh\u00fdm zapiera\u010dom a dobrodruhom s me\u010dom v ruke. P\u00e1n ho u\u010dil a postupne vychov\u00e1val, aby sa stal \u017eiv\u00fdm kame\u0148om a my len \u017easneme nad tou zmenu a premenou syna Jon\u00e1\u0161ovho.<\/p>\n\n\n\n<p>&nbsp;&nbsp; \u010eakujeme dnes P\u00e1novi, \u017ee aj na tomto mieste <em>\u201e<\/em>o\u017eilo\u201d viacero tvrd\u00fdch s\u0155dc, raz ubit\u00fdch hriechom, raz svetom a inokedy ustarostenos\u0165ou.Tu sa viacer\u00ed zachveli b\u00e1z\u0148ou a duchovne sa prebudili. Preto chceme aj na\u010falej nav\u0161tevova\u0165 tento chr\u00e1m, aby sme aj my boli P\u00e1nom priveden\u00ed k pravej viere, aby sme sa st\u00e1vali&nbsp;\u017eiv\u00fdmi kame\u0148mi, sv\u00e4t\u00fdm a kr\u00e1\u013eovsk\u00fdm k\u0148azstvom a nach\u00e1dzali tak pokoj a rados\u0165 v Duchu Sv\u00e4tom.<\/p>\n\n\n\n<p>&nbsp;&nbsp; 3.Bratia a sestry v P\u00e1novi!<\/p>\n\n\n\n<p>&nbsp;&nbsp; &nbsp; V\u0161etci, ktor\u00ed <em>\u201emaj\u00fa na mysli cesty do chr\u00e1mu<\/em>\u201d m\u00f4\u017eu vyzna\u0165 s emausk\u00fdmi u\u010den\u00edkmi: <em>\u201e\u010ci nehorelo v n\u00e1s srdce, ke\u010f ke\u010f n\u00e1m hovoril cestou cestou a vysvet\u013eoval P\u00edsma ?\u201d (L 24, 32) <\/em>V tomto roku sme to poznali aj vtedy, ke\u010f sme nav\u0161t\u00edvili aj in\u00e9 cirkevn\u00e9 zbory a slu\u017eby Bo\u017eie v ich chr\u00e1moch: v Bratislave, v Pezinku, vo Ve\u013ekom Grobe, alebo v Mn\u00ed\u0161ku. \u00c1no, vieme, \u017ee bez slu\u017eby konanej v chr\u00e1me sa deje s \u010dlovekom proces opa\u010dn\u00fd &#8211; jeho srdce st\u00e1le viac trp\u00ed <em>\u201e<\/em>kardioskler\u00f3zou\u201d.<\/p>\n\n\n\n<p>&nbsp; Tento n\u00e1\u0161 mil kostol\u00edk tu iste nie je iba pre t\u00fdch, ktor\u00ed ho stavali a ktor\u00ed zn\u00e1\u0161ali to najv\u00e4\u010d\u0161ie bremeno. Vieme, \u017ee neraz si museli po\u010d\u00edna\u0165 ako Ezdr\u00e1\u0161 s Nehemi\u00e1\u0161om pri stavbe hradieb Siona a druh\u00e9ho chr\u00e1mu v Jeruzaleme: jednou rukou stavbu br\u00e1ni\u0165 pred neprajn\u00edkmi, druhou stava\u0165. Teraz je tu dielo, ktor\u00e9 m\u00f4\u017ee sl\u00fa\u017ei\u0165 n\u00e1m i na\u0161\u00edm potomkom.<\/p>\n\n\n\n<p>&nbsp;&nbsp; O t\u00fato slu\u017ebu v\u017edy i\u0161lo a ide. Cirkev je Bo\u017eia stavba, ktor\u00e1 je k slu\u017ebe \u017eivotu povolan\u00e1. Ide o kvalitu \u017eivota pre v\u0161etk\u00fdch, lebo P\u00e1n Boh chce, <em>\u201eaby v\u0161etci \u013eudia boli spasen\u00ed a pri\u0161li k poznaniu pravdy\u201d. <\/em>Chce, aby sme zvestovali teraj\u0161\u00edm i prich\u00e1dzaj\u00facim pokoleniam <em>\u201ecnostn\u00e9 skutky Toho, ktor\u00fd n\u00e1s povolal z tmy do svojho predivn\u00e9ho svetla\u201d. <\/em>Preto spolo\u010dne ako <em>\u201e<\/em>kr\u00e1\u013eovsk\u00e9 k\u0148azstvo\u201d&nbsp;sl\u00fa\u017eme si navz\u00e1jom ako \u013eud Bo\u017e\u00ed, ktor\u00fd do\u0161iel zmilovania a \u017eije z darov milosti Bo\u017eej. U\u010dme sa tu \u017ei\u0165 v l\u00e1ske, u\u010dme sa tu trvalej strat\u00e9gii cirkvi za pr\u00edkladom jej P\u00e1na: <em>\u201e<\/em>Hriech nen\u00e1vidie\u0165\u201d, ale hrie\u0161nika milova\u0165. Iste, neraz aj n\u00e1m prichod\u00ed <em>\u201e<\/em>strias\u0165 si prach z obuvi\u201d a \u00eds\u0165&nbsp;o dom \u010falej. Nie v\u0161etci prij\u00edmaj\u00fa na\u0161u slu\u017ebu. Ale aj cirkevn\u00e1 discipl\u00edna je v skuto\u010dnosti veden\u00e1 l\u00e1skou a m\u00e1 vies\u0165 k novote \u017eivota. K tomu, aby na\u0161a cirkev bola a zost\u00e1vala <em>\u201ebez po\u0161kvrny a vr\u00e1sky\u201d.<\/em><\/p>\n\n\n\n<p>&nbsp; Bratia a sestry v P\u00e1novi!<\/p>\n\n\n\n<p>&nbsp; Dne\u0161n\u00fd sviato\u010dn\u00fd de\u0148 je pre n\u00e1s novou mo\u017enos\u0165ou povzbudi\u0165 sa obapolnou vierou k budovaniu n\u00e1\u0161ho evanjelick\u00e9ho Siona a i n\u00e1\u0161ho osobn\u00e9ho \u017eivota v <em>\u201e<\/em><em>duchovn\u00fd dom\u201d. <\/em>Sme v\u010fa\u010dn\u00ed P\u00e1nu Bohu za Jeho milos\u0165 a \u010fakujeme aj t\u00fdm, ktor\u00ed budovali tento<em> \u201cst\u00e1nok Bo\u017e\u00ed s \u013eu\u010fmi\u201d. <\/em>Nech prin\u00e1\u0161a aj na\u010falej duchovn\u00e9 vzdel\u00e1vanie a<em> \u201e<\/em><em>\u010dasy duchovn\u00e9ho rozvla\u017eenia\u201d <\/em>od P\u00e1na, pam\u00e4taj\u00fac na posolstvo slova Bo\u017eieho: Cirkev je Bo\u017eia stavba, na Kristu zalo\u017een\u00e1, zo \u017eiv\u00fdch kame\u0148ov budovan\u00e1 a k slu\u017ebe \u017eivotu povolan\u00e1. Preto so \u017dalmistom spievajme:<em> \u201e<\/em><em>Ak\u00e9 s\u00fa mil\u00e9 Tvoje pr\u00edbytky, \u00f3 Hospodine vojov! Du\u0161a mi t\u00fa\u017ei, priam prahne po sie\u0148ach Hospodinov\u00fdch, srdce a telo mi ples\u00e1 v \u00fastrety Bohu \u017eiv\u00e9mu\u201d. (\u017d 84, 2 &#8211; 3) <\/em>Amen<\/p>\n\n\n\n<p>&nbsp; &nbsp; &nbsp; 16.nede\u013ea po Sv\u00e4tej Trojici &#8211; Pamiatka posv\u00e4tenia chr\u00e1mu vo f\u00edlii ROVENSKO, CZ Soboti\u0161te 1987&nbsp; &#8211; \u013dubom\u00edr Batka st.ev.far\u00e1r<\/p>\n\n\n\n<p>&nbsp;&nbsp; P.S.<\/p>\n\n\n\n<p>&nbsp;&nbsp; Pri dne\u0161nej Pamiatke posv\u00e4tenia chr\u00e1mu z osobn\u00e9ho arch\u00edvu venujem t\u00fato k\u00e1ze\u0148 bratom a sestr\u00e1m vo f\u00edlii Rovensko, v ktorej sme pracovali spolo\u010dne temer 33 rokov a kam sa radi aj po rokoch v duchu a v spomienkach vraciame. \u013dB st.<\/p>\n\n\n\n<p><\/p>\n","protected":false},"excerpt":{"rendered":"<p>&nbsp;&nbsp; &nbsp; &nbsp; &nbsp; &nbsp; &nbsp; &nbsp; &nbsp; &nbsp; &nbsp; &nbsp; &nbsp; Cirkev je Bo\u017eia stavba Bo\u017ee sv\u00e4t\u00fd, Hospodine, obnov n\u00e1s v sv\u00e4t\u00fd chr\u00e1m, Nech sa srdce k Tebe vinie, Ty ho l\u00e1skaj ! Ty ho chr\u00e1\u0148 ! Hoc je ve\u013ek\u00e1 vina, pre Je\u017ei\u0161a, Syna, odpus\u0165 na\u0161e previnenie, \u017eehnaj na\u0161e zhroma\u017edenie. Amen&nbsp; (M.R.) 1 Pt &#8230; <a title=\"Cirkev je Bo\u017eia stavba\" class=\"read-more\" href=\"https:\/\/www.e-anjelik.sk\/index.php\/2024\/09\/15\/cirkev-je-bozia-stavba\/\" aria-label=\"Pre\u010d\u00edtajte si viac o Cirkev je Bo\u017eia stavba\">\u010c\u00edta\u0165 viac<\/a><\/p>\n","protected":false},"author":4,"featured_media":37233,"comment_status":"open","ping_status":"open","sticky":false,"template":"","format":"standard","meta":{"footnotes":""},"categories":[639,121,124,95],"tags":[],"class_list":["post-37229","post","type-post","status-publish","format-standard","has-post-thumbnail","hentry","category-16-nedela-po-svatej-trojici","category-kazne","category-pamiatka-posvatenia-chramu","category-sobotiste"],"_links":{"self":[{"href":"https:\/\/www.e-anjelik.sk\/index.php\/wp-json\/wp\/v2\/posts\/37229","targetHints":{"allow":["GET"]}}],"collection":[{"href":"https:\/\/www.e-anjelik.sk\/index.php\/wp-json\/wp\/v2\/posts"}],"about":[{"href":"https:\/\/www.e-anjelik.sk\/index.php\/wp-json\/wp\/v2\/types\/post"}],"author":[{"embeddable":true,"href":"https:\/\/www.e-anjelik.sk\/index.php\/wp-json\/wp\/v2\/users\/4"}],"replies":[{"embeddable":true,"href":"https:\/\/www.e-anjelik.sk\/index.php\/wp-json\/wp\/v2\/comments?post=37229"}],"version-history":[{"count":6,"href":"https:\/\/www.e-anjelik.sk\/index.php\/wp-json\/wp\/v2\/posts\/37229\/revisions"}],"predecessor-version":[{"id":37414,"href":"https:\/\/www.e-anjelik.sk\/index.php\/wp-json\/wp\/v2\/posts\/37229\/revisions\/37414"}],"wp:featuredmedia":[{"embeddable":true,"href":"https:\/\/www.e-anjelik.sk\/index.php\/wp-json\/wp\/v2\/media\/37233"}],"wp:attachment":[{"href":"https:\/\/www.e-anjelik.sk\/index.php\/wp-json\/wp\/v2\/media?parent=37229"}],"wp:term":[{"taxonomy":"category","embeddable":true,"href":"https:\/\/www.e-anjelik.sk\/index.php\/wp-json\/wp\/v2\/categories?post=37229"},{"taxonomy":"post_tag","embeddable":true,"href":"https:\/\/www.e-anjelik.sk\/index.php\/wp-json\/wp\/v2\/tags?post=37229"}],"curies":[{"name":"wp","href":"https:\/\/api.w.org\/{rel}","templated":true}]}}