{"id":3728,"date":"2011-08-22T07:59:42","date_gmt":"2011-08-22T07:59:42","guid":{"rendered":"http:\/\/e-anjelik.sk\/?p=3728"},"modified":"2011-08-22T07:59:42","modified_gmt":"2011-08-22T07:59:42","slug":"viktoria-caka-dieta","status":"publish","type":"post","link":"https:\/\/www.e-anjelik.sk\/index.php\/2011\/08\/22\/viktoria-caka-dieta\/","title":{"rendered":"Vikt\u00f3ria \u010dak\u00e1 die\u0165a"},"content":{"rendered":"<p>&Scaron;v&eacute;dsky kr&aacute;\u013eovsk&yacute; dvor v t&yacute;chto d\u0148och ozn&aacute;mil t&uacute;to spr&aacute;vu: &quot; Ich kr&aacute;\u013eovsk&eacute; V&yacute;sosti korunn&aacute; princezn&aacute; Vict&oacute;ria a princ Daniel oznamuj&uacute; s rados\u0165ou, \u017ee \u010dakaj&uacute; die\u0165a.&quot; Vict&oacute;ria a Daniel sa zosob&aacute;&scaron;ili vlani 19. j&uacute;na, ke\u010f predt&yacute;m v roku 2009 sa boli vo febru&aacute;ri zasn&uacute;bili. P&aacute;r b&yacute;va v kr&aacute;\u013eovskom z&aacute;mku Haga v Solne. Die\u0165atko m&aacute; pr&iacute;s\u0165 na svet v marci 2012. Vict&oacute;ria bude prvou \u017eenskou panovn&iacute;\u010dkou z rodu Bernadotte.<\/p>\n<p>(<a href=\"http:\/\/www.dagen.se\">www.dagen.se<\/a>)<\/p>\n","protected":false},"excerpt":{"rendered":"<p>&Scaron;v&eacute;dsky kr&aacute;\u013eovsk&yacute; dvor v t&yacute;chto d\u0148och ozn&aacute;mil t&uacute;to spr&aacute;vu: &quot; Ich kr&aacute;\u013eovsk&eacute; V&yacute;sosti korunn&aacute; princezn&aacute; Vict&oacute;ria a princ Daniel oznamuj&uacute; s rados\u0165ou, \u017ee \u010dakaj&uacute; die\u0165a.&quot; Vict&oacute;ria a Daniel sa zosob&aacute;&scaron;ili vlani 19. j&uacute;na, ke\u010f predt&yacute;m v roku 2009 sa boli vo febru&aacute;ri zasn&uacute;bili. P&aacute;r b&yacute;va v kr&aacute;\u013eovskom z&aacute;mku Haga v Solne. Die\u0165atko m&aacute; pr&iacute;s\u0165 na &#8230; <a title=\"Vikt\u00f3ria \u010dak\u00e1 die\u0165a\" class=\"read-more\" href=\"https:\/\/www.e-anjelik.sk\/index.php\/2011\/08\/22\/viktoria-caka-dieta\/\" aria-label=\"Pre\u010d\u00edtajte si viac o Vikt\u00f3ria \u010dak\u00e1 die\u0165a\">\u010c\u00edta\u0165 viac<\/a><\/p>\n","protected":false},"author":22,"featured_media":0,"comment_status":"open","ping_status":"open","sticky":false,"template":"","format":"standard","meta":{"footnotes":""},"categories":[1,14],"tags":[],"class_list":["post-3728","post","type-post","status-publish","format-standard","hentry","category-adventna-modlitba","category-osobnosti"],"_links":{"self":[{"href":"https:\/\/www.e-anjelik.sk\/index.php\/wp-json\/wp\/v2\/posts\/3728","targetHints":{"allow":["GET"]}}],"collection":[{"href":"https:\/\/www.e-anjelik.sk\/index.php\/wp-json\/wp\/v2\/posts"}],"about":[{"href":"https:\/\/www.e-anjelik.sk\/index.php\/wp-json\/wp\/v2\/types\/post"}],"author":[{"embeddable":true,"href":"https:\/\/www.e-anjelik.sk\/index.php\/wp-json\/wp\/v2\/users\/22"}],"replies":[{"embeddable":true,"href":"https:\/\/www.e-anjelik.sk\/index.php\/wp-json\/wp\/v2\/comments?post=3728"}],"version-history":[{"count":0,"href":"https:\/\/www.e-anjelik.sk\/index.php\/wp-json\/wp\/v2\/posts\/3728\/revisions"}],"wp:attachment":[{"href":"https:\/\/www.e-anjelik.sk\/index.php\/wp-json\/wp\/v2\/media?parent=3728"}],"wp:term":[{"taxonomy":"category","embeddable":true,"href":"https:\/\/www.e-anjelik.sk\/index.php\/wp-json\/wp\/v2\/categories?post=3728"},{"taxonomy":"post_tag","embeddable":true,"href":"https:\/\/www.e-anjelik.sk\/index.php\/wp-json\/wp\/v2\/tags?post=3728"}],"curies":[{"name":"wp","href":"https:\/\/api.w.org\/{rel}","templated":true}]}}