{"id":37315,"date":"2024-10-06T18:06:52","date_gmt":"2024-10-06T16:06:52","guid":{"rendered":"https:\/\/www.e-anjelik.sk\/?p=37315"},"modified":"2024-10-21T23:04:32","modified_gmt":"2024-10-21T21:04:32","slug":"kazen-ktora-neodznela","status":"publish","type":"post","link":"https:\/\/www.e-anjelik.sk\/index.php\/2024\/10\/06\/kazen-ktora-neodznela\/","title":{"rendered":"K\u00e1ze\u0148, ktor\u00e1 neodznela"},"content":{"rendered":"\n<p><strong>&nbsp; &nbsp; &nbsp; &nbsp; Uveril som, preto som hovoril<\/strong><\/p>\n\n\n\n<p><strong>2 Kor 4, 5 -14:<\/strong><\/p>\n\n\n\n<p><em>\u201cLebo nie seba k\u00e1\u017eeme, ale Krista Je\u017ei\u0161a, P\u00e1na; o sebe v\u0161ak hovor\u00edme ako o va\u0161ich slu\u017eobn\u00edkoch skrze Je\u017ei\u0161a. (6) Lebo Boh, ktor\u00fd povedal: Nech z temnosti za\u017eiari svetlo! &#8211; za\u017eiaril v na\u0161ich srdciach, aby svietila zn\u00e1mos\u0165 sl\u00e1vy Bo\u017eej v tv\u00e1ri Kristovej.<\/em> <em>(7) Tento poklad m\u00e1me, pravda, v hlinen\u00fdch n\u00e1dob\u00e1ch, aby sa uk\u00e1zalo, \u017ee t\u00e1 prenesmierna moc je z Boha a nie\u00a0 z n\u00e1s. (8) V\u0161etk\u00fdm sme utl\u00e1\u010dan\u00ed, ale nie potla\u010den\u00ed; sme tiesnen\u00ed, ale si nez\u00fafame; (9) sme prenasledovan\u00ed, ale nie opusten\u00ed; sme zmietan\u00ed, ale nehynieme; (10) m\u0155tvenie Je\u017ei\u0161a nos\u00edme st\u00e1le v tele, aby aj \u017eivot Je\u017ei\u0161ov zjavn\u00fd bol na na na\u0161om tele. (11) My, \u017eiv\u00ed, ustavi\u010dne sme vyd\u00e1van\u00ed na smr\u0165 pre Je\u017ei\u0161a, aby aj \u017eivot Je\u017ei\u0161ov zjaven\u00fd bol na smrte\u013enom na\u0161om tele. (12) A tak v n\u00e1s p\u00f4sob\u00ed smr\u0165, ale vo v\u00e1s \u017eivot. (13) Ke\u010f\u017ee v\u0161ak m\u00e1me toho ist\u00e9ho ducha viery, ako je nap\u00edsan\u00e9: Uveril som, preto som hovoril, &#8211; aj my ver\u00edme a preto aj hovor\u00edme, (14) lebo vieme, \u017ee Ten, kto vzkriesil P\u00e1na Je\u017ei\u0161a, vzkriesi aj n\u00e1s s Je\u017ei\u0161om a postav\u00ed n\u00e1s s vami\u201d. Amen<\/em><\/p>\n\n\n\n<p><em>&nbsp;&nbsp; &nbsp; &nbsp; &nbsp; <\/em>Sm\u00fato\u010dn\u00e9 pohrebn\u00e9 zhroma\u017edenie, bohumil\u00ed kres\u0165ania, sm\u00fatiaca rodinka!<\/p>\n\n\n\n<p>&nbsp;&nbsp; &nbsp; V jednom cirkevnom zbore sa stala na z\u00e1ver slu\u017eieb Bo\u017e\u00edch nasledovn\u00e1 udalos\u0165. Ke\u010f kazate\u013e udelil \u00c1ronovsk\u00e9 po\u017eehnanie a dospieval sa posledn\u00fd ver\u0161 piesne \u201cna v\u00fdchod\u201d a oto\u010dil sa k \u013eudu, prekvapilo ho, \u017ee nikto z chr\u00e1mu neodch\u00e1dzal. V\u0161etci sedeli na svojich miestach. V duchu prem\u00fd\u0161\u013eal, pre\u010do asi \u013eudia zost\u00e1vaj\u00fa v chr\u00e1me. Vtedy sa postavil jeden mu\u017e a povedal: <em>\u201dP\u00e1n far\u00e1r, va\u0161a k\u00e1ze\u0148 n\u00e1s hlboko oslovila. Pros\u00edme v\u00e1s, povedzte n\u00e1m ju e\u0161te raz, chceme ju po\u010du\u0165 znovu\u201d!&nbsp;<\/em><\/p>\n\n\n\n<p><em>&nbsp;&nbsp; &nbsp; <\/em>T\u00e1to udalos\u0165 sa stala d\u00e1vnej\u0161ie v slovenskom evanjelickom zbore na Dolnej zemi, vo Vojvodine, v cirkevnom zbore v Hajdu\u0161ici. Ako hos\u0165 tu vykon\u00e1val slu\u017eby Bo\u017eie kazate\u013e, ktor\u00fd sem pri\u0161iel na s\u00fakromn\u00fa n\u00e1v\u0161tevu a bol po\u017eiadan\u00fd, aby v nede\u013eu zast\u00fapil dom\u00e1ceho k\u0148aza, ktor\u00fd bol na dovolenke. Kazate\u013e, ktor\u00e9ho k\u00e1ze\u0148 chceli dom\u00e1ci znovu po\u010du\u0165 &#8211; <strong>bol Branislav Kol\u00e9ny.<\/strong><\/p>\n\n\n\n<p>&nbsp; &nbsp; Iba zriedkavo sa v cirkvi st\u00e1va, ak v\u00f4bec, aby zaznela podobn\u00e1 prosba: <em>P\u00e1n far\u00e1r, povedzte n\u00e1m svoju k\u00e1ze\u0148 e\u0161te raz!<\/em>&nbsp; Dnes sme sa <strong>tu v \u010castkove<\/strong> zi\u0161li mnoh\u00ed a mo\u017eno m\u00e1me podobn\u00e9 my\u0161lienky a podobn\u00fa t\u00fa\u017ebu v srdci. Aby ten, ktor\u00fd dlh\u00e9 roky k\u00e1zal na tejto kazate\u013enici, prehovoril k n\u00e1m, e\u0161te raz &#8211;<em>\u201dprv ako od\u00edde a nebude ho viac\u201d. (\u017d&nbsp; 39,14 ) <\/em>Aj my sme radi po\u010d\u00favali jeho k\u00e1zne a skvel\u00e9 pr\u00edhovory.Tak\u00e1to prosba a t\u00fa\u017eba je pochopite\u013en\u00e1 tam, kde plat\u00ed apo\u0161tolsk\u00e9 slovo: <em>\u201dLebo nie seba k\u00e1\u017eeme, ale Krista Je\u017ei\u0161a, P\u00e1na; o sebe v\u0161ak hovor\u00edme, ako o va\u0161ich slu\u017eobn\u00edkoch skrze Je\u017ei\u0161a\u201d.<\/em>&nbsp;<\/p>\n\n\n\n<p>&nbsp; &nbsp; Aj o bratovi <strong>Bra\u0148ovi<\/strong>, niekdaj\u0161om k\u0148azovi cirkevn\u00e9ho zboru \u010dastkovsk\u00e9ho, m\u00f4\u017eeme pr\u00e1vom poveda\u0165:<em> bol va\u0161\u00edm slu\u017eobn\u00edkom skrze Je\u017ei\u0161a.<\/em> Bol slu\u017eobn\u00edkom svojej milovanej evanjelickej cirkvi a bol slu\u017eobn\u00edkom tohoto cirkevn\u00e9ho zboru. Bol n\u00edm r\u00e1d a vo svojej slu\u017ebe sa c\u00edtil \u0161\u0165astne. Ako slu\u017eobn\u00edk Kristov a v\u00e1\u0161 slu\u017eobn\u00edk nielen k\u00e1zal, ale aj \u017eil. Tak konal a \u017eil v\u017edy, a\u017e do konca \u010dasn\u00e9ho \u017eivota. Bol vern\u00fd <em>\u201cverbi divini minister\u201d<\/em> &#8211; <em>slu\u017eobn\u00edk slova Bo\u017eieho<\/em>. Nebol p\u00e1nom zboru, ale bol <em>\u201cminister\u201d<\/em> v pravom a plnom v\u00fdzname tohoto slova. To znamen\u00e1: \u201c<em>slu\u017eobn\u00edk a \u0161af\u00e1r tajomstiev Bo\u017e\u00edch\u201d.<\/em><\/p>\n\n\n\n<p>&nbsp;&nbsp; Je a\u017e nepochopite\u013en\u00e9, \u017ee tento kazate\u013e, obdaren\u00fd mnoh\u00fdmi hrivnami, ktor\u00e9 <em>\u201cnezakopal\u201d<\/em>, ale zve\u013eadil a nimi sl\u00fa\u017eil Bo\u017eiemu \u013eudu, zostal po vykonan\u00ed kapl\u00e1nskej slu\u017eby vern\u00fd jedn\u00e9mu neve\u013ek\u00e9mu cirkevn\u00e9mu zboru po cel\u00fd \u017eivot. Zostal vern\u00fd v\u00e1\u0161mu cirkevn\u00e9mu zboru v \u010castkove! Tu vst\u00fapil do olt\u00e1ra vtedy, ke\u010f bol ako mlad\u00fd k\u0148az povolan\u00fd a vyvolen\u00fd a tu aj zakon\u010dil svoju \u00factyhodn\u00fa 45 ro\u010dn\u00fa k\u0148azsk\u00fa slu\u017ebu. \u010ci t\u00e1to vernos\u0165 a va\u0161a opakovan\u00e1 vo\u013eba nie je d\u00f4kazom toho, \u017ee nielen posluch\u00e1\u010di na Dolnej zemi, ale aj vy, tunaj\u0161\u00ed dom\u00e1ci viery, ste t\u00fdmto sp\u00f4sobom vlastne vyslovili t\u00fa ist\u00fa t\u00fa\u017ebu a prosbu: <em>P\u00e1n far\u00e1r &#8211; k\u00e1\u017ete n\u00e1m Bo\u017eie slovo st\u00e1le a znovu!<\/em><\/p>\n\n\n\n<p>&nbsp; &nbsp; Hovor\u00edm dnes o tomto kazate\u013eovi slova Bo\u017eieho ako o \u201cp\u00e1novi far\u00e1rovi\u201d! Iste by ma za to poriadne skritizoval! I ke\u010f bol kazate\u013eom \u201dpar exelance\u201d a bol \u201cp\u00e1n kazate\u013e\u201d, nikdy sa ako \u017eiaden p\u00e1n nec\u00edtil. Nechcel panova\u0165 nad dedi\u010dstvom Bo\u017e\u00edm. Nechcel nad ove\u010dkami vl\u00e1dnu\u0165, ale chcel v\u00e1s vies\u0165 ako duchovn\u00fd pastier. Svoje duchovn\u00e9 st\u00e1do\u010dko nepoh\u00e1\u0148al a nenah\u00e1\u0148al \u017eiadnym bi\u010dom: ani prehnanou pr\u00edsnos\u0165ou, ani samo\u013e\u00fabos\u0165ou, ani m\u00e1rnou samochv\u00e1lou. Ako pastier \u0161iel verne a stato\u010dne vpredu a volal svoje ove\u010dky k nasledovaniu P\u00e1na. Poznal v\u0161etk\u00fdch dobre a po mene. Obrazne povedan\u00e9: Keby vedel hra\u0165 na p\u00ed\u0161\u0165alke, bol by svojim ove\u010dk\u00e1m i hral. Vedel v\u0161ak spieva\u0165 a odu\u0161ev\u0148oval zbor svojim zvu\u010dn\u00fdm hlasom. Bol v\u00fdborn\u00fd kazate\u013e i skvel\u00fd liturg. Preto v\u017edy spieval r\u00e1d so svojimi doma i so svojimi i v chr\u00e1me.&nbsp;<\/p>\n\n\n\n<p>&nbsp;&nbsp; &nbsp; Spieval aj s ml\u00e1de\u017eou a te\u0161il sa zo zborov\u00e9ho spevokolu. Piesne z n\u00e1\u0161ho nov\u00e9ho Spevn\u00edka a nov\u00e1 liturgia neboli pre neho d\u00f4vodom frf\u013eania, ako to niekedy v cirkvi po\u010du\u0165. Pre neho to bola v\u00fdzva: prija\u0165 aj nov\u00e9 piesne, obohati\u0165 a zvr\u00facni\u0165 nimi duchovn\u00fd \u017eivot cirkevn\u00e9ho zboru i \u017eivot svoj.&nbsp;<\/p>\n\n\n\n<p>&nbsp;&nbsp; Spom\u00ednam si, ako sa h\u00fa\u017eevnato u\u010dil a nacvi\u010doval p\u00f4vodn\u00e9, staroluter\u00e1nske n\u00e1pevy k Ve\u010deri P\u00e1novej. Nau\u010dil sa ich a potom ich radostne pon\u00fakol zboru. Nebr\u00e1nil sa \u017eiadnym nov\u00fdm prvkom v liturgii a niektor\u00e9 s\u00e1m inicioval a pou\u017e\u00edval. Napr\u00edklad striedanie slova <em>Amen a Haleluja!&nbsp;<\/em><\/p>\n\n\n\n<p>&nbsp;&nbsp; Ke\u010f som v tomto kostole k\u00e1zal prv\u00fd kr\u00e1t, bolo to e\u0161te pred vydan\u00edm novej Agendy, vyzval som pr\u00edtomn\u00fdch, aby sme sa v\u0161etci modlili Ot\u010den\u00e1\u0161 nahlas. Okam\u017eite tento prvok prevzal a uviedol do \u017eivota zboru sk\u00f4r, ako bol ofici\u00e1lne potvrden\u00fd novou Agendou.&nbsp;<\/p>\n\n\n\n<p>&nbsp;&nbsp; &nbsp; Mil\u00ed bratia a sestry, mil\u00e1 rodinka, mil\u00ed priatelia!&nbsp;<\/p>\n\n\n\n<p>&nbsp; &nbsp; Prich\u00e1dzame sa dnes s n\u00edm rozl\u00fa\u010di\u0165, hoci len na \u010das. Mo\u017eno by sme chceli aj my dnes poveda\u0165: Brat far\u00e1r &#8211; prehovorte k n\u00e1m e\u0161te raz &#8211;&nbsp; t\u00fa\u017eime po\u010du\u0165 va\u0161e otcovsk\u00e9 slovo! Po po\u010dut\u00ed jeho slov t\u00fa\u017eia dnes aj jeho najbli\u017e\u0161\u00ed. Milovan\u00e1 man\u017eelka Kvetka, deti, vn\u00fa\u010dat\u00e1 a v\u0161etci z kruhu bli\u017e\u0161ej i \u0161ir\u0161ej rodiny. Chcem preto poveda\u0165 &#8211; v\u00e1m jeho drah\u00fdm i v\u00e1m, dom\u00e1cim viery, ale aj sestr\u00e1m a bratom z in\u00fdch cirkevn\u00fdch zborov, ktor\u00fdm dok\u00e1zal posl\u00fa\u017ei\u0165 a oslovoval ich Bo\u017e\u00edm slovom: on hovori\u0165 neprestal! U\u017e s\u00edce nevst\u00fapi do olt\u00e1ra a nevyst\u00fapi na kazate\u013enicu, ale to, \u010do r\u00e1d hovoril, neprest\u00e1va znie\u0165. On hovor\u00ed preto, lebo nek\u00e1zal seba, ale Krista Je\u017ei\u0161a! A slovo Kristovo zost\u00e1va naveky!&nbsp;<\/p>\n\n\n\n<p>&nbsp;&nbsp; Zost\u00e1va tu aj \u010fal\u0161ia hodnota: Jeho sejba a prejavy l\u00e1sky, ktor\u00fa dokazoval najm\u00e4 k v\u00e1m najbli\u017e\u0161\u00edm. V tomto oh\u013eade plat\u00ed to, \u010do apo\u0161tol Pavel nap\u00edsal na inom mieste: <em>\u201cL\u00e1ska nikdy neprestane. &#8211; Jazyky um\u013aknu, poznanie sa pominie.\u201d<\/em>&nbsp; (1 K 13) I jeho l\u00e1ska man\u017eelsk\u00e1 a rodi\u010dovsk\u00e1 zost\u00e1va ako vz\u00e1cna hodnota a sp\u00e1ja \u010dasnos\u0165 s ve\u010dnos\u0165ou.<\/p>\n\n\n\n<p>&nbsp;&nbsp; &nbsp; Bohumil\u00ed kres\u0165ania, v\u00e1\u017een\u00e1 sm\u00fatiaca rodinka!<\/p>\n\n\n\n<p>&nbsp;&nbsp; Nie je \u013eahk\u00e9 a jednoduch\u00e9 l\u00fa\u010di\u0165 sa naposledy, zvl\u00e1\u0161\u0165 v tomto predviano\u010dnom \u010dase. Nie je \u013eahk\u00e9 zadr\u017ea\u0165 slzy, b\u00f4\u013ene vzdychy a t\u00fa\u017eby srdca. Ak v\u0161ak chceme by\u0165 vern\u00ed jeho celo\u017eivotnej slu\u017ebe, jeho odkazu i pr\u00edkladu \u017eivota ktor\u00fd n\u00e1m zanechal, m\u00f4\u017eeme sa aj dnes pote\u0161i\u0165 a povzbudi\u0165. A to t\u00fdm, \u010do aj jeho te\u0161ilo, povzbudzovalo a robilo mu\u017eom m\u00fadrym. Dom svojho \u017eivota toti\u017e staval v\u017edy na Skale vekov. Na Kristovi, P\u00e1novi.&nbsp;<\/p>\n\n\n\n<p>&nbsp;&nbsp; &nbsp; Slovo apo\u0161tola Pavla, ktor\u00e9 n\u00e1m zaznelo z \u00favodn\u00e9ho textu bolo realitou naplno pre\u017e\u00edvanou v jeho srdci.<em> \u201cLebo Boh, ktor\u00fd povedal: nech z temnosti za\u017eiari svetlo, za\u017eiaril v na\u0161ich srdciach, aby svietila zn\u00e1mos\u0165 sl\u00e1vy Bo\u017eej v tv\u00e1ri Kristovej\u201d.<\/em><\/p>\n\n\n\n<p>&nbsp;&nbsp; &nbsp; Toto posolstvo \u010dasto zaznieva v cirkvi pr\u00e1ve v adventnom, predviano\u010dnom \u010dase. Dni s\u00fa kr\u00e1tke, okolo n\u00e1s je viac \u0161era a tmy ako svetla. Ale cirkev \u017eije v radostnom o\u010dak\u00e1van\u00ed. Veriaci sa te\u0161ia z ka\u017edej zap\u00e1lenej svie\u010dky na adventnom venci, a zvl\u00e1\u0161\u0165 na chv\u00ed\u013eu, ke\u010f sa rozhoria svetl\u00e1 na viano\u010dnom strome. Na chv\u00ed\u013eu, ke\u010f sa roz\u017eiari mnoho svetiel v dom\u00e1cnostiach i v na\u0161ich chr\u00e1moch po\u010das sviatkov Svetla.<\/p>\n\n\n\n<p>&nbsp;&nbsp; &nbsp; &nbsp; P\u00e1n Boh, ktor\u00fd na po\u010diatku riekol: <em>Bu\u010f svetlo,<\/em> ktor\u00fd prehovoril k Moj\u017ei\u0161ovi na p\u00fa\u0161ti z kra ktor\u00fd horel, ale nezhorel a ktor\u00fd svietil ohniv\u00fdm st\u013apom svojmu \u013eudu na cestu do novej vlasti, svieti dnes aj n\u00e1m. On viedol a priviedol svoj \u013eud do krajiny opl\u00fdvaj\u00facej mliekom a medom, k \u017eivotu po\u017eehnan\u00e9mu a d\u00f4stojn\u00e9mu. To rob\u00ed P\u00e1n Boh v\u017edy nanovo. Ani n\u00e1s nechce necha\u0165 v tme. Ani n\u00e1s nechce necha\u0165 a nenech\u00e1va osamoten\u00fdch a bez n\u00e1deje. V plnosti \u010dasu za\u017eiaril&nbsp; v Tom, ktor\u00fd bol, ktor\u00fd je a aj zostane Svetlom sveta, v Kristovi, P\u00e1novi. Aby sme boli \u013eu\u010fmi radostnej n\u00e1deje!&nbsp;<\/p>\n\n\n\n<p>&nbsp;&nbsp; &nbsp; &nbsp; Brat Branko mal to \u0161\u0165astie, \u017ee svetielko viery za\u017e\u00edhali v \u0148om jeho rodi\u010dia od \u00fatlej mladosti. Otec, ktor\u00fd bol far\u00e1rom v Krajnom a rovnako i jeho matka. Dovo\u013ete mi, moji mil\u00ed, aby som to povedal jeho vlastn\u00fdmi slovami, ako ich vyznal a porozpr\u00e1val mojej neveste Katke, pri jednej n\u00e1v\u0161teve:&nbsp;<\/p>\n\n\n\n<p>&nbsp;&nbsp; &nbsp; &nbsp;<em> \u201d Rodi\u010dia po\u010das adventu nezab\u00fadali na n\u00e1bo\u017eensk\u00fa v\u00fdchovu. T\u00fato funkciu realizoval otec aj matka. Matka u\u010dila deti modli\u0165 sa a to r\u00e1no, ve\u010der, pred a po ka\u017edom jedle. Otec u\u010dil deti spieva\u0165 n\u00e1bo\u017en\u00e9 piesne. Okrem toho rozpr\u00e1val de\u0165om biblick\u00e9 pr\u00edbehy, ktor\u00e9 boli v advente aktu\u00e1lne a to v\u017edy podve\u010der, ke\u010f sa stmievalo\u2026Vedel vzbudi\u0165 v n\u00e1s skuto\u010dn\u00e9 o\u010dak\u00e1vanie ve\u013ekej viano\u010dnej udalosti\u2026Jeho vyjadrovanie sa sna\u017eilo kore\u0161pondova\u0165 s na\u0161\u00edm detsk\u00fdm vekom, aby prijat\u00e9 biblick\u00e9 semia\u010dko padlo do \u00farodnej p\u00f4dy a prin\u00e1\u0161alo po\u017eehnan\u00fa \u00farodu vo forme hrejiv\u00e9ho vz\u0165ahu k nebesk\u00e9mu P\u00e1novi\u201d. \u2026.V \u010dase adventu sa konali aj viano\u010dn\u00e9 besiedky. V nede\u013eu poobede viedla detsk\u00fa besiedku matka. Konala sa v cirkevnej sieni, kde sa muselo zmesti\u0165 okolo 50-60 det\u00ed od 4-do 12 rokov. To v\u0161etko musela stihn\u00fa\u0165 popri starostlivosti o ve\u013ek\u00fa dom\u00e1cnos\u0165\u2026\u201d<\/em><\/p>\n\n\n\n<p>&nbsp;&nbsp; &nbsp; Nepochybne, t\u00e1to rodinn\u00e1 sejba sa neminula \u00fa\u010dinkom.&nbsp;<\/p>\n\n\n\n<p>V Myjavskom senior\u00e1te patril zve\u010dnel\u00fd brat far\u00e1r k t\u00fdm, ktor\u00fd v\u017edy neohrozene a r\u00e1d vyu\u010doval Bo\u017e\u00edm pravd\u00e1m aj deti, \u010di u\u017e v \u0161kole, alebo na detsk\u00fdch slu\u017eb\u00e1ch Bo\u017e\u00edch a to vo v\u0161etk\u00fdch obdobiach jeho p\u00f4sobenia. Nie n\u00e1hodou bol dlh\u00e9 roky aj dekanom n\u00e1bo\u017eenskej v\u00fdchovy v senior\u00e1te a v tejto funkcii n\u00e1v\u0161teval cirkevn\u00e9 zbory, v ktor\u00fdch svojimi k\u00e1z\u0148ami povzbudzoval svojich kolegov i rodi\u010dov, aby nezanedb\u00e1vali n\u00e1bo\u017eensk\u00fa v\u00fdchovu doma a prihlasovali deti na n\u00e1bo\u017eenstvo aj v \u0161kole, ako sa to dialo v\u017edy aj v tomto cirkevnom zbore.&nbsp;<\/p>\n\n\n\n<p>&nbsp; &nbsp; V senior\u00e1te mu nikdy ne\u0161lo o funkcie, ale konal svoju slu\u017ebu verne a zodpovedne. Aj na senior\u00e1lnych konventoch boli jeho vyst\u00fapenia a diskusn\u00e9 pr\u00edspevky \u010dasto venovan\u00e9 pr\u00e1ve starostlivosti o duchovn\u00fa v\u00fdchovu det\u00ed. Vy, dom\u00e1ci viery, budete iste dlho spom\u00edna\u0165 na \u00fasilie, ktor\u00e9 venoval va\u0161\u00edm de\u0165om a mlad\u00fdm \u013eu\u010fom nieko\u013ek\u00fdch gener\u00e1ci\u00ed.<\/p>\n\n\n\n<p>&nbsp;&nbsp; &nbsp; Brat far\u00e1r vedel, \u017ee poklad Bo\u017eieho slova a evanjelia <em>\u201cm\u00e1me v\u017edy,\u201d<\/em> ako hovor\u00ed apo\u0161tol Pavel,<em> \u201cv hlinen\u00fdch n\u00e1dob\u00e1ch, aby sa uk\u00e1zalo, \u017ee t\u00e1 prenesmierna moc je z Boha a nie z n\u00e1s\u201d<\/em>. Pr\u00e1ve preto mal v\u017edy v\u0161etky svoje k\u00e1zne a pr\u00edhovory premeditovan\u00e9 a poctivo pripraven\u00e9. Vynikali jednoduchos\u0165ou, \u00fadernos\u0165ou a modernou re\u010dou, ktorej rozumeli star\u00ed i mlad\u00ed \u013eudia. Mnoh\u00e9 z nich zost\u00e1vaj\u00fa v pam\u00e4ti posluch\u00e1\u010dov natrvalo. Zostali zv\u00e4\u010d\u0161a nepublikovan\u00e9, ale ak raz bude v\u00fdber z nich vytla\u010den\u00fd kni\u017ene, bud\u00fa \u017eiv\u00e9 a aktu\u00e1lne ja po mnoh\u00fdch rokoch. Tak\u00fdmi s\u00fa a bud\u00fa aj jeho viacer\u00e9 \u010dl\u00e1nky, ktor\u00e9 publikoval v cirkevn\u00fdch \u010dasopisoch.<\/p>\n\n\n\n<p>&nbsp;&nbsp; &nbsp; Bratia a sestry v Kristu P\u00e1nu!<\/p>\n\n\n\n<p>&nbsp; &nbsp; &nbsp; Kazate\u013esk\u00e1 a pastierska slu\u017eba n\u00e1\u0161ho spolubrata niesla aj \u010fal\u0161\u00ed d\u00f4le\u017eit\u00fd znak, ktor\u00fd spom\u00edna apo\u0161tol Pavel. Je to \u00fadel mnoh\u00fdch&nbsp; vern\u00fdch Bo\u017e\u00edch slu\u017eobn\u00edkov. Apo\u0161tol o tom takto hovor\u00ed:<em> \u201dV\u0161etk\u00fdmi sme utl\u00e1\u010dan\u00ed, ale nie potla\u010den\u00ed, sme tiesnen\u00ed, ale si nez\u00fafame;&nbsp; sme prenasledovan\u00ed, ale nie opusten\u00ed; sme zmietan\u00ed, ale nehynieme; m\u0155tvenie Je\u017ei\u0161a nos\u00edme st\u00e1le v tele, aby aj \u017eivot Je\u017ei\u0161ov bol zjavn\u00fd na na\u0161om tele\u201d.<\/em><\/p>\n\n\n\n<p>&nbsp; &nbsp; Napriek duchovn\u00e9mu obdarovaniu, napriek poctivosti v plnen\u00ed si povinnost\u00ed a poctivej osobnej pastierskej slu\u017ebe, napriek duchovnej svie\u017eosti aj vo vysokom veku a schopnosti oslovi\u0165 \u013eud\u00ed, schopnosti organizova\u0165 aj n\u00e1ro\u010dn\u00e9 medi\u00e1lne podujatia \u010di cirkevn\u00e9 sl\u00e1vnosti &#8211; bol v nemilosti vrchnosti necirkevnej, ale, \u017eia\u013e, aj cirkevnej. Nikdy nedostal s\u00fahlas k vo\u013ebe do v\u00e4\u010d\u0161ieho zboru, ba ani do funkcie v senior\u00e1te.&nbsp;<\/p>\n\n\n\n<p>&nbsp; &nbsp; Nie je na\u0161ou \u00falohou o tom dnes podrobnej\u0161ie rozpr\u00e1va\u0165, hoci by bolo mo\u017en\u00e9 poveda\u0165 o tom mnoho zauj\u00edmav\u00e9ho. Ove\u013ea d\u00f4le\u017eitej\u0161ie je to druh\u00e9. Hoci niekedy utl\u00e1\u010dan\u00fd &#8211; nebol potla\u010den\u00fd, ale c\u00edtil sa slobodn\u00fd. Nebol zahnan\u00fd do depresie. Zmietan\u00fd v\u0161eli\u010d\u00edm, nec\u00edtil sa opusten\u00fd ani P\u00e1nom Bohom, ani \u013eu\u010fmi. Priam heslom v\u0161etkej jeho pr\u00e1ce a slu\u017eby bolo apo\u0161tolsk\u00e9 slovo:<em>\u201cUveril som a preto som hovoril\u201d. <\/em>Jeho slu\u017eba ho nap\u013a\u0148ala rados\u0165ou a nebola pre neho bremenom.<\/p>\n\n\n\n<p>&nbsp; &nbsp; &nbsp; P\u00f4sobil tu, v \u010caskove, ale p\u00f4sobil aj odtia\u013eto. P\u00edsal poh\u013eadnice a listy svojim ove\u010dk\u00e1m aj z dovolenky, aby vedeli, \u017ee na nich mysl\u00ed. Jeho slu\u017ebu, napriek v\u0161etk\u00e9mu utl\u00e1\u010daniu, poznali v mnoh\u00fdch zboroch. Jeho k\u00e1zne a posolstv\u00e1 zaznievali aj v svetsk\u00fdch m\u00e9diach. K\u00e1zal i za hranicami na\u0161ej vlasti, v Srbsku, alebo na Morave. Av\u0161ak prostredie r\u00e1zovit\u00e9ho \u010daskovsk\u00e9ho zboru sa mu stalo druh\u00fdm domovom a stane sa i mohylou jeho kost\u00ed.&nbsp;<\/p>\n\n\n\n<p>&nbsp; &nbsp; &nbsp; Dom\u00e1ci viery a jeho najbli\u017e\u0161\u00ed s\u00fa svedkami toho, \u017ee k\u00e1zal slovo Kristovo nielen \u00fastami, ale i \u017eivotom, nielen v radosti, ale aj v osobn\u00fdch sk\u00fa\u0161kach a sm\u00fatkoch. Lebo aj vieru vern\u00fdch slu\u017eobn\u00edkov sk\u00fa\u0161a P\u00e1n Boh, ako hovor\u00ed sk\u00fasenos\u0165: <em>\u201cKoho P\u00e1n Boh miluje, toho kr\u00ed\u017eom nav\u0161tevuje\u201d. <\/em>S\u00e1m te\u0161il mnoh\u00fdch pri \u010dasn\u00fdch rozl\u00fa\u010dkach a to ist\u00e9 slovo pote\u0161enia a n\u00e1deje bolo a zostalo aj jeho n\u00e1dejou a potechou vtedy, ke\u010f musel odprevadi\u0165 tragicky zosnul\u00fa dc\u00e9ru Ani\u010dku a nesk\u00f4r podobne aj vnu\u010dku T\u00e1ni\u010dku. Preto aj dnes, pri jeho odchode je aj k\u00e1ze\u0148 jeho \u017eivota d\u00f4le\u017eit\u00e1 a vz\u00e1cna: <em>\u201cV n\u00e1s p\u00f4sob\u00ed smr\u0165, ale vo v\u00e1s \u017eivot\u201d,<\/em> mohol vyzna\u0165 slovami apo\u0161tola aj on.<em>&nbsp;<\/em><\/p>\n\n\n\n<p><em>&nbsp;&nbsp; <\/em>Ke\u010f sa dnes do na\u0161ich s\u0155dc vkr\u00e1da z\u00e1rmutok, \u0165a\u017eko je vyhn\u00fa\u0165 sa pohnutiu a slz\u00e1m. Ale ako ozneva znie hlas kazate\u013ea, ktor\u00fd s\u00fazvu\u010d\u00ed so slovami, ktor\u00e9 P\u00e1n povedal naimskej vdove i in\u00fdm:<em> \u201cNepla\u010dte!\u201d<\/em> Ak by mohol e\u0161te raz prehovori\u0165, povedal by n\u00e1m aj dnes: <em>\u201dNeboj sa, len ver\u201d<\/em>! Preto s Pavlom apo\u0161tolom a v\u0161etk\u00fdmi vern\u00fdmi slu\u017eobn\u00edkmi vyzn\u00e1vame: <em>\u201cAj my ver\u00edme a preto aj hovor\u00edme, lebo vieme, \u017ee kto vzkriesil P\u00e1na Je\u017ei\u0161a, vzkriesi aj n\u00e1s s Je\u017ei\u0161om a postav\u00ed n\u00e1s s vami\u201d.<\/em>&nbsp;<\/p>\n\n\n\n<p>&nbsp; &nbsp; Preto ho prepustime, <em>\u201cnech ide k svojmu P\u00e1novi\u201d, <\/em>ktor\u00fd ho povolal k Vianociam ve\u010dn\u00fdm v nebesiach. To je prav\u00fd a skuto\u010dn\u00fd cie\u013e \u017eivota v\u0161etk\u00fdch vern\u00fdch. A ke\u010f cez viano\u010dn\u00e9 sviatky zaspievame v na\u0161ich kostoloch chor\u00e1l: <em>\u201cRadujte sa, srde\u010dne plesajte\u2026\u201d,<\/em> spome\u0148te si, \u010do povedal o tejto ob\u013e\u00fabenej piesni brat far\u00e1r Branislav: <em>\u201cJe to skvost na\u0161ej cirkvi\u2026V Krajnom na \u0160tedr\u00fd ve\u010der nebolo v chr\u00e1me n\u00e1v\u0161tevn\u00edka, ktor\u00fd by fortissimo nespieval t\u00fato \u00fa\u017easn\u00fa piese\u0148. Drn\u010dali tenk\u00e9 skl\u00e1 v okn\u00e1ch, zbo\u017en\u00fd \u013eud vyjadroval nekontrolovate\u013en\u00fdm sp\u00f4sobom svoju vieru a rados\u0165 z viano\u010dnej udalosti. V\u0161etko v\u0161edn\u00e9 sa rozplynulo, v\u0161etky bolesti, tr\u00e1penia, sm\u00fatky ust\u00fapili do pozadia\u201d.<\/em>&nbsp;<\/p>\n\n\n\n<p>&nbsp;&nbsp; &nbsp; Kie\u017e viano\u010dn\u00e9 evanjelium a odozva na\u0148 v na\u0161ich pies\u0148ach a modlitb\u00e1ch v\u00e1s i n\u00e1s v\u0161etk\u00fdch v\u00e1s upokoj\u00ed, ut\u00ed\u0161i a pote\u0161\u00ed.&nbsp; Amen<\/p>\n\n\n\n<p>&nbsp;&nbsp; K\u00e1ze\u0148, ktor\u00e1 neodznela, bola venovan\u00e1 na v\u010fa\u010dn\u00fa pam\u00e4\u0165 VDM a vz\u00e1cnemu priate\u013eovi Branislavovi Kol\u00e9nymu &#8211; \u013dubom\u00edr Batka st.<\/p>\n","protected":false},"excerpt":{"rendered":"<p>&nbsp; &nbsp; &nbsp; &nbsp; Uveril som, preto som hovoril 2 Kor 4, 5 -14: \u201cLebo nie seba k\u00e1\u017eeme, ale Krista Je\u017ei\u0161a, P\u00e1na; o sebe v\u0161ak hovor\u00edme ako o va\u0161ich slu\u017eobn\u00edkoch skrze Je\u017ei\u0161a. (6) Lebo Boh, ktor\u00fd povedal: Nech z temnosti za\u017eiari svetlo! &#8211; za\u017eiaril v na\u0161ich srdciach, aby svietila zn\u00e1mos\u0165 sl\u00e1vy Bo\u017eej v tv\u00e1ri Kristovej. &#8230; <a title=\"K\u00e1ze\u0148, ktor\u00e1 neodznela\" class=\"read-more\" href=\"https:\/\/www.e-anjelik.sk\/index.php\/2024\/10\/06\/kazen-ktora-neodznela\/\" aria-label=\"Pre\u010d\u00edtajte si viac o K\u00e1ze\u0148, ktor\u00e1 neodznela\">\u010c\u00edta\u0165 viac<\/a><\/p>\n","protected":false},"author":4,"featured_media":0,"comment_status":"open","ping_status":"open","sticky":false,"template":"","format":"standard","meta":{"footnotes":""},"categories":[1,173,121,6,371,69],"tags":[],"class_list":["post-37315","post","type-post","status-publish","format-standard","hentry","category-adventna-modlitba","category-castkov","category-kazne","category-myjavsky-seniorat","category-pohreby","category-spominame"],"_links":{"self":[{"href":"https:\/\/www.e-anjelik.sk\/index.php\/wp-json\/wp\/v2\/posts\/37315","targetHints":{"allow":["GET"]}}],"collection":[{"href":"https:\/\/www.e-anjelik.sk\/index.php\/wp-json\/wp\/v2\/posts"}],"about":[{"href":"https:\/\/www.e-anjelik.sk\/index.php\/wp-json\/wp\/v2\/types\/post"}],"author":[{"embeddable":true,"href":"https:\/\/www.e-anjelik.sk\/index.php\/wp-json\/wp\/v2\/users\/4"}],"replies":[{"embeddable":true,"href":"https:\/\/www.e-anjelik.sk\/index.php\/wp-json\/wp\/v2\/comments?post=37315"}],"version-history":[{"count":3,"href":"https:\/\/www.e-anjelik.sk\/index.php\/wp-json\/wp\/v2\/posts\/37315\/revisions"}],"predecessor-version":[{"id":37346,"href":"https:\/\/www.e-anjelik.sk\/index.php\/wp-json\/wp\/v2\/posts\/37315\/revisions\/37346"}],"wp:attachment":[{"href":"https:\/\/www.e-anjelik.sk\/index.php\/wp-json\/wp\/v2\/media?parent=37315"}],"wp:term":[{"taxonomy":"category","embeddable":true,"href":"https:\/\/www.e-anjelik.sk\/index.php\/wp-json\/wp\/v2\/categories?post=37315"},{"taxonomy":"post_tag","embeddable":true,"href":"https:\/\/www.e-anjelik.sk\/index.php\/wp-json\/wp\/v2\/tags?post=37315"}],"curies":[{"name":"wp","href":"https:\/\/api.w.org\/{rel}","templated":true}]}}