{"id":37347,"date":"2024-10-23T23:41:27","date_gmt":"2024-10-23T21:41:27","guid":{"rendered":"https:\/\/www.e-anjelik.sk\/?p=37347"},"modified":"2024-10-23T23:41:27","modified_gmt":"2024-10-23T21:41:27","slug":"nedela-slz","status":"publish","type":"post","link":"https:\/\/www.e-anjelik.sk\/index.php\/2024\/10\/23\/nedela-slz\/","title":{"rendered":"Nede\u013ea SLZ"},"content":{"rendered":"\n<p><strong>&nbsp; &nbsp; &nbsp; &nbsp; &nbsp; &nbsp; &nbsp; &nbsp; &nbsp; &nbsp; &nbsp; &nbsp; &nbsp; &nbsp; &nbsp; &nbsp; &nbsp; &nbsp; Nede\u013ea SLZ<\/strong><\/p>\n\n\n\n<p><strong>1K 12, 12 &#8211; 13:<\/strong><\/p>\n\n\n\n<p><strong>&nbsp; <\/strong><em>\u201c Lebo ako telo je jedno a m\u00e1 mnoho \u00fadov, ale v\u0161etky \u00fady tvoria jedno telo, aj ke\u010f ich je mnoho: Tak aj Kristus. (13) Ve\u010f aj my v\u0161etci v jednom Duchu sme boli pokrsten\u00ed v jedno telo, \u010di \u017didia alebo Gr\u00e9ci, \u010di otroci alebo slobodn\u00ed; a v\u0161etci sme boli napojen\u00ed jedn\u00fdm Duchom\u201d. Amen<\/em><\/p>\n\n\n\n<p>Bratia a sestry v P\u00e1novi!<\/p>\n\n\n\n<p>&nbsp; Ve\u013ea znepokojenia a ot\u00e1zok vyvolal medzi evanjelikmi u n\u00e1s zverejnen\u00fd dokument R\u00edmsko-katol\u00edckej cirkvi s n\u00e1zvom:<em> \u201cDominus Jesus\u201d &#8211; \u201cP\u00e1n Je\u017ei\u0161\u201d. <\/em>D\u00f4vodom znepokojenia, ba a\u017e pohor\u0161enia v niektor\u00fdch evanjelick\u00fdch cirkv\u00e1ch, medzi nimi aj v na\u0161ej ECAV, je kon\u0161tatovanie dokumentu, \u017ee jedinou pravou cirkvou je cirkev katol\u00edcka, ale ch\u00e1pe sa to tak, \u017ee tou cirkvou je cirkev R\u00edmsko-katol\u00edcka. ktorej hlavou je r\u00edmsky p\u00e1pe\u017e. Ke\u010f\u017ee na\u0161a evanjelick\u00e1 cirkev na Slovensku m\u00e1 z hist\u00f3rie bo\u013eav\u00e9 sk\u00fasenosti s protireform\u00e1ciou, r\u00edmsko-katol\u00edkmi naz\u00fdvanou \u201crekatoliz\u00e1ciou\u201d a so sp\u00f4sobom jej uskuto\u010d\u0148ovania, mnoh\u00ed evanjelici dokument ch\u00e1pu ako upieranie pr\u00e1va menova\u0165 sa pravou cirkvou Kristovou. Men\u0161inov\u00e1 cirkev to ch\u00e1pe ako krivdu a ako mo\u017enos\u0165 ku opakovaniu a recid\u00edve potl\u00e1\u010dania mal\u00e9ho spolo\u010denstva ve\u013ek\u00fdm, alebo v\u00e4\u010d\u0161inov\u00fdm.<\/p>\n\n\n\n<p>&nbsp; &nbsp; Ke\u010f\u017ee sa bl\u00ed\u017eime k reforma\u010dn\u00e9mu sviatku, k spomienke na obnovu cirkvi dielom Dr.M.Luthera, kladieme si ot\u00e1zku, \u010di a nako\u013eko sme pravou cirkvou P\u00e1na Je\u017ei\u0161a Krista? Povedan\u00e9 slovami n\u00e1\u0161ho \u00favodn\u00e9ho textu: \u010di a nako\u013eko sme \u010das\u0165ou tela, ktor\u00e9ho hlavou je P\u00e1n Je\u017ei\u0161 Kristus?<\/p>\n\n\n\n<p>&nbsp; &nbsp; Pozn\u00e1me aj tak\u00fdch evanjelikov, ktor\u00ed id\u00fa tak \u010faleko, \u017ee robia t\u00fa ist\u00fa chybu ako \u201cbigotn\u00ed\u201d r\u00edmsko-katol\u00edci, toti\u017e \u017ee upieraj\u00fa pr\u00e1vo prav\u00e9ho kres\u0165anstva in\u00fdm cirkv\u00e1m a kres\u0165anom. Dne\u0161n\u00e1 predreforma\u010dn\u00e1 nede\u013ea n\u00e1m m\u00f4\u017ee posl\u00fa\u017ei\u0165 k tomu, aby sme si uvedomili niektor\u00e9 d\u00f4le\u017eit\u00e9 skuto\u010dnosti z P\u00edsma sv\u00e4t\u00e9ho ako najvy\u0161\u0161ej pravdy. S\u00fa\u010dasne m\u00e1me mo\u017enos\u0165 duchovne sa spoji\u0165 s ostatn\u00fdmi evanjelick\u00fdmi cirkvami v celom svete a sv\u00e4ti\u0165 t\u00fato nede\u013eu ako <strong>nede\u013eu SLZ <\/strong>(Svetov\u00e9ho luter\u00e1nskeho zv\u00e4zu).&nbsp;<\/p>\n\n\n\n<p>&nbsp; Mil\u00ed bratia a sestry!<\/p>\n\n\n\n<p>&nbsp; V \u00favode som spomenul, \u017ee sme v na\u0161om n\u00e1rode men\u0161inovou cirkvou. Bol som v minulom t\u00fd\u017edni na Synode, kde sa medzi deleg\u00e1tmi zo senior\u00e1tov viedli rozhovory aj o tom, ko\u013eko n\u00e1s evanjelikov a.v. na Slovensku vlastne je? Vieme, ko\u013eko n\u00e1s bolo pred nieko\u013ek\u00fdmi desiatkami rokov, ale dnes sa akosi nevieme \u201cspo\u010d\u00edta\u0165\u201d. Niektor\u00ed si myslia, \u017ee je to a\u017e 12 % obyvate\u013eov v SR, ale \u0161tatistiky zo zborov s\u00fa ne\u00faprosne ni\u017e\u0161ie. Hovoria sk\u00f4r o st\u00e1lom poklese na cca 6%, niekde e\u0161te menej. Tak\u00e9to videnie na\u0161ej cirkvi je pre mnoh\u00fdch deprimuj\u00face a vyvol\u00e1va a\u017e strach z \u201cmalosti\u201d a obavy z poklesu \u010dlenov a zborov.<\/p>\n\n\n\n<p>&nbsp;&nbsp; Preto prv\u00fd v\u00fdznam dne\u0161nej nedele m\u00f4\u017eeme vidie\u0165 u\u017e v tom, aby sme si uvedomili, \u017ee ako evanjelici nie sme sami, nie je n\u00e1s a\u017e tak m\u00e1lo, ako sa n\u00e1m m\u00f4\u017ee zda\u0165, ke\u010f\u017ee v 72 \u0161t\u00e1toch sveta je 131 \u010dlensk\u00fdch cirkvi SLZ a to je asi 59 mili\u00f3nov evanjelikov.<\/p>\n\n\n\n<p>&nbsp;&nbsp; Druh\u00fd v\u00fdznam dne\u0161nej nedele n\u00e1m d\u00e1va pr\u00edle\u017eitos\u0165 uvedomi\u0165 si spolupatri\u010dnos\u0165 vo viere. Spolo\u010dne s in\u00fdmi sa smieme modli\u0165, ale aj spolupracova\u0165 na spolo\u010dn\u00fdch programoch, v spolo\u010dnej solidarite a vo vz\u00e1jomnej pomoci. T\u00fdm m\u00f4\u017ee r\u00e1s\u0165 na\u0161e sebavedomie, lebo vieme, \u017ee aj na n\u00e1s myslia a mnoh\u00ed in\u00ed kres\u0165ania. Ot\u00e1zkou v\u0161ak je, \u010di aj my mysl\u00edme na in\u00fdch a \u010di m\u00e1me z\u00e1ujem o in\u00fdch evanjelikov, najm\u00fa\u00e4 t\u00fdch, ktor\u00ed \u017eij\u00fa v tzv.tre\u0165om svete?<\/p>\n\n\n\n<p>\u00a0 \u00a0 Na\u0161a cirkev sa toti\u017e \u010dasto stavia do role \u201c\u017eobr\u00e1ka\u201d vo vz\u0165ahu k v\u00e4\u010d\u0161\u00edm a finan\u010dne bohat\u0161\u00edm cirkv\u00e1m v Z\u00e1padnej Eur\u00f3pe, alebo v Amerike, ale \u010dasto sme nev\u0161\u00edmav\u00fdmi vo\u010di \u017eivotu a k probl\u00e9mom kres\u0165anov \u017eij\u00facich v ove\u013ea hor\u0161\u00edch a zlo\u017eitej\u0161\u00edch pomeroch ako m\u00e1me my. V Nemecku m\u00e1me dve partnersk\u00e9 cirkvi: W\u00fcrttenbersk\u00fa a Dur\u00ednsku, ale nevieme ni\u010d, alebo len m\u00e1lo o na\u0161ej partnerskej cirkvi v Afrike (Mekane Jesu v Eti\u00f3pii).<\/p>\n\n\n\n<p>&nbsp; Bratia a sestry v P\u00e1novi!<\/p>\n\n\n\n<p>&nbsp; Nede\u013ea SLZ chce upriami\u0165 na\u0161u pozornos\u0165 aj na\u0161e spolo\u010dn\u00e9 duchovn\u00e9 dedi\u010dstvo, spo\u010d\u00edva\u00face v evanjelickej identite, v spolo\u010dnom vierou\u010dnom z\u00e1klade. Spolo\u010dne vyzn\u00e1vame, \u017ee tak, ako je jeden P\u00e1n (Kristus), tak je aj jedna cirkev ako Jeho telo. Ako pripom\u00edna n\u00e1\u0161 \u00favodn\u00fd text, toto telo m\u00e1 <em>\u201c mnoho \u00fadov\u201d. <\/em>V tomto Kristovom tele, tvorenom mnoh\u00fdmi pokrsten\u00fdmi, je &#8211; obrazne povedan\u00e9 &#8211; zak\u00f3dovan\u00fd spolo\u010dn\u00fd re\u0165azec rovnak\u00fdch g\u00e9nov Ducha Sv\u00e4t\u00e9ho. Nie v\u0161etky znaky alebo liturgick\u00e9 prejavy a zyvky maj\u00fa v\u0161etky cirkvi rovnak\u00e9. V ekumenickom dial\u00f3gu v\u0161ak m\u00e1me h\u013eada\u0165 to, \u010do n\u00e1s sp\u00e1ja, \u010do je podstatn\u00e9. Je prirodzen\u00e9, \u017ee najviac spolo\u010dn\u00fdch znakov m\u00e1me pr\u00e1ve s evanjelick\u00fdmi cirkvami a \u201cluter\u00e1nmi\u201d.<\/p>\n\n\n\n<p>&nbsp; Bratia a sestry v P\u00e1novi!<\/p>\n\n\n\n<p>&nbsp;&nbsp; S\u00fa evanjelick\u00e9 cirkvi, ktor\u00e9 si spolo\u010dn\u00e9 dedi\u010dstvo uvedomuj\u00fa viac ako na\u0161a cirkev. Je to tak u\u017e preto, \u017ee mnoh\u00e9 cirkvi maj\u00fa viac ako st\u00e1ro\u010dn\u00e9 evanjelick\u00e9 misie v r\u00f4znych krajin\u00e1ch. Oni sa za svojich mision\u00e1rov modlia, prosia za nich P\u00e1na Boha a potom ich aj hmotne a finan\u010dne podporuj\u00fa. Ich \u00faspechy v misii s\u00fa spolo\u010dn\u00fdmi \u00faspechmi.<\/p>\n\n\n\n<p>&nbsp; &nbsp; Napr\u00edklad Evanjelick\u00e1 cirkev v N\u00f3rsku m\u00e1 siln\u00fa a \u00faspe\u0161n\u00fa misiu na Madagaskare. Dnes je na Madagaskare viac evanjelikov a evanjelick\u00fdch k\u0148azov ako v samotnom N\u00f3rsku. B\u00fdval\u00e1 dc\u00e9rocirkev dokonca dnes u\u017e posiela svojej duchovnej matke far\u00e1rov, ktor\u00fdch nem\u00e1 dostatok a ktor\u00fdch potrebuje.<\/p>\n\n\n\n<p>&nbsp;&nbsp; \u017dia\u013e, na\u0161a evanjelick\u00e1 cirkev nem\u00e1 vo svete \u017eiadnych mision\u00e1rov a \u017eiadnu misiu, hoci pred rokmi sme mali aspo\u0148 jedn\u00e9ho. Vieme, \u017ee je to v\u00e1\u017eny nedostatok u\u017e preto, \u017ee nevieme potom pam\u00e4ta\u0165 na in\u00fdch. Minul\u00fd rok sme sa pok\u00fasili vytvori\u0165 ak\u00fdsi \u201cduchovn\u00fd most\u201d s na\u0161imi evanjelick\u00fdmi bratmi a sestrami v Amerike, ktor\u00ed sa n\u00e1m sna\u017eia pom\u00e1ha\u0165 posielan\u00edm u\u010dite\u013eov i finan\u010dne.<\/p>\n\n\n\n<p>&nbsp; &nbsp; Dne\u0161n\u00e1 nede\u013ea je tie\u017e tak\u00fdm \u201cduchovn\u00fdm mostom\u201d, alebo duchovn\u00fdm \u201cpodan\u00edm r\u00fak\u201d, aby sme sa modlili spolo\u010dne a spolo\u010dne oslavovali n\u00e1\u0161ho P\u00e1na. On n\u00e1s u\u010d\u00ed prosi\u0165: <em>\u201caby v\u0161etci jedno boli<\/em>\u201d a vedie n\u00e1s tak prav\u00e9mu ekumenizmu.<\/p>\n\n\n\n<p>&nbsp;&nbsp; Slov\u00e1apo\u0161tola Pavla n\u00e1m pripom\u00ednaj\u00fa z\u00e1klad jednoty cirkvi, spolupatri\u010dnosti a bratstva. Je n\u00edm p\u00f4sobenie Ducha Sv\u00e4t\u00e9ho, ktor\u00fd n\u00e1s v Krste sv\u00e4tom po\u017eehn\u00e1va a prij\u00edma za Bo\u017eie deti, ktor\u00fd prekon\u00e1va rozli\u010dn\u00e9 n\u00e1rodn\u00e9, alebo soci\u00e1lne rozdiely a sp\u00e1ja n\u00e1s v jednotu viery. <em>\u201dVe\u010f aj my v\u0161etci sme boli pokrsten\u00ed v jedno telo, \u010di \u017didia alebo Gr\u00e9ci, \u010di otroci alebo slobodn\u00ed\u201d.<\/em><\/p>\n\n\n\n<p><em>&nbsp;&nbsp; <\/em>Je preto zahanbuj\u00face, ak niektor\u00ed kres\u0165ania medzi nami spochyb\u0148uj\u00fa hodnotu Krstu sv\u00e4t\u00e9ho, ale nevidia v \u0148om p\u00f4sobenie Ducha Sv\u00e4t\u00e9ho. Okrem toho, ako evanjelici zd\u00f4raz\u0148ujeme pravdu, \u017ee hlavou cirkvi ako jedn\u00e9ho duchovn\u00e9ho tela je Kristus Je\u017ei\u0161, n\u00e1\u0161 P\u00e1n. Pri Jeho kr\u00ed\u017ei sa n\u00e1jdeme a spozn\u00e1vame ako bratia a sestry,&nbsp; vyk\u00fapen\u00ed Jeho sv\u00e4tou krvou. \u010c\u00edm sme bli\u017e\u0161ie k Jeho kr\u00ed\u017eu, t\u00fdm sme bli\u017e\u0161ie aj jeden k druh\u00e9mu.<\/p>\n\n\n\n<p>&nbsp; &nbsp; Za t\u00fato jednotu viery spolo\u010dne s mnoh\u00fdmi evanjelikmi dnes \u010fakujeme a n\u00e1\u0161ho spolo\u010dn\u00e9ho P\u00e1na oslavujeme. Nech On s\u00e1m rozhojn\u00ed na\u0161u l\u00e1sku a posiln\u00ed aj na\u0161u spolo\u010dn\u00fa n\u00e1dej na \u017eivot ve\u010dn\u00fd v nebeskej vlasti. Amen&nbsp;<\/p>\n\n\n\n<p>&nbsp;&nbsp; &nbsp; 19.nede\u013ea po Sv\u00e4tej Trojici &#8211; Nede\u013ea SLZ &#8211; OsA 2000- \u013dubom\u00edr Batka st.<\/p>\n","protected":false},"excerpt":{"rendered":"<p>&nbsp; &nbsp; &nbsp; &nbsp; &nbsp; &nbsp; &nbsp; &nbsp; &nbsp; &nbsp; &nbsp; &nbsp; &nbsp; &nbsp; &nbsp; &nbsp; &nbsp; &nbsp; Nede\u013ea SLZ 1K 12, 12 &#8211; 13: &nbsp; \u201c Lebo ako telo je jedno a m\u00e1 mnoho \u00fadov, ale v\u0161etky \u00fady tvoria jedno telo, aj ke\u010f ich je mnoho: Tak aj Kristus. (13) Ve\u010f aj my v\u0161etci &#8230; <a title=\"Nede\u013ea SLZ\" class=\"read-more\" href=\"https:\/\/www.e-anjelik.sk\/index.php\/2024\/10\/23\/nedela-slz\/\" aria-label=\"Pre\u010d\u00edtajte si viac o Nede\u013ea SLZ\">\u010c\u00edta\u0165 viac<\/a><\/p>\n","protected":false},"author":4,"featured_media":0,"comment_status":"open","ping_status":"open","sticky":false,"template":"","format":"standard","meta":{"footnotes":""},"categories":[579,2,73,22,519,27],"tags":[],"class_list":["post-37347","post","type-post","status-publish","format-standard","hentry","category-19-nedela-po-sv-trojici","category-ekumena","category-ecav","category-evanjelicka-identita","category-evanjelicky-svet","category-slz"],"_links":{"self":[{"href":"https:\/\/www.e-anjelik.sk\/index.php\/wp-json\/wp\/v2\/posts\/37347","targetHints":{"allow":["GET"]}}],"collection":[{"href":"https:\/\/www.e-anjelik.sk\/index.php\/wp-json\/wp\/v2\/posts"}],"about":[{"href":"https:\/\/www.e-anjelik.sk\/index.php\/wp-json\/wp\/v2\/types\/post"}],"author":[{"embeddable":true,"href":"https:\/\/www.e-anjelik.sk\/index.php\/wp-json\/wp\/v2\/users\/4"}],"replies":[{"embeddable":true,"href":"https:\/\/www.e-anjelik.sk\/index.php\/wp-json\/wp\/v2\/comments?post=37347"}],"version-history":[{"count":1,"href":"https:\/\/www.e-anjelik.sk\/index.php\/wp-json\/wp\/v2\/posts\/37347\/revisions"}],"predecessor-version":[{"id":37348,"href":"https:\/\/www.e-anjelik.sk\/index.php\/wp-json\/wp\/v2\/posts\/37347\/revisions\/37348"}],"wp:attachment":[{"href":"https:\/\/www.e-anjelik.sk\/index.php\/wp-json\/wp\/v2\/media?parent=37347"}],"wp:term":[{"taxonomy":"category","embeddable":true,"href":"https:\/\/www.e-anjelik.sk\/index.php\/wp-json\/wp\/v2\/categories?post=37347"},{"taxonomy":"post_tag","embeddable":true,"href":"https:\/\/www.e-anjelik.sk\/index.php\/wp-json\/wp\/v2\/tags?post=37347"}],"curies":[{"name":"wp","href":"https:\/\/api.w.org\/{rel}","templated":true}]}}