{"id":37361,"date":"2024-10-30T19:21:07","date_gmt":"2024-10-30T18:21:07","guid":{"rendered":"https:\/\/www.e-anjelik.sk\/?p=37361"},"modified":"2024-10-29T19:41:38","modified_gmt":"2024-10-29T18:41:38","slug":"rehor-uram-podtatransky-luther-vo-vormsi","status":"publish","type":"post","link":"https:\/\/www.e-anjelik.sk\/index.php\/2024\/10\/30\/rehor-uram-podtatransky-luther-vo-vormsi\/","title":{"rendered":"Rehor Uram Podtatransk\u00fd \u2014 Luther vo Vormsi"},"content":{"rendered":"\n<p>Mesta Vormsu vo dvorane<br>zlatoskv\u00facom na tr\u00f3ne<br>sed\u00ed cis\u00e1r, Karol piaty,<br>vo kr\u00e1\u013eovskej korune;<br>v\u00f4kol neho p\u00e1nov rady,<br>volenci a knie\u017eat\u00e1,<br>kardin\u00e1l i biskupovia,<br>k\u0148azi, vojsko, p\u00e1\u017eat\u00e1.<br>V\u0161etci skvostne ozdoben\u00ed<br>drahokamy, v skvel\u00fd \u0161at,<br>lebo ka\u017ed\u00fd svoju sl\u00e1vu<br>chce tu svetu uk\u00e1za\u0165. \u2014<\/p>\n\n\n\n<p>A pred nimi ticho, skromne<br>nepatrn\u00fd stoj\u00ed k\u0148az;<br>jeho odev jednoduch\u00fd,<br>ale oko sam\u00fd jas;<br>v tv\u00e1ri plam a z\u00e1pal viery,<br>v \u010dele m\u00fadros\u0165 zra\u010d\u00ed sa,<br>a v postave smelos\u0165, sila<br>nadpozemsk\u00e1 jav\u00ed sa.<br>To je Luther, \u2014 ktor\u00fd br\u00e1ni<br>dnes vo Vormsi, na sneme,<br>nie svoj n\u00e1h\u013ead, ale prav\u00e9,<br>\u010dist\u00e9 Krista u\u010denie. \u2014<\/p>\n\n\n\n<p>\u201eUzn\u00e1\u0161 teda,\u201c \u2014 py\u0161no re\u010die<br>k Lutherovi kardin\u00e1l, \u2014<br>\u201e\u017ee tu v\u0161etky tieto knihy<br>si len ty s\u00e1m nap\u00edsal?&#8220;<br>\u201e\u00c1no, uzn\u00e1m!&#8220; \u2014 povie Luther<br>\u201eA z nich pravda len t\u00e1 znie:<br>jedinou \u017ee hlavou cirkve<br>Kristus je \u2014 a p\u00e1pe\u017e nie!!&#8220; \u2014<\/p>\n\n\n\n<p><br>\u201eOdvolaj to!&#8220; \u2014 v hneve ve\u013ekom<br>kardin\u00e1l zas riekne mu. \u2014<br>\u201eNeodvol\u00e1m! \u2014 Neodst\u00fapim<br>iba P\u00edsmu Sv\u00e4t\u00e9mu!<br>Dok\u00e1\u017ete mi, \u017ee som bl\u00fadil,<br>\u017ee to v P\u00edsme nestoj\u00ed:<br>odvol\u00e1m a utiahnem sa<br>do kl\u00e1\u0161tora v pokoji;<br>ale dokia\u013e mojej viery<br>v P\u00edsme Sv\u00e4tom je prame\u0148 ;<br>nemo\u017eno mi! \u2014 Tu, h\u013ea, stoj\u00edm!<br>Boh pom\u00e1haj mi! \u2014 Ame\u0148!!&#8220;<\/p>\n","protected":false},"excerpt":{"rendered":"<p>Mesta Vormsu vo dvoranezlatoskv\u00facom na tr\u00f3nesed\u00ed cis\u00e1r, Karol piaty,vo kr\u00e1\u013eovskej korune;v\u00f4kol neho p\u00e1nov rady,volenci a knie\u017eat\u00e1,kardin\u00e1l i biskupovia,k\u0148azi, vojsko, p\u00e1\u017eat\u00e1.V\u0161etci skvostne ozdoben\u00eddrahokamy, v skvel\u00fd \u0161at,lebo ka\u017ed\u00fd svoju sl\u00e1vuchce tu svetu uk\u00e1za\u0165. \u2014 A pred nimi ticho, skromnenepatrn\u00fd stoj\u00ed k\u0148az;jeho odev jednoduch\u00fd,ale oko sam\u00fd jas;v tv\u00e1ri plam a z\u00e1pal viery,v \u010dele m\u00fadros\u0165 zra\u010d\u00ed sa,a v postave &#8230; <a title=\"Rehor Uram Podtatransk\u00fd \u2014 Luther vo Vormsi\" class=\"read-more\" href=\"https:\/\/www.e-anjelik.sk\/index.php\/2024\/10\/30\/rehor-uram-podtatransky-luther-vo-vormsi\/\" aria-label=\"Pre\u010d\u00edtajte si viac o Rehor Uram Podtatransk\u00fd \u2014 Luther vo Vormsi\">\u010c\u00edta\u0165 viac<\/a><\/p>\n","protected":false},"author":3,"featured_media":37374,"comment_status":"open","ping_status":"open","sticky":false,"template":"","format":"standard","meta":{"footnotes":""},"categories":[26,165],"tags":[],"class_list":["post-37361","post","type-post","status-publish","format-standard","has-post-thumbnail","hentry","category-pamiatka-reformacie","category-poezia-2"],"_links":{"self":[{"href":"https:\/\/www.e-anjelik.sk\/index.php\/wp-json\/wp\/v2\/posts\/37361","targetHints":{"allow":["GET"]}}],"collection":[{"href":"https:\/\/www.e-anjelik.sk\/index.php\/wp-json\/wp\/v2\/posts"}],"about":[{"href":"https:\/\/www.e-anjelik.sk\/index.php\/wp-json\/wp\/v2\/types\/post"}],"author":[{"embeddable":true,"href":"https:\/\/www.e-anjelik.sk\/index.php\/wp-json\/wp\/v2\/users\/3"}],"replies":[{"embeddable":true,"href":"https:\/\/www.e-anjelik.sk\/index.php\/wp-json\/wp\/v2\/comments?post=37361"}],"version-history":[{"count":2,"href":"https:\/\/www.e-anjelik.sk\/index.php\/wp-json\/wp\/v2\/posts\/37361\/revisions"}],"predecessor-version":[{"id":37375,"href":"https:\/\/www.e-anjelik.sk\/index.php\/wp-json\/wp\/v2\/posts\/37361\/revisions\/37375"}],"wp:featuredmedia":[{"embeddable":true,"href":"https:\/\/www.e-anjelik.sk\/index.php\/wp-json\/wp\/v2\/media\/37374"}],"wp:attachment":[{"href":"https:\/\/www.e-anjelik.sk\/index.php\/wp-json\/wp\/v2\/media?parent=37361"}],"wp:term":[{"taxonomy":"category","embeddable":true,"href":"https:\/\/www.e-anjelik.sk\/index.php\/wp-json\/wp\/v2\/categories?post=37361"},{"taxonomy":"post_tag","embeddable":true,"href":"https:\/\/www.e-anjelik.sk\/index.php\/wp-json\/wp\/v2\/tags?post=37361"}],"curies":[{"name":"wp","href":"https:\/\/api.w.org\/{rel}","templated":true}]}}