{"id":3738,"date":"2011-08-24T08:59:30","date_gmt":"2011-08-24T08:59:30","guid":{"rendered":"http:\/\/e-anjelik.sk\/?p=3738"},"modified":"2011-08-24T08:59:30","modified_gmt":"2011-08-24T08:59:30","slug":"nemecki-motocyklisti-budu-mat-bohosluzbu-v-kieli","status":"publish","type":"post","link":"https:\/\/www.e-anjelik.sk\/index.php\/2011\/08\/24\/nemecki-motocyklisti-budu-mat-bohosluzbu-v-kieli\/","title":{"rendered":"Nemeck\u00ed motocyklisti bud\u00fa ma\u0165 bohoslu\u017ebu v Kieli"},"content":{"rendered":"<p>Nemeck&iacute; motocyklisti sa v tomto roku z&iacute;du na svojich bohoslu\u017eb&aacute;ch u\u017e po tret&iacute; raz, a to 4. septembra 2011 o 13. hodine na bohoslu\u017ebe pri kostole sv. Mikul&aacute;&scaron;a v Kieli. Prv&eacute; a druh&eacute;&nbsp;tak&eacute;to bohoslu\u017eby ich organiz&aacute;cia MOGO zorganizovala v Husume a v Hamburgu. Na bohoslu\u017ebe bude k&aacute;za\u0165 ved&uacute;ci far&aacute;r tejto &scaron;peci&aacute;lnej organiz&aacute;cie Erich Faeling. T&eacute;mou bohoslu\u017eby je &quot;nebesky pozemsky&quot;. P&ocirc;jde o spomienku na zahynut&yacute;ch pri nehod&aacute;ch a o vieru ako mosta medzi motocyklistami a Bohom.Po bohoslu\u017ebe bude okru\u017en&aacute; jazda pod\u013ea pl&aacute;nu.<\/p>\n<p>(<a href=\"http:\/\/www.nordelbien.de\">www.nordelbien.de<\/a>)<\/p>\n","protected":false},"excerpt":{"rendered":"<p>Nemeck&iacute; motocyklisti sa v tomto roku z&iacute;du na svojich bohoslu\u017eb&aacute;ch u\u017e po tret&iacute; raz, a to 4. septembra 2011 o 13. hodine na bohoslu\u017ebe pri kostole sv. Mikul&aacute;&scaron;a v Kieli. Prv&eacute; a druh&eacute;&nbsp;tak&eacute;to bohoslu\u017eby ich organiz&aacute;cia MOGO zorganizovala v Husume a v Hamburgu. Na bohoslu\u017ebe bude k&aacute;za\u0165 ved&uacute;ci far&aacute;r tejto &scaron;peci&aacute;lnej organiz&aacute;cie Erich Faeling. T&eacute;mou &#8230; <a title=\"Nemeck\u00ed motocyklisti bud\u00fa ma\u0165 bohoslu\u017ebu v Kieli\" class=\"read-more\" href=\"https:\/\/www.e-anjelik.sk\/index.php\/2011\/08\/24\/nemecki-motocyklisti-budu-mat-bohosluzbu-v-kieli\/\" aria-label=\"Pre\u010d\u00edtajte si viac o Nemeck\u00ed motocyklisti bud\u00fa ma\u0165 bohoslu\u017ebu v Kieli\">\u010c\u00edta\u0165 viac<\/a><\/p>\n","protected":false},"author":22,"featured_media":0,"comment_status":"open","ping_status":"open","sticky":false,"template":"","format":"standard","meta":{"footnotes":""},"categories":[1],"tags":[200,234],"class_list":["post-3738","post","type-post","status-publish","format-standard","hentry","category-adventna-modlitba","tag-sluzby-bozie","tag-zdruzenia-a-skupiny"],"_links":{"self":[{"href":"https:\/\/www.e-anjelik.sk\/index.php\/wp-json\/wp\/v2\/posts\/3738","targetHints":{"allow":["GET"]}}],"collection":[{"href":"https:\/\/www.e-anjelik.sk\/index.php\/wp-json\/wp\/v2\/posts"}],"about":[{"href":"https:\/\/www.e-anjelik.sk\/index.php\/wp-json\/wp\/v2\/types\/post"}],"author":[{"embeddable":true,"href":"https:\/\/www.e-anjelik.sk\/index.php\/wp-json\/wp\/v2\/users\/22"}],"replies":[{"embeddable":true,"href":"https:\/\/www.e-anjelik.sk\/index.php\/wp-json\/wp\/v2\/comments?post=3738"}],"version-history":[{"count":0,"href":"https:\/\/www.e-anjelik.sk\/index.php\/wp-json\/wp\/v2\/posts\/3738\/revisions"}],"wp:attachment":[{"href":"https:\/\/www.e-anjelik.sk\/index.php\/wp-json\/wp\/v2\/media?parent=3738"}],"wp:term":[{"taxonomy":"category","embeddable":true,"href":"https:\/\/www.e-anjelik.sk\/index.php\/wp-json\/wp\/v2\/categories?post=3738"},{"taxonomy":"post_tag","embeddable":true,"href":"https:\/\/www.e-anjelik.sk\/index.php\/wp-json\/wp\/v2\/tags?post=3738"}],"curies":[{"name":"wp","href":"https:\/\/api.w.org\/{rel}","templated":true}]}}