{"id":3740,"date":"2011-08-24T09:43:05","date_gmt":"2011-08-24T09:43:05","guid":{"rendered":"http:\/\/e-anjelik.sk\/?p=3740"},"modified":"2011-08-24T09:43:05","modified_gmt":"2011-08-24T09:43:05","slug":"konferencia-evanjelickych-duchovnych-v-madarsku","status":"publish","type":"post","link":"https:\/\/www.e-anjelik.sk\/index.php\/2011\/08\/24\/konferencia-evanjelickych-duchovnych-v-madarsku\/","title":{"rendered":"Konferencia evanjelick\u00fdch duchovn\u00fdch v Ma\u010farsku"},"content":{"rendered":"<p>23. augusta 2011 sa v Bonyh&aacute;de za\u010dala trojd\u0148ov&aacute; konferencia duchovn&yacute;ch z troch diec&eacute;z Evanjelickej cirkvi v Ma\u010farsku, aby sa spolo\u010dne pripravili pre bud&uacute;ci rok. Mottom konferencie s&uacute; slov&aacute;:&quot;Nov&eacute; v&iacute;no do star&yacute;ch n&aacute;dob?&quot; Predn&aacute;&scaron;aj&uacute;cim hos\u0165om zo zahrani\u010dia je Klaus Douglass,ktor&yacute; podal v&yacute;klad J&aacute;novho ev. 15. kapitoly. Po v&yacute;klade bola rozprava v skupin&aacute;ch. Po ve\u010deri sa konali &scaron;portov&eacute; z&aacute;polenia v r&ocirc;znych druhoch &scaron;portu. Napr. vo futbale vyhralo dru\u017estvo far&aacute;rov Severn&eacute;ho di&scaron;triktu.Konferencia sa skon\u010d&iacute; 25. augusta.<\/p>\n<p>(<a href=\"http:\/\/www.evangelikus.hu\">www.evangelikus.hu<\/a>)<\/p>\n","protected":false},"excerpt":{"rendered":"<p>23. augusta 2011 sa v Bonyh&aacute;de za\u010dala trojd\u0148ov&aacute; konferencia duchovn&yacute;ch z troch diec&eacute;z Evanjelickej cirkvi v Ma\u010farsku, aby sa spolo\u010dne pripravili pre bud&uacute;ci rok. Mottom konferencie s&uacute; slov&aacute;:&quot;Nov&eacute; v&iacute;no do star&yacute;ch n&aacute;dob?&quot; Predn&aacute;&scaron;aj&uacute;cim hos\u0165om zo zahrani\u010dia je Klaus Douglass,ktor&yacute; podal v&yacute;klad J&aacute;novho ev. 15. kapitoly. Po v&yacute;klade bola rozprava v skupin&aacute;ch. Po ve\u010deri sa konali &#8230; <a title=\"Konferencia evanjelick\u00fdch duchovn\u00fdch v Ma\u010farsku\" class=\"read-more\" href=\"https:\/\/www.e-anjelik.sk\/index.php\/2011\/08\/24\/konferencia-evanjelickych-duchovnych-v-madarsku\/\" aria-label=\"Pre\u010d\u00edtajte si viac o Konferencia evanjelick\u00fdch duchovn\u00fdch v Ma\u010farsku\">\u010c\u00edta\u0165 viac<\/a><\/p>\n","protected":false},"author":22,"featured_media":0,"comment_status":"open","ping_status":"open","sticky":false,"template":"","format":"standard","meta":{"footnotes":""},"categories":[1],"tags":[234],"class_list":["post-3740","post","type-post","status-publish","format-standard","hentry","category-adventna-modlitba","tag-zdruzenia-a-skupiny"],"_links":{"self":[{"href":"https:\/\/www.e-anjelik.sk\/index.php\/wp-json\/wp\/v2\/posts\/3740","targetHints":{"allow":["GET"]}}],"collection":[{"href":"https:\/\/www.e-anjelik.sk\/index.php\/wp-json\/wp\/v2\/posts"}],"about":[{"href":"https:\/\/www.e-anjelik.sk\/index.php\/wp-json\/wp\/v2\/types\/post"}],"author":[{"embeddable":true,"href":"https:\/\/www.e-anjelik.sk\/index.php\/wp-json\/wp\/v2\/users\/22"}],"replies":[{"embeddable":true,"href":"https:\/\/www.e-anjelik.sk\/index.php\/wp-json\/wp\/v2\/comments?post=3740"}],"version-history":[{"count":0,"href":"https:\/\/www.e-anjelik.sk\/index.php\/wp-json\/wp\/v2\/posts\/3740\/revisions"}],"wp:attachment":[{"href":"https:\/\/www.e-anjelik.sk\/index.php\/wp-json\/wp\/v2\/media?parent=3740"}],"wp:term":[{"taxonomy":"category","embeddable":true,"href":"https:\/\/www.e-anjelik.sk\/index.php\/wp-json\/wp\/v2\/categories?post=3740"},{"taxonomy":"post_tag","embeddable":true,"href":"https:\/\/www.e-anjelik.sk\/index.php\/wp-json\/wp\/v2\/tags?post=3740"}],"curies":[{"name":"wp","href":"https:\/\/api.w.org\/{rel}","templated":true}]}}