{"id":3741,"date":"2011-08-25T22:19:48","date_gmt":"2011-08-25T22:19:48","guid":{"rendered":"http:\/\/e-anjelik.sk\/?p=3741"},"modified":"2011-08-25T22:19:48","modified_gmt":"2011-08-25T22:19:48","slug":"ja-som-pravy-vinny-kmen","status":"publish","type":"post","link":"https:\/\/www.e-anjelik.sk\/index.php\/2011\/08\/25\/ja-som-pravy-vinny-kmen\/","title":{"rendered":"Ja som prav\u00fd v\u00ednny kme\u0148"},"content":{"rendered":"<p>&nbsp;<span class=\"Apple-style-span\" style=\"font-family: Helvetica; line-height: normal; font-size: 16px; \"><b>&nbsp;&nbsp; &nbsp; &nbsp; &nbsp; &nbsp; &nbsp; &nbsp; &nbsp; &nbsp; &nbsp; &nbsp; &nbsp; &nbsp; &nbsp; &nbsp; &nbsp; &nbsp; &nbsp; &nbsp; &nbsp; &nbsp; &nbsp; &nbsp; &nbsp; &nbsp; &nbsp; Ja som v&iacute;nny kme\u0148 a vy ste ratolesti<\/b><\/span><\/p>\n<p style=\"margin: 0.0px 0.0px 0.0px 0.0px; font: 16.0px Helvetica\"><span style=\"letter-spacing: 0.0px\"><b>J 15,1-5:<\/b><\/span><\/p>\n<p style=\"margin: 0.0px 0.0px 0.0px 0.0px; font: 16.0px Helvetica; min-height: 19.0px\">&nbsp;<\/p>\n<p style=\"margin: 0.0px 0.0px 0.0px 0.0px; font: 16.0px Helvetica\"><span style=\"letter-spacing: 0.0px\">&nbsp;&nbsp; &nbsp; &nbsp; &nbsp; Bratia a sestry v PJK, mil&eacute; deti a rodi\u010dia!<\/span><\/p>\n<p style=\"margin: 0.0px 0.0px 0.0px 0.0px; font: 16.0px Helvetica; min-height: 19.0px\">&nbsp;<\/p>\n<p style=\"margin: 0.0px 0.0px 0.0px 0.0px; font: 16.0px Helvetica\"><span style=\"letter-spacing: 0.0px\">&nbsp;&nbsp; &nbsp; &nbsp; &nbsp; Pred &scaron;tyrmi d\u0148ami sa skon\u010dil &scaron;kolsk&yacute; rok. Maturanti stredn&yacute;ch &scaron;kol o nie\u010do sk&ocirc;r &#8211; a teraz u\u017e aj \u017eiaci v ni\u017e&scaron;&iacute;ch ro\u010dn&iacute;koch po\u010dn&uacute;c od&nbsp; prv&aacute;kov priniesli domov vysved\u010denia. V tomto s&uacute;vise ste si iste mnoh&iacute; v&scaron;imli zvl&aacute;&scaron;tnu <b>iniciat&iacute;vu policajtov na Slovensku<\/b>, ktor&iacute; vyzvali rodi\u010dov, aby rodi\u010dia netrestali&nbsp; deti za zl&eacute; vysved\u010denia, lebo hroz&iacute;, \u017ee sa op&auml;\u0165 zv&yacute;&scaron;i po\u010det <b>samovr&aacute;\u017ed <\/b>u \u017eiakov, ktor&iacute; by boli tvrdo k&aacute;ran&iacute;, alebo potrestan&iacute; za zl&eacute; zn&aacute;mky.<\/span><\/p>\n<p style=\"margin: 0.0px 0.0px 0.0px 0.0px; font: 16.0px Helvetica; min-height: 19.0px\"><span style=\"letter-spacing: 0.0px\">&nbsp;&nbsp;<\/span><\/p>\n<p style=\"margin: 0.0px 0.0px 0.0px 0.0px; font: 16.0px Helvetica\"><span style=\"letter-spacing: 0.0px\">&nbsp; &nbsp; Na jednej strane je to iste ch&aacute;lyhodn&aacute; inicit&iacute;va policajtov, ktor&iacute; za\u010dali p&ocirc;sobi\u0165 s nov&yacute;m heslom a logom napr. na aut&aacute;ch: <b>pom&aacute;ha\u0165 a chr&aacute;ni\u0165! <\/b>Na druhej strane to ur\u010dite mus&iacute; zarazi\u0165 a zahanbi\u0165&nbsp; pedag&oacute;gov a u\u010dite\u013eov, ale najm&auml; samotn&yacute;ch rodi\u010dov, \u017ee ur\u010dit&aacute; \u010das\u0165&nbsp; obyvate\u013estva u\u017e ani akosi neo\u010dakava, \u017ee by sami rodi\u010dia v\u017edy pom&aacute;hali svojim de\u0165om a chr&aacute;nili svoje deti pred ka\u017ed&yacute;m zlom a venovali im svoj \u010das, pozornos\u0165 a najm&auml; l&aacute;sku!<\/span><\/p>\n<p style=\"margin: 0.0px 0.0px 0.0px 0.0px; font: 16.0px Helvetica; min-height: 19.0px\"><span style=\"letter-spacing: 0.0px\">&nbsp; &nbsp; &nbsp; &nbsp; &nbsp;<\/span><\/p>\n<p style=\"margin: 0.0px 0.0px 0.0px 0.0px; font: 16.0px Helvetica\"><span style=\"letter-spacing: 0.0px\">&nbsp;&nbsp; &nbsp; Samotn&eacute; vysved\u010denie je v\u017edy zrkadielkom nielen samotn&eacute;ho \u017eiaka, ale najm&auml; rodiny &#8211; preto\u017ee rodina, a teda obaja rodi\u010dia by mali pom&aacute;ha\u0165 die\u0165om po cel&yacute; rok, a to nielen &scaron;kolsk&yacute; rok. Ak v de\u0165och vid&iacute;me Bo\u017eie po\u017eehnanie a dar, na&scaron;a zodpovednos\u0165 Bohu a \u017eivot v l&aacute;ske id&uacute; v ruka v ruke st&aacute;le. Vysved\u010denie je v\u017edy aj vysved\u010den&iacute;m rodi\u010dov: otcov a matiek. Je&nbsp; na&scaron;ou &uacute;lohou a kres\u0165anskou povinnos\u0165ou nielen rozd&aacute;va\u0165 odmeny a vyhlasovoa\u0165 pokuty \u010di tresty na konci &scaron;kolsk&eacute;ho roku, ale chr&aacute;ni\u0165 a l&aacute;skavou rukou ich vies\u0165 neprestajne.<\/span><\/p>\n<p style=\"margin: 0.0px 0.0px 0.0px 0.0px; font: 16.0px Helvetica; min-height: 19.0px\"><span style=\"letter-spacing: 0.0px\">&nbsp;&nbsp; &nbsp;<\/span><\/p>\n<p style=\"margin: 0.0px 0.0px 0.0px 0.0px; font: 16.0px Helvetica\"><span style=\"letter-spacing: 0.0px\">Pred nieko\u013ek&yacute;mi rokmi sme cez pr&aacute;zdnininy pripravili letn&yacute; t&aacute;bor pokonfirma\u010dnej ml&aacute;de\u017ee. Prihl&aacute;sen&iacute; chlapci a diev\u010dat&aacute; sa na\u0148 pr&aacute;vom te&scaron;ili, ale stalo sa, \u017ee jedn&eacute;mu zo \u017eiakov, pre vysved\u010denie, ktor&eacute; neuspokojlo rodi\u010dov,&nbsp; otec zak&aacute;zal &uacute;\u010das\u0165 v letnom t&aacute;bore. Ke\u010f som sa za chlapca prihov&aacute;ral, dostal som odpove\u010f, \u017ee syna \u010dak&aacute;&nbsp; ka\u017edodenn&eacute; u\u010denie sa, aby dobehol, \u010do zame&scaron;kal. \u010ci to bolo to najlep&scaron;ie rie&scaron;enie, pochybujem aj dnes&#8230;<\/span><\/p>\n<p style=\"margin: 0.0px 0.0px 0.0px 0.0px; font: 16.0px Helvetica; min-height: 19.0px\">&nbsp;<\/p>\n<p style=\"margin: 0.0px 0.0px 0.0px 0.0px; font: 16.0px Helvetica\"><span style=\"letter-spacing: 0.0px\">&nbsp;&nbsp; &nbsp; &nbsp; O hodnote a v&yacute;zname v&scaron;eobecn&eacute;ho vzdelania, azda \u017ea na mal&eacute; v&yacute;nimky, dnes nikto nepochybuje. Situ&aacute;cia napr. pred 1OO rokmi bola v na&scaron;om prostred&iacute; &uacute;plne in&aacute;. Aj ke\u010f cirkevn&eacute; zbory mali pod\u013ea nariadenia d&aacute;vnej&scaron;&iacute;ch uznesen&iacute; senior&aacute;tnych a zborov&yacute;ch konventov za &uacute;lohu napni\u0165 uznesenia a na na\u017edej dedine zriadi\u0165 cirkevn&uacute; &scaron;kolu, &#8211; tak to bolo v Nitrianskom senior&aacute;te od \u010dias&nbsp; J. M. Hurbana, rodi\u010dia &#8211; najm&auml; pre chudobu, deti do &scaron;k&ocirc;l posielali m&aacute;lo, alebo v&ocirc;bec, lebo ich potrebovali ako pracovn&uacute; silu v dom&aacute;cnostiach a na poliach. V\u010faka P&aacute;nu Bohu je situ&aacute;cia dnes u\u017e in&aacute;.&nbsp;<\/span><\/p>\n<p style=\"margin: 0.0px 0.0px 0.0px 0.0px; font: 16.0px Helvetica\"><span style=\"letter-spacing: 0.0px\">&nbsp;&nbsp; &nbsp; &nbsp; &nbsp; To, \u010do n&aacute;s v&scaron;ak mus&iacute; tr&aacute;pi\u0165 je poznanie, \u017ee <b>problematick&aacute; zost&aacute;va v o\u010diach dne&scaron;n&yacute;ch gener&aacute;ci&iacute; rodi\u010dov v&yacute;chova a hodnota&nbsp; mravov, teda mor&aacute;lky a chovania. <\/b>Ale op&auml;\u0165 nejde v prvom rade o&nbsp; probl&eacute;m u det&iacute; a mlad&yacute;ch \u013eud&iacute;, ale o probl&eacute;m rod&iacute;n a vlastne celej na&scaron;ej spolo\u010dnosti. Ak&eacute; vzory, ak&eacute; pr&iacute;klady vidia na&scaron;e deti? Ak&eacute; celebrity sl&uacute;\u017eia dnes ako vzory?&nbsp;<\/span><\/p>\n<p style=\"margin: 0.0px 0.0px 0.0px 0.0px; font: 16.0px Helvetica; min-height: 19.0px\">&nbsp;<\/p>\n<p style=\"margin: 0.0px 0.0px 0.0px 0.0px; font: 16.0px Helvetica\"><span style=\"letter-spacing: 0.0px\">&nbsp;&nbsp; Mysl&iacute;m t&yacute;m najvy&scaron;&scaron;&iacute;ch, nami zvolen&yacute;ch predstavite\u013eov &#8211; po\u010dn&uacute;c od hlavy &scaron;t&aacute;tu, cez tzv. celebrity spolo\u010densk&eacute;ho, kult&uacute;rneho \u017eivota, cez novin&aacute;rov a\u017e po otcov a matky rod&iacute;n. <b>Deti s&uacute; v\u017edy obrazom rodiny a spolo\u010dnosti, ktor&aacute; ich formuje.&nbsp;<\/b><\/span><\/p>\n<p style=\"margin: 0.0px 0.0px 0.0px 0.0px; font: 16.0px Helvetica\"><span style=\"letter-spacing: 0.0px\">&nbsp;&nbsp; &nbsp; Ak&uacute; zn&aacute;mku by sme dali sami sebe, my kres\u0165ansk&iacute; rodi\u010dia, star&iacute; a krtsn&iacute; rodi\u010dia!? Chceme&nbsp; za\u010da\u0165 u seba &#8211; preto je pre n&aacute;s pomocou a svetlom nie jedno heslo, i ke\u010f pekn&eacute;, ale pr&iacute;klad n&aacute;&scaron;ho najvy&scaron;&scaron;ieho Pedag&oacute;ga a U\u010dite\u013ea, najvy&scaron;&scaron;ieho slu\u017eobn&iacute;ka v&scaron;etk&yacute;ch \u013eud&iacute; Je\u017ei&scaron;a Krista.&nbsp;<\/span><\/p>\n<p style=\"margin: 0.0px 0.0px 0.0px 0.0px; font: 16.0px Helvetica\"><span style=\"letter-spacing: 0.0px\">&nbsp;&nbsp; &nbsp; Ten, ktor&yacute; n&aacute;m chce da\u0165 svoje po\u017eehnanie v \u010dasnosti a plnos\u0165 \u017eivota vo ve\u010dnosti, mal by by\u0165 vypo\u010dut&yacute; a Jeho slovo treba vn&iacute;ma\u0165 s plnou v&aacute;\u017enos\u0165ou a pozornos\u0165ou. On je Kr&aacute;\u013e kra\u013euj&uacute;cich a P&aacute;n panuj&uacute;cich a ako tak&yacute; sa stal na&scaron;&iacute;m slu\u017eobn&iacute;kom v sile l&aacute;sky dokonalej, sv&auml;tej, \u010distej, bez hriechu sebectva.<\/span><\/p>\n<p style=\"margin: 0.0px 0.0px 0.0px 0.0px; font: 16.0px Helvetica; min-height: 19.0px\"><span style=\"letter-spacing: 0.0px\">&nbsp; &nbsp; &nbsp;<\/span><\/p>\n<p style=\"margin: 0.0px 0.0px 0.0px 0.0px; font: 16.0px Helvetica\"><span style=\"letter-spacing: 0.0px\">&nbsp;&nbsp; &nbsp; Dnes n&aacute;m Jeho slovo pripom&iacute;na, \u017ee On s&aacute;m ozna\u010dil svojho a n&aacute;&scaron;ho<b> Otca v nebi za vinohradn&iacute;ka<\/b>, <b>ktor&yacute; v tomto svete zasadil nielen vit&aacute;lny, ale aj dokonale u&scaron;\u013eachtil&yacute; vini\u010d. <\/b>V&iacute;nny kore\u0148, ktor&yacute;m je On s&aacute;m. Tento vini\u010d bol zasaden&yacute; v kamenistej p&ocirc;de Betlehema, ale Jeho ratolesti a &uacute;ponky sa rozr&aacute;slti po celom svete. Skre Krst sv&auml;t&yacute; sme napojen&yacute;, navr&uacute;b\u013eovan&yacute; do tohoto v&iacute;nneho kme\u0148a aj my. Ak pri oby\u010dajnom vini\u010di a in&yacute;ch stromoch plat&iacute;, \u017ee vr&uacute;be\u013e d&aacute;va kvalitu cel&eacute;mu stromu, s vini\u010dom nebesk&yacute;m -P&aacute;nom Je\u017ei&scaron;om to je inak. On je v&yacute;nimo\u010dn&yacute;! On d&aacute;va kvalitu ka\u017edej na neho napojenej ratolesti.<\/span><\/p>\n<p style=\"margin: 0.0px 0.0px 0.0px 0.0px; font: 16.0px Helvetica\"><span style=\"letter-spacing: 0.0px\">&nbsp; &nbsp; &nbsp; Preto opakuje v&yacute;zvu:<i> &ldquo;Zosta\u0148te vo mne a ja vo v&aacute;s&rdquo;! <\/i><b>Kme\u0148 a kore\u0148 SZ-ho Izaja a kore\u0148 D&aacute;vidov, nesie n&aacute;s a \u017eiv&iacute; n&aacute;s. D&aacute;va m&aacute;m \u017eivot, ale aj prav&uacute; kvalitu \u017eivota.<\/b> Pr&aacute;vom hovor&iacute;: <i>&ldquo;Ako ani ratoles\u0165 nepri&aacute;&scaron;a ovocie sama zo seba, len ak zost&aacute;va na v&iacute;nnom kmeni, tak ani vy, len ak zost&aacute;vate vo mne&rdquo;.<\/i><\/span><\/p>\n<p style=\"margin: 0.0px 0.0px 0.0px 0.0px; font: 16.0px Helvetica; min-height: 19.0px\"><span style=\"letter-spacing: 0.0px\">&nbsp;&nbsp; &nbsp; &nbsp;<\/span><\/p>\n<p style=\"margin: 0.0px 0.0px 0.0px 0.0px; font: 16.0px Helvetica\"><span style=\"letter-spacing: 0.0px\">Toto je, mil&iacute; bratia a sestry, mil&iacute; rodi\u010dia a deti, t&aacute; z&aacute;kladn&aacute; a&nbsp; rozhoduj&uacute;ca vec pre n&aacute;s. \u010ci a nako\u013eko zost&aacute;vame po Krste sv&auml;tom v Kristu, \u010di a nako\u013eko \u017eijeme z Neho, z Jeho slova a Jeho sviatost&iacute;? &nbsp; &nbsp; &nbsp; &nbsp; &nbsp; &nbsp; &nbsp; Ak zost&aacute;vame, o dobr&uacute; &uacute;rodu sa nemus&iacute;me ob&aacute;va\u0165. Aj ke\u010f ka\u017ed&aacute; ratoles\u0165 m&ocirc;\u017ee prin&aacute;&scaron;a\u0165&nbsp; &uacute;rodu in&uacute; a v r&ocirc;znej v&yacute;&scaron;ke, ako o tom hovor&iacute; P&aacute;n Je\u017ei&scaron; v inom podobenstve. Tu v&scaron;ak ide o to z&aacute;kladn&eacute; napojenie na v&iacute;nny kore\u0148 a kme\u0148, ktor&yacute;m je P&aacute;n Je\u017ei&scaron;.<\/span><\/p>\n<p style=\"margin: 0.0px 0.0px 0.0px 0.0px; font: 16.0px Helvetica; min-height: 19.0px\"><span style=\"letter-spacing: 0.0px\">&nbsp; &nbsp; &nbsp; &nbsp;<\/span><\/p>\n<p style=\"margin: 0.0px 0.0px 0.0px 0.0px; font: 16.0px Helvetica\"><span style=\"letter-spacing: 0.0px\">&nbsp; &nbsp; To \u010fal&scaron;ie, \u010do Je\u017ei&scaron; Kristus hovor&iacute; a u\u010d&iacute; je nasledovn&eacute;: S&aacute;m nebesk&yacute; vinohradn&iacute;k, kon&aacute; o\u010distn&yacute; rez na ratolestiach v&iacute;nneho kme\u0148a, toti\u017e v samotnej cirkvi. Such&eacute; ratolesti odrez&aacute;va a ich hodnota je iba palivo. Such&eacute; ratolesti v cirkvi s&uacute; pod s&uacute;dom Bo\u017e&iacute;m, pr&aacute;ve tak, ako aj ak&aacute;ko\u013evek in&aacute; div&aacute; rastlina, alebo dokonca burina tohoto sveta.<\/span><\/p>\n<p style=\"margin: 0.0px 0.0px 0.0px 0.0px; font: 16.0px Helvetica\"><span style=\"letter-spacing: 0.0px\">&nbsp;&nbsp; &nbsp; Ten s&uacute;d je trval&yacute;. Ako osobn&yacute; u\u017e dnes prebiehaj&uacute;ci!&nbsp; Ako posledn&yacute; s&uacute;d zost&aacute;va v&aacute;\u017enym upozornen&iacute;m, aby sme nebrali nadarmo prijat&uacute; milos\u0165 Bo\u017eiu.<\/span><\/p>\n<p style=\"margin: 0.0px 0.0px 0.0px 0.0px; font: 16.0px Helvetica; min-height: 19.0px\"><span style=\"letter-spacing: 0.0px\">&nbsp;&nbsp; &nbsp;<\/span><\/p>\n<p style=\"margin: 0.0px 0.0px 0.0px 0.0px; font: 16.0px Helvetica\"><span style=\"letter-spacing: 0.0px\">&nbsp;&nbsp; &nbsp; Je tu v&scaron;ak aj t&aacute; druh&aacute; vec, s ktorou sa niekedy ako kres\u0165ania nevieme stoto\u017eni\u0165 a zd&aacute; sa n&aacute;m nespravodliv&aacute; .<\/span><\/p>\n<p style=\"margin: 0.0px 0.0px 0.0px 0.0px; font: 16.0px Helvetica\"><span style=\"letter-spacing: 0.0px\"><b>P&aacute;n Je\u017ei&scaron; hovor&iacute;, \u017ee aj ka\u017ed&uacute; ratoles\u0165, ktor&aacute; ovocie prin&aacute;&scaron;a, nebesk&aacute;&yacute; Vinohradn&iacute;k \u010dist<\/b>&iacute; &#8211; &ldquo;aby viac ovocia prin&aacute;&scaron;ala&rdquo;.&nbsp; &nbsp;<\/span><\/p>\n<p style=\"margin: 0.0px 0.0px 0.0px 0.0px; font: 16.0px Helvetica\"><span style=\"letter-spacing: 0.0px\"><b>&nbsp;P&aacute;n Boh zasahuje rezom do&nbsp; \u017eivota n&aacute;s, ratolest&iacute;. <\/b>Ke\u010f sa vino\u010d strih&aacute; a re\u017ee, padaj&uacute; z r&aacute;n kvapky miazgy. Vinohradn&iacute;ci hovoria, \u017ee &ldquo;vini\u010d pla\u010de&rdquo;&#8230;.<\/span><\/p>\n<p style=\"margin: 0.0px 0.0px 0.0px 0.0px; font: 16.0px Helvetica; min-height: 19.0px\">&nbsp;<\/p>\n<p style=\"margin: 0.0px 0.0px 0.0px 0.0px; font: 16.0px Helvetica\"><span style=\"letter-spacing: 0.0px\">&nbsp;&nbsp; &nbsp; <b>To \u010distenie<\/b> a rez &#8211; po\u010dn&uacute;c od tzv. v&yacute;chovn&eacute;ho rezu, a\u017e po vedenie k pri&aacute;&scaron;aniu ovocia teda m&ocirc;\u017ee aj bolie\u0165!!&nbsp; Rez v&scaron;ak nie je odrezan&iacute;m od kore\u0148a a z kme\u0148a&nbsp; &#8211; je dobr&yacute;m i ke\u010f neraz \u0165a\u017ek&yacute;m Bo\u017e&iacute;m z&aacute;sahom a konan&iacute;m. Pr&aacute;vom vtedy hovor&iacute;me s na&scaron;&iacute;m n&aacute;b.pevcom:<i> &ldquo;\u010co Boh \u010d&iacute;n&iacute;, to dobr&eacute; je, sv&auml;t&aacute; je v&ocirc;\u013ea Jeho&rdquo;&#8230;&nbsp;<\/i><\/span><\/p>\n<p style=\"margin: 0.0px 0.0px 0.0px 0.0px; font: 16.0px Helvetica\"><span style=\"letter-spacing: 0.0px\">&nbsp;Tejto Bo\u017eej v&ocirc;li sa m&aacute;me v d&ocirc;vere a pokore podda\u0165 aj u prija\u0165, aj ke\u010f &#8211; cez slzy.<b> Lebo ka\u017ed&yacute; vini\u010d pla\u010de..<\/b>. Ak v&scaron;ak na v&iacute;nnom kmeni zostaneme, ak sme s Kristom vo viere spojen&iacute;, budeme s N&iacute;m&nbsp; v\u017edy. \u010casne i ve\u010dne!<\/span><\/p>\n<p style=\"margin: 0.0px 0.0px 0.0px 0.0px; font: 16.0px Helvetica; min-height: 19.0px\"><span style=\"letter-spacing: 0.0px\">&nbsp;&nbsp; &nbsp; &nbsp; &nbsp; &nbsp;<\/span><\/p>\n<p style=\"margin: 0.0px 0.0px 0.0px 0.0px; font: 16.0px Helvetica\"><span style=\"letter-spacing: 0.0px\">&nbsp;&nbsp; &nbsp; P&aacute;n Je\u017ei&scaron; n&aacute;s teda chce u\u010di\u0165 aj tejto<b> duchovnej biol&oacute;gii<\/b> o n&aacute;s a na&scaron;om \u017eivote a chce, aby sme aj v nej prospievali.<\/span><\/p>\n<p style=\"margin: 0.0px 0.0px 0.0px 0.0px; font: 16.0px Helvetica\"><span style=\"letter-spacing: 0.0px\">&nbsp; &nbsp; &nbsp; U\u010d&iacute; n&aacute;s v&scaron;ak aj in&yacute;m predmeotm, ktor&eacute; s&uacute; v&scaron;etky d&ocirc;le\u017eit&eacute;. Tak&yacute;m je aj nebesk&aacute; <b>gramatika.<\/b> Ak v be\u017enej gramatike plat&iacute;: prv&aacute; osoba: ja &#8211; v tej Bo\u017eej a Kristovej, je prv&aacute; osoba: ty! Ty, ktor&yacute; si m&ocirc;j:-&nbsp; man\u017eel, man\u017eelka, moje die\u0165a &#8211; ty si a m&aacute;&scaron; by\u0165 na prvom mieste. Ap.Pavel pri pozn&aacute;van&iacute; tejto Bo\u017eej gramatiky nap&iacute;sal: <i>&ldquo;Kristus miloval cirkev a seba sam&eacute;ho vydal za \u0148u&rdquo;!<\/i> On zost&aacute;va na&scaron;im najv&auml;\u010d&scaron;&iacute;m pr&iacute;kladom a U\u010dite\u013eom.<\/span><\/p>\n<p style=\"margin: 0.0px 0.0px 0.0px 0.0px; font: 16.0px Helvetica; min-height: 19.0px\"><span style=\"letter-spacing: 0.0px\">&nbsp;&nbsp; &nbsp; &nbsp; &nbsp;<\/span><\/p>\n<p style=\"margin: 0.0px 0.0px 0.0px 0.0px; font: 16.0px Helvetica\"><span style=\"letter-spacing: 0.0px\">&nbsp; &nbsp; Aj <b>matematika <\/b>a po\u010d&iacute;tanie, ktor&eacute; sa m&ocirc;\u017eeme a m&aacute;me u\u010di\u0165 u P&aacute;na je in&eacute;, ako to na&scaron;e. U\u017e SZ \u017ealmista&nbsp; vyznal: &ldquo; Pane, u\u010d n&aacute;s tak po\u010d&iacute;ta\u0165 dni \u017eivota, aby sme m&uacute;dre srdce z&iacute;skali&rdquo; (\u017d 90)!<\/span><\/p>\n<p style=\"margin: 0.0px 0.0px 0.0px 0.0px; font: 16.0px Helvetica\"><span style=\"letter-spacing: 0.0px\">Bo\u017e&iacute; mu\u017e Moj\u017ei&scaron; vedel, \u017ee &ldquo;U P&aacute;na je tis&iacute;c rokov, ako jeden de\u0148 a jeden de\u0148 ako tic&iacute;c rokov&rdquo;. Ale vedel aj&nbsp; to, \u017ee v tomto svete \u010dlovek kvitne ako kvet a tr&aacute;va. Preto m&aacute;me &ldquo; vykupova\u0165 \u010das&rdquo;. V&aacute;\u017ei\u0165 si ka\u017ed&yacute; de\u0148 a vyu\u017e&iacute;va\u0165 ho v s&uacute;lade s v&ocirc;\u013eou P&aacute;novou. Tento z&aacute;sadn&yacute; postoj m&aacute; svoje v&yacute;znamn&eacute; d&ocirc;sledky.<\/span><\/p>\n<p style=\"margin: 0.0px 0.0px 0.0px 0.0px; font: 16.0px Helvetica; min-height: 19.0px\"><span style=\"letter-spacing: 0.0px\">&nbsp; &nbsp; &nbsp;<\/span><\/p>\n<p style=\"margin: 0.0px 0.0px 0.0px 0.0px; font: 16.0px Helvetica\"><span style=\"letter-spacing: 0.0px\">&nbsp;&nbsp; &nbsp; Pr&aacute;zdniny, dni vo\u013ena a dovoleniek s&uacute; vynikaj&uacute;cim darom pre n&aacute;s, aby sme<b> pozn&aacute;vali dielo<\/b> <b>Bohom stvoren&eacute;<\/b>. Aby sme obdivovali kr&aacute;su kvetov, spev vt&aacute;ctva, velebnos\u0165 h&ocirc;r a kr&aacute;su hviezdnat&eacute;ho neba nad nami. Ale aj silu riek, jazier, mor&iacute; a mo\u017eno aj oce&aacute;nov, nad ktor&yacute;mi v&scaron;ak sa v\u017edy vzn&aacute;&scaron;al Duch Bo\u017e&iacute;, ktor&yacute; je D&aacute;rca a P&Aacute;N \u017eivota. To v&scaron;etko je Bo\u017eou &scaron;kolou, v ktorej smieme by\u0165, \u017ei\u0165 a prospieva\u0165 . <b>Tak m&aacute;me v\u017edy ve\u013ea d&ocirc;vodov dobrore\u010di\u0165 a chv&aacute;li\u0165 P&aacute;na, i ke\u010f \u010dlovek nesed&iacute; v &scaron;kolskej, \u010di chr&aacute;movej lavici.<\/b><\/span><\/p>\n<p style=\"margin: 0.0px 0.0px 0.0px 0.0px; font: 16.0px Helvetica; min-height: 19.0px\"><span style=\"letter-spacing: 0.0px\"><b>&nbsp; &nbsp; &nbsp; &nbsp;<\/b><\/span><\/p>\n<p style=\"margin: 0.0px 0.0px 0.0px 0.0px; font: 16.0px Helvetica\"><span style=\"letter-spacing: 0.0px\">&nbsp;&nbsp; &nbsp; P&aacute;n Je\u017ei&scaron; vyslal do tohoto sveta svojich svedkov, apo&scaron;tolov, aby takto u\u010dili, aby aj v t&yacute;chto oblastiach \u010dlovek prospieval a r&aacute;stol. Tak&yacute;mi u\u010dite\u013emi boli aj apo&scaron;tolovia <b>Peter a Pavol<\/b>, slu\u017ebu ktor&yacute;ch&nbsp; sme si pripomenuli de\u0148 pred koncom &scaron;kolsk&eacute;ho roku. Teraz v novom t&yacute;\u017edni si pripomenieme <b>odkaz a slu\u017ebu Kon&scaron;tantina Filozofa a biskupa Metoda,<\/b> sol&uacute;\u0148skch bratov. T&yacute;ch, ktor&iacute; na&scaron;&iacute;m predkom jedinen\u010dn&yacute;m sp&ocirc;sobom priniesli vzdelanos\u0165, v podobe prvej abecedy, ale hlavne <b>svetlo evanjelia&nbsp; PJK<\/b>!<b>&nbsp; Mohutn&aacute; chv&aacute;la Kon&scaron;tantinoho Proglasu zaznie op&auml;\u0165 aj na Bran\u010di 5.j&uacute;la a pr&aacute;vom sa m&ocirc;\u017eeme na to te&scaron;i\u0165.<\/b> Aj tu sa m&ocirc;\u017eeme u\u010di\u0165, \u017ee <i>Je\u017ei&scaron; Kristus je cesta, pravda a \u017eivot!<\/i><\/span><\/p>\n<p style=\"margin: 0.0px 0.0px 0.0px 0.0px; font: 16.0px Helvetica; min-height: 19.0px\"><span style=\"letter-spacing: 0.0px\">&nbsp; &nbsp;<\/span><\/p>\n<p style=\"margin: 0.0px 0.0px 0.0px 0.0px; font: 16.0px Helvetica\"><span style=\"letter-spacing: 0.0px\">&nbsp;&nbsp; Dopravn&eacute; vyu\u010dovanie P&aacute;na Je\u017ei&scaron;a je dobre zn&aacute;me: &rdquo;<i> \u015airok&aacute; cesta a priestrann&aacute; br&aacute;na vedie do zahynutia. Ale do \u017eivota vedie &uacute;zka cesta a tesn&aacute; br&aacute;na&rdquo;<\/i> &#8230;.Kie\u017e sme medzi t&yacute;mi, ktor&iacute; ju nach&aacute;dzaj&uacute; a po nej kr&aacute;\u010daj&uacute;.&nbsp;<\/span><span style=\"letter-spacing: 0.0px\">Z&aacute;verom, po\u010dujme v&yacute;zvu n&aacute;&scaron;ho U\u010dite\u013ea PJK, ktor&yacute; hovor&iacute;: <i>&ldquo;Po\u010fte ku mne v&scaron;etci, ktor&iacute; sa nam&aacute;hate&#8230;U\u010dte sa odo m\u0148a, lebo som pokorn&yacute; v srdci a n&aacute;dete si odpo\u010dinutie du&scaron;&iacute;&rdquo;<\/i>. Amen<\/span><\/p>\n<p style=\"margin: 0.0px 0.0px 0.0px 0.0px; font: 16.0px Helvetica; min-height: 19.0px\">&nbsp;<\/p>\n<p style=\"margin: 0.0px 0.0px 0.0px 0.0px; font: 12.0px Helvetica\"><span style=\"letter-spacing: 0.0px\">&nbsp;&nbsp; &nbsp; &nbsp; &nbsp; &nbsp; &nbsp; &nbsp; &nbsp; &nbsp; &nbsp; &nbsp; &nbsp; &nbsp; &nbsp; &nbsp; &nbsp; &nbsp; &nbsp;K&aacute;ze\u0148: Po\u010fakovanie za &scaron;k.rok &#8211; 3.N.po Sv. Tr.- Rovensko, Soboti&scaron;te&nbsp; 3.7.2011- \u013d.Batka st<\/span><\/p>\n","protected":false},"excerpt":{"rendered":"<p>&nbsp;&nbsp;&nbsp; &nbsp; &nbsp; &nbsp; &nbsp; &nbsp; &nbsp; &nbsp; &nbsp; &nbsp; &nbsp; &nbsp; &nbsp; &nbsp; &nbsp; &nbsp; &nbsp; &nbsp; &nbsp; &nbsp; &nbsp; &nbsp; &nbsp; &nbsp; &nbsp; &nbsp; Ja som v&iacute;nny kme\u0148 a vy ste ratolesti J 15,1-5: &nbsp; &nbsp;&nbsp; &nbsp; &nbsp; &nbsp; Bratia a sestry v PJK, mil&eacute; deti a rodi\u010dia! &nbsp; &nbsp;&nbsp; &nbsp; &nbsp; &nbsp; &#8230; <a title=\"Ja som prav\u00fd v\u00ednny kme\u0148\" class=\"read-more\" href=\"https:\/\/www.e-anjelik.sk\/index.php\/2011\/08\/25\/ja-som-pravy-vinny-kmen\/\" aria-label=\"Pre\u010d\u00edtajte si viac o Ja som prav\u00fd v\u00ednny kme\u0148\">\u010c\u00edta\u0165 viac<\/a><\/p>\n","protected":false},"author":4,"featured_media":0,"comment_status":"open","ping_status":"open","sticky":false,"template":"","format":"standard","meta":{"footnotes":""},"categories":[121,95],"tags":[],"class_list":["post-3741","post","type-post","status-publish","format-standard","hentry","category-kazne","category-sobotiste"],"_links":{"self":[{"href":"https:\/\/www.e-anjelik.sk\/index.php\/wp-json\/wp\/v2\/posts\/3741","targetHints":{"allow":["GET"]}}],"collection":[{"href":"https:\/\/www.e-anjelik.sk\/index.php\/wp-json\/wp\/v2\/posts"}],"about":[{"href":"https:\/\/www.e-anjelik.sk\/index.php\/wp-json\/wp\/v2\/types\/post"}],"author":[{"embeddable":true,"href":"https:\/\/www.e-anjelik.sk\/index.php\/wp-json\/wp\/v2\/users\/4"}],"replies":[{"embeddable":true,"href":"https:\/\/www.e-anjelik.sk\/index.php\/wp-json\/wp\/v2\/comments?post=3741"}],"version-history":[{"count":0,"href":"https:\/\/www.e-anjelik.sk\/index.php\/wp-json\/wp\/v2\/posts\/3741\/revisions"}],"wp:attachment":[{"href":"https:\/\/www.e-anjelik.sk\/index.php\/wp-json\/wp\/v2\/media?parent=3741"}],"wp:term":[{"taxonomy":"category","embeddable":true,"href":"https:\/\/www.e-anjelik.sk\/index.php\/wp-json\/wp\/v2\/categories?post=3741"},{"taxonomy":"post_tag","embeddable":true,"href":"https:\/\/www.e-anjelik.sk\/index.php\/wp-json\/wp\/v2\/tags?post=3741"}],"curies":[{"name":"wp","href":"https:\/\/api.w.org\/{rel}","templated":true}]}}