{"id":37437,"date":"2024-11-30T16:25:23","date_gmt":"2024-11-30T15:25:23","guid":{"rendered":"https:\/\/www.e-anjelik.sk\/?p=37437"},"modified":"2024-11-30T16:25:23","modified_gmt":"2024-11-30T15:25:23","slug":"modlitebny-vzdych-na-zaver-cirkevneho-roku","status":"publish","type":"post","link":"https:\/\/www.e-anjelik.sk\/index.php\/2024\/11\/30\/modlitebny-vzdych-na-zaver-cirkevneho-roku\/","title":{"rendered":"Modlitebn\u00fd vzdych na z\u00e1ver cirkevn\u00e9ho roku"},"content":{"rendered":"\n<p><strong>&nbsp;&nbsp; Modlitebn\u00fd vzdych na z\u00e1ver cirkevn\u00e9ho roku<\/strong><\/p>\n\n\n\n<p>&nbsp;&nbsp; Pane dn\u00ed a Pane noc\u00ed!&nbsp;<\/p>\n\n\n\n<p>&nbsp;Op\u00e4\u0165 sa z Tvojej milosti skon\u010dil \u010fal\u0161\u00ed cirkevn\u00fd rok.&nbsp;<\/p>\n\n\n\n<p>&nbsp;\u010eakujeme za v\u0161etko, \u010do sme v \u0148om prijali z Tvojej l\u00e1sky a nezasl\u00fa\u017eenej milosti. Dobrore\u010d\u00edme Ti a nechceme zabudn\u00fa\u0165 ani na jedno Tvojich dobroden\u00ed.<\/p>\n\n\n\n<p>&nbsp; &nbsp; Ty, Pane vekov zost\u00e1va\u0161 P\u00e1nom \u010dasu a Tvoj Syn je Po\u010diatok i Koniec, Alfa i \u00d3mega, P\u00e1n p\u00e1nov a Kr\u00e1\u013e kr\u00e1\u013eov, ten ist\u00fd v\u010dera, dnes i naveky. Jeho milosti sa zverujeme.<\/p>\n\n\n\n<p>&nbsp;&nbsp; Daj n\u00e1m pam\u00e4ta\u0165 na ve\u010dnos\u0165, kde Tebou vyk\u00fapen\u00ed budeme \u0164a oslavova\u0165 na veky vekov. Amen<\/p>\n\n\n\n<p>&nbsp; &nbsp; &nbsp; &nbsp; &nbsp; &nbsp; &nbsp; &nbsp; &nbsp; &nbsp; &nbsp; &nbsp; &nbsp; &nbsp; &nbsp; &nbsp; &nbsp; SOLI DEO GLORIA<\/p>\n","protected":false},"excerpt":{"rendered":"<p>&nbsp;&nbsp; Modlitebn\u00fd vzdych na z\u00e1ver cirkevn\u00e9ho roku &nbsp;&nbsp; Pane dn\u00ed a Pane noc\u00ed!&nbsp; &nbsp;Op\u00e4\u0165 sa z Tvojej milosti skon\u010dil \u010fal\u0161\u00ed cirkevn\u00fd rok.&nbsp; &nbsp;\u010eakujeme za v\u0161etko, \u010do sme v \u0148om prijali z Tvojej l\u00e1sky a nezasl\u00fa\u017eenej milosti. Dobrore\u010d\u00edme Ti a nechceme zabudn\u00fa\u0165 ani na jedno Tvojich dobroden\u00ed. &nbsp; &nbsp; Ty, Pane vekov zost\u00e1va\u0161 P\u00e1nom \u010dasu a &#8230; <a title=\"Modlitebn\u00fd vzdych na z\u00e1ver cirkevn\u00e9ho roku\" class=\"read-more\" href=\"https:\/\/www.e-anjelik.sk\/index.php\/2024\/11\/30\/modlitebny-vzdych-na-zaver-cirkevneho-roku\/\" aria-label=\"Pre\u010d\u00edtajte si viac o Modlitebn\u00fd vzdych na z\u00e1ver cirkevn\u00e9ho roku\">\u010c\u00edta\u0165 viac<\/a><\/p>\n","protected":false},"author":4,"featured_media":0,"comment_status":"open","ping_status":"open","sticky":false,"template":"","format":"standard","meta":{"footnotes":""},"categories":[1],"tags":[],"class_list":["post-37437","post","type-post","status-publish","format-standard","hentry","category-adventna-modlitba"],"_links":{"self":[{"href":"https:\/\/www.e-anjelik.sk\/index.php\/wp-json\/wp\/v2\/posts\/37437","targetHints":{"allow":["GET"]}}],"collection":[{"href":"https:\/\/www.e-anjelik.sk\/index.php\/wp-json\/wp\/v2\/posts"}],"about":[{"href":"https:\/\/www.e-anjelik.sk\/index.php\/wp-json\/wp\/v2\/types\/post"}],"author":[{"embeddable":true,"href":"https:\/\/www.e-anjelik.sk\/index.php\/wp-json\/wp\/v2\/users\/4"}],"replies":[{"embeddable":true,"href":"https:\/\/www.e-anjelik.sk\/index.php\/wp-json\/wp\/v2\/comments?post=37437"}],"version-history":[{"count":1,"href":"https:\/\/www.e-anjelik.sk\/index.php\/wp-json\/wp\/v2\/posts\/37437\/revisions"}],"predecessor-version":[{"id":37438,"href":"https:\/\/www.e-anjelik.sk\/index.php\/wp-json\/wp\/v2\/posts\/37437\/revisions\/37438"}],"wp:attachment":[{"href":"https:\/\/www.e-anjelik.sk\/index.php\/wp-json\/wp\/v2\/media?parent=37437"}],"wp:term":[{"taxonomy":"category","embeddable":true,"href":"https:\/\/www.e-anjelik.sk\/index.php\/wp-json\/wp\/v2\/categories?post=37437"},{"taxonomy":"post_tag","embeddable":true,"href":"https:\/\/www.e-anjelik.sk\/index.php\/wp-json\/wp\/v2\/tags?post=37437"}],"curies":[{"name":"wp","href":"https:\/\/api.w.org\/{rel}","templated":true}]}}