{"id":3744,"date":"2011-08-26T06:58:02","date_gmt":"2011-08-26T06:58:02","guid":{"rendered":"http:\/\/e-anjelik.sk\/?p=3744"},"modified":"2011-08-26T06:58:02","modified_gmt":"2011-08-26T06:58:02","slug":"norsky-korunny-princ-oslavil-s-manzelkou-10-rocne-jubileum-sobasa","status":"publish","type":"post","link":"https:\/\/www.e-anjelik.sk\/index.php\/2011\/08\/26\/norsky-korunny-princ-oslavil-s-manzelkou-10-rocne-jubileum-sobasa\/","title":{"rendered":"N\u00f3rsky korunn\u00fd princ osl\u00e1vil s man\u017eelkou 10-ro\u010dn\u00e9 jubileum sob\u00e1\u0161a"},"content":{"rendered":"<p>N&oacute;rsky korunn&yacute; princ Haakon a jeho man\u017eelka princezn&aacute; Mette-Marit osl&aacute;vili 10-ro\u010dn&eacute; jubileum man\u017eelstva. V prvom rade to bola oslava v katedr&aacute;le v Oslo modlitbami a duchovn&yacute;mi pies\u0148ami. Biblick&eacute; texty a modlitby predniesli ich deti, k&aacute;ze\u0148 povedal emeritn&yacute; biskup Gunnar Stalsett, ktor&yacute; ich pred 10 rokmi aj sob&aacute;&scaron;il. Na bohoslu\u017ebe sa z&uacute;\u010dastnil aj kr&aacute;\u013eovsk&yacute; n&oacute;rsky p&aacute;r, predseda vl&aacute;dy a niektori ministri. Po bohoslu\u017eb&aacute;ch oslava pokra\u010dovala na Univerzitnom n&aacute;mest&iacute; vo\u013en&yacute;m programom v &scaron;t&yacute;le hip-hopu. Ve\u010der kr&aacute;\u013eovsk&yacute; p&aacute;r pre pozvan&yacute;ch host&iacute; pod&aacute;val sl&aacute;vnostn&uacute; ve\u010deru v z&aacute;mku.<\/p>\n<p>(<a href=\"http:\/\/www.vl.no\">www.vl.no<\/a>)<\/p>\n","protected":false},"excerpt":{"rendered":"<p>N&oacute;rsky korunn&yacute; princ Haakon a jeho man\u017eelka princezn&aacute; Mette-Marit osl&aacute;vili 10-ro\u010dn&eacute; jubileum man\u017eelstva. V prvom rade to bola oslava v katedr&aacute;le v Oslo modlitbami a duchovn&yacute;mi pies\u0148ami. Biblick&eacute; texty a modlitby predniesli ich deti, k&aacute;ze\u0148 povedal emeritn&yacute; biskup Gunnar Stalsett, ktor&yacute; ich pred 10 rokmi aj sob&aacute;&scaron;il. Na bohoslu\u017ebe sa z&uacute;\u010dastnil aj kr&aacute;\u013eovsk&yacute; n&oacute;rsky p&aacute;r, &#8230; <a title=\"N\u00f3rsky korunn\u00fd princ osl\u00e1vil s man\u017eelkou 10-ro\u010dn\u00e9 jubileum sob\u00e1\u0161a\" class=\"read-more\" href=\"https:\/\/www.e-anjelik.sk\/index.php\/2011\/08\/26\/norsky-korunny-princ-oslavil-s-manzelkou-10-rocne-jubileum-sobasa\/\" aria-label=\"Pre\u010d\u00edtajte si viac o N\u00f3rsky korunn\u00fd princ osl\u00e1vil s man\u017eelkou 10-ro\u010dn\u00e9 jubileum sob\u00e1\u0161a\">\u010c\u00edta\u0165 viac<\/a><\/p>\n","protected":false},"author":22,"featured_media":0,"comment_status":"open","ping_status":"open","sticky":false,"template":"","format":"standard","meta":{"footnotes":""},"categories":[42,10],"tags":[],"class_list":["post-3744","post","type-post","status-publish","format-standard","hentry","category-skandinavia","category-zo-sveta"],"_links":{"self":[{"href":"https:\/\/www.e-anjelik.sk\/index.php\/wp-json\/wp\/v2\/posts\/3744","targetHints":{"allow":["GET"]}}],"collection":[{"href":"https:\/\/www.e-anjelik.sk\/index.php\/wp-json\/wp\/v2\/posts"}],"about":[{"href":"https:\/\/www.e-anjelik.sk\/index.php\/wp-json\/wp\/v2\/types\/post"}],"author":[{"embeddable":true,"href":"https:\/\/www.e-anjelik.sk\/index.php\/wp-json\/wp\/v2\/users\/22"}],"replies":[{"embeddable":true,"href":"https:\/\/www.e-anjelik.sk\/index.php\/wp-json\/wp\/v2\/comments?post=3744"}],"version-history":[{"count":0,"href":"https:\/\/www.e-anjelik.sk\/index.php\/wp-json\/wp\/v2\/posts\/3744\/revisions"}],"wp:attachment":[{"href":"https:\/\/www.e-anjelik.sk\/index.php\/wp-json\/wp\/v2\/media?parent=3744"}],"wp:term":[{"taxonomy":"category","embeddable":true,"href":"https:\/\/www.e-anjelik.sk\/index.php\/wp-json\/wp\/v2\/categories?post=3744"},{"taxonomy":"post_tag","embeddable":true,"href":"https:\/\/www.e-anjelik.sk\/index.php\/wp-json\/wp\/v2\/tags?post=3744"}],"curies":[{"name":"wp","href":"https:\/\/api.w.org\/{rel}","templated":true}]}}