{"id":37441,"date":"2024-11-30T16:40:13","date_gmt":"2024-11-30T15:40:13","guid":{"rendered":"https:\/\/www.e-anjelik.sk\/?p=37441"},"modified":"2024-11-30T16:40:13","modified_gmt":"2024-11-30T15:40:13","slug":"dusan-miko-adventna","status":"publish","type":"post","link":"https:\/\/www.e-anjelik.sk\/index.php\/2024\/11\/30\/dusan-miko-adventna\/","title":{"rendered":"Du\u0161an Miko: Adventn\u00e1"},"content":{"rendered":"\n<p><strong>Du\u0161an Miko: Adventn\u00e1<\/strong><\/p>\n\n\n\n<p><strong>Pr\u00ed\u010f, Kriste,&nbsp;<\/strong><\/p>\n\n\n\n<p><strong>a do na\u0161ich slab\u00fdch s\u0155dc vst\u00fap,<\/strong><\/p>\n\n\n\n<p><strong>nie iba na chv\u00ed\u013eu,&nbsp;<\/strong><\/p>\n\n\n\n<p><strong>ale st\u00e1lym hos\u0165om v nich bu\u010f.<\/strong><\/p>\n\n\n\n<p><strong>Pr\u00ed\u010f, Kriste,&nbsp;<\/strong><\/p>\n\n\n\n<p><strong>do ka\u017edej \u010dakaj\u00facej du\u0161e vojdi,<\/strong><\/p>\n\n\n\n<p><strong>nie iba na chv\u00ed\u013eu,&nbsp;<\/strong><\/p>\n\n\n\n<p><strong>ale daj, nech v\u017edy v Teba verila by.<\/strong><\/p>\n\n\n\n<p><strong>Pr\u00ed\u010f, Kriste,&nbsp;<\/strong><\/p>\n\n\n\n<p><strong>do sveta, kde vl\u00e1dne nepokoj,<\/strong><\/p>\n\n\n\n<p><strong>nie iba na chv\u00ed\u013eu,&nbsp;<\/strong><\/p>\n\n\n\n<p><strong>ale nast\u00e1lo \u013eud svoj upokoj.<\/strong><\/p>\n\n\n\n<p><strong>Pr\u00ed\u010f, Kriste,&nbsp;<\/strong><\/p>\n\n\n\n<p><strong>a klop hlasno na na\u0161e srdca dvere,<\/strong><\/p>\n\n\n\n<p><strong>nie iba na chv\u00ed\u013eu,&nbsp;<\/strong><\/p>\n\n\n\n<p><strong>ale a\u017e pok\u00fdm dospejeme k viere.<\/strong><\/p>\n\n\n\n<p><strong>Pr\u00ed\u010f, Kriste,&nbsp;<\/strong><\/p>\n\n\n\n<p><strong>nech pote\u0161ia sa slab\u00ed, smutn\u00ed, biedni,<\/strong><\/p>\n\n\n\n<p><strong>nie iba na chv\u00ed\u013eu &#8211; nateraz,&nbsp;<\/strong><\/p>\n\n\n\n<p><strong>ale aj po ostatn\u00e9 svoje dni.<\/strong><\/p>\n\n\n\n<p><strong>Pr\u00ed\u010f, Kriste,&nbsp;<\/strong><\/p>\n\n\n\n<p><strong>vzhliadni na na\u0161e mal\u00e9 mil\u00e9 dietky,<\/strong><\/p>\n\n\n\n<p><strong>nie iba na chv\u00ed\u013eu,&nbsp;<\/strong><\/p>\n\n\n\n<p><strong>l\u00e1skavo chr\u00e1\u0148 ich, bez rozdielu v\u0161etky.<\/strong><\/p>\n\n\n\n<p><strong>Pr\u00ed\u010f, Kriste,&nbsp;<\/strong><\/p>\n\n\n\n<p><strong>a v\u0161etky \u017eivoty na\u0161e \u00faplne zme\u0148,<\/strong><\/p>\n\n\n\n<p><strong>nie iba na chv\u00ed\u013eu,&nbsp;<\/strong><\/p>\n\n\n\n<p><strong>ale nav\u017edy na vieru prav\u00fa ich preme\u0148.<\/strong><\/p>\n\n\n\n<p><strong>V Tebe viera, l\u00e1ska, n\u00e1dej,&nbsp;<\/strong><\/p>\n\n\n\n<p><strong>vieme to iste,<\/strong><\/p>\n\n\n\n<p><strong>spolo\u010dne vol\u00e1me v\u0161etci,<\/strong><\/p>\n\n\n\n<p><strong>tak teda pr\u00ed\u010f, Kriste.<\/strong><\/p>\n\n\n\n<p><\/p>\n","protected":false},"excerpt":{"rendered":"<p>Du\u0161an Miko: Adventn\u00e1 Pr\u00ed\u010f, Kriste,&nbsp; a do na\u0161ich slab\u00fdch s\u0155dc vst\u00fap, nie iba na chv\u00ed\u013eu,&nbsp; ale st\u00e1lym hos\u0165om v nich bu\u010f. Pr\u00ed\u010f, Kriste,&nbsp; do ka\u017edej \u010dakaj\u00facej du\u0161e vojdi, nie iba na chv\u00ed\u013eu,&nbsp; ale daj, nech v\u017edy v Teba verila by. Pr\u00ed\u010f, Kriste,&nbsp; do sveta, kde vl\u00e1dne nepokoj, nie iba na chv\u00ed\u013eu,&nbsp; ale nast\u00e1lo \u013eud svoj &#8230; <a title=\"Du\u0161an Miko: Adventn\u00e1\" class=\"read-more\" href=\"https:\/\/www.e-anjelik.sk\/index.php\/2024\/11\/30\/dusan-miko-adventna\/\" aria-label=\"Pre\u010d\u00edtajte si viac o Du\u0161an Miko: Adventn\u00e1\">\u010c\u00edta\u0165 viac<\/a><\/p>\n","protected":false},"author":4,"featured_media":0,"comment_status":"open","ping_status":"open","sticky":false,"template":"","format":"standard","meta":{"footnotes":""},"categories":[1],"tags":[],"class_list":["post-37441","post","type-post","status-publish","format-standard","hentry","category-adventna-modlitba"],"_links":{"self":[{"href":"https:\/\/www.e-anjelik.sk\/index.php\/wp-json\/wp\/v2\/posts\/37441","targetHints":{"allow":["GET"]}}],"collection":[{"href":"https:\/\/www.e-anjelik.sk\/index.php\/wp-json\/wp\/v2\/posts"}],"about":[{"href":"https:\/\/www.e-anjelik.sk\/index.php\/wp-json\/wp\/v2\/types\/post"}],"author":[{"embeddable":true,"href":"https:\/\/www.e-anjelik.sk\/index.php\/wp-json\/wp\/v2\/users\/4"}],"replies":[{"embeddable":true,"href":"https:\/\/www.e-anjelik.sk\/index.php\/wp-json\/wp\/v2\/comments?post=37441"}],"version-history":[{"count":1,"href":"https:\/\/www.e-anjelik.sk\/index.php\/wp-json\/wp\/v2\/posts\/37441\/revisions"}],"predecessor-version":[{"id":37442,"href":"https:\/\/www.e-anjelik.sk\/index.php\/wp-json\/wp\/v2\/posts\/37441\/revisions\/37442"}],"wp:attachment":[{"href":"https:\/\/www.e-anjelik.sk\/index.php\/wp-json\/wp\/v2\/media?parent=37441"}],"wp:term":[{"taxonomy":"category","embeddable":true,"href":"https:\/\/www.e-anjelik.sk\/index.php\/wp-json\/wp\/v2\/categories?post=37441"},{"taxonomy":"post_tag","embeddable":true,"href":"https:\/\/www.e-anjelik.sk\/index.php\/wp-json\/wp\/v2\/tags?post=37441"}],"curies":[{"name":"wp","href":"https:\/\/api.w.org\/{rel}","templated":true}]}}