{"id":37443,"date":"2024-11-30T16:43:07","date_gmt":"2024-11-30T15:43:07","guid":{"rendered":"https:\/\/www.e-anjelik.sk\/?p=37443"},"modified":"2024-11-30T20:45:53","modified_gmt":"2024-11-30T19:45:53","slug":"basen-k-zapaleniu-1-advetnej-sviecky","status":"publish","type":"post","link":"https:\/\/www.e-anjelik.sk\/index.php\/2024\/11\/30\/basen-k-zapaleniu-1-advetnej-sviecky\/","title":{"rendered":"B\u00e1se\u0148 k zap\u00e1leniu 1.advetnej svie\u010dky"},"content":{"rendered":"\n<p>&nbsp;<strong>Daniela Hor\u00ednkov\u00e1: Adventn\u00fd veniec<\/strong><\/p>\n\n\n\n<p>\u010cas posv\u00e4tn\u00fd dnes op\u00e4\u0165 v\u00edtame<br>a jeho symbol &#8211; veniec adventn\u00fd.<br>Na per\u00e1ch piesne, modlitby &#8211;<br>nech sprev\u00e1dzaj\u00fa jeho tmav\u00e9 dni.<\/p>\n\n\n\n<p>V\u0161ak do tmy prv\u00e9 svetlo za\u017enime<br>a svieca t\u00e1 nech jasne d\u00f4vod\u00ed:<br>Pripravi\u0165 treba srdcia \u00faprimn\u00e9<br>na pr\u00edchod Krista &#8211; svetlo pre \u013eud\u00ed.<\/p>\n\n\n\n<p>Ve\u010dnosti kruh a farba \u017eivota<br>s\u00fa znakmi adventn\u00e9ho venca.\u00a0<br>Svetielko sviece na \u0148om mihot\u00e1<br>a vonia zele\u0148 nev\u00e4dn\u00faca.<\/p>\n\n\n\n<p>Ten plamienok tak vr\u00facne pl\u00e1pol\u00e1,<br>s\u0165a Bo\u017eie slovo pln\u00e9 l\u00e1sky.<br>Zvol\u00e1va v\u0161etk\u00fdch svojich do kola,<br>vytv\u00e1ra\u0165 Bo\u017e\u00edch dietok zv\u00e4zky.<\/p>\n\n\n\n<p>Advent &#8211; \u010das n\u00e1deje a milosti,<br>\u010das pr\u00edpravy na stretnutie s P\u00e1nom,<br>To Svetlo hrie\u0161nych uhost\u00ed,<br>zasvieti znova dne\u0161n\u00fdm r\u00e1nom.<\/p>\n\n\n\n<p>Ono n\u00e1m priaze\u0148 Otcovu n\u00faka<br>a do kr\u00e1\u013eovstva Jeho pozvanie.<br>Svetielkom tepl\u00fdm Bo\u017eia sa ruka<br>dot\u00fdka s\u0155dc a n\u00faka zmilovanie.<\/p>\n\n\n\n<p>Na \u0161tvrt\u00fa adventn\u00fa nede\u013eu<br>sa v\u0161etky svie\u010dky \u017eivo rozhoria.<br>Svietiace \u010distotou \u00fabe\u013eu<br>n\u00e1m teraz spolu pr\u00e1ve hovoria:<\/p>\n\n\n\n<p>To ve\u013ek\u00e9 svetlo, viano\u010dn\u00e1 hviezda,<br>\u010do v\u0161etky hviezdy prev\u00fd\u0161i,<br>je celkom bl\u00edzko, hoci sa nezd\u00e1 \u00a0<br>a \u017eiari \u013eudstvu v Kristu Je\u017ei\u0161i.<\/p>\n\n\n\n<p><\/p>\n","protected":false},"excerpt":{"rendered":"<p>&nbsp;Daniela Hor\u00ednkov\u00e1: Adventn\u00fd veniec \u010cas posv\u00e4tn\u00fd dnes op\u00e4\u0165 v\u00edtamea jeho symbol &#8211; veniec adventn\u00fd.Na per\u00e1ch piesne, modlitby &#8211;nech sprev\u00e1dzaj\u00fa jeho tmav\u00e9 dni. V\u0161ak do tmy prv\u00e9 svetlo za\u017enimea svieca t\u00e1 nech jasne d\u00f4vod\u00ed:Pripravi\u0165 treba srdcia \u00faprimn\u00e9na pr\u00edchod Krista &#8211; svetlo pre \u013eud\u00ed. Ve\u010dnosti kruh a farba \u017eivotas\u00fa znakmi adventn\u00e9ho venca.\u00a0Svetielko sviece na \u0148om mihot\u00e1a vonia &#8230; <a title=\"B\u00e1se\u0148 k zap\u00e1leniu 1.advetnej svie\u010dky\" class=\"read-more\" href=\"https:\/\/www.e-anjelik.sk\/index.php\/2024\/11\/30\/basen-k-zapaleniu-1-advetnej-sviecky\/\" aria-label=\"Pre\u010d\u00edtajte si viac o B\u00e1se\u0148 k zap\u00e1leniu 1.advetnej svie\u010dky\">\u010c\u00edta\u0165 viac<\/a><\/p>\n","protected":false},"author":4,"featured_media":37446,"comment_status":"open","ping_status":"open","sticky":false,"template":"","format":"standard","meta":{"footnotes":""},"categories":[179,180,165],"tags":[],"class_list":["post-37443","post","type-post","status-publish","format-standard","has-post-thumbnail","hentry","category-advent","category-advent-basne","category-poezia-2"],"_links":{"self":[{"href":"https:\/\/www.e-anjelik.sk\/index.php\/wp-json\/wp\/v2\/posts\/37443","targetHints":{"allow":["GET"]}}],"collection":[{"href":"https:\/\/www.e-anjelik.sk\/index.php\/wp-json\/wp\/v2\/posts"}],"about":[{"href":"https:\/\/www.e-anjelik.sk\/index.php\/wp-json\/wp\/v2\/types\/post"}],"author":[{"embeddable":true,"href":"https:\/\/www.e-anjelik.sk\/index.php\/wp-json\/wp\/v2\/users\/4"}],"replies":[{"embeddable":true,"href":"https:\/\/www.e-anjelik.sk\/index.php\/wp-json\/wp\/v2\/comments?post=37443"}],"version-history":[{"count":3,"href":"https:\/\/www.e-anjelik.sk\/index.php\/wp-json\/wp\/v2\/posts\/37443\/revisions"}],"predecessor-version":[{"id":37447,"href":"https:\/\/www.e-anjelik.sk\/index.php\/wp-json\/wp\/v2\/posts\/37443\/revisions\/37447"}],"wp:featuredmedia":[{"embeddable":true,"href":"https:\/\/www.e-anjelik.sk\/index.php\/wp-json\/wp\/v2\/media\/37446"}],"wp:attachment":[{"href":"https:\/\/www.e-anjelik.sk\/index.php\/wp-json\/wp\/v2\/media?parent=37443"}],"wp:term":[{"taxonomy":"category","embeddable":true,"href":"https:\/\/www.e-anjelik.sk\/index.php\/wp-json\/wp\/v2\/categories?post=37443"},{"taxonomy":"post_tag","embeddable":true,"href":"https:\/\/www.e-anjelik.sk\/index.php\/wp-json\/wp\/v2\/tags?post=37443"}],"curies":[{"name":"wp","href":"https:\/\/api.w.org\/{rel}","templated":true}]}}