{"id":3745,"date":"2011-08-26T07:11:45","date_gmt":"2011-08-26T07:11:45","guid":{"rendered":"http:\/\/e-anjelik.sk\/?p=3745"},"modified":"2011-08-26T07:11:45","modified_gmt":"2011-08-26T07:11:45","slug":"zakaz-vyrocneho-zhromazdenia-metodistov-na-fidzi","status":"publish","type":"post","link":"https:\/\/www.e-anjelik.sk\/index.php\/2011\/08\/26\/zakaz-vyrocneho-zhromazdenia-metodistov-na-fidzi\/","title":{"rendered":"Z\u00e1kaz v\u00fdro\u010dn\u00e9ho zhroma\u017edenia metodistov na Fid\u017ei"},"content":{"rendered":"<p>Svetov&eacute; agent&uacute;ry priniesli spr&aacute;vu, \u017ee vojensk&yacute; re\u017eim na Fid\u017ei zak&aacute;zal konanie v&yacute;ro\u010dn&eacute;ho zhroma\u017edenia metodistickej cirkvi&nbsp; s od&ocirc;vodnen&iacute;m, \u017ee sa cirkev anga\u017euje v politike. Cirkevn&iacute; predstavitelia kritizovali vojensk&yacute; prevrat v decembri 2006 a nastolenie diktat&uacute;ry s obmedzen&iacute;m slobody prejavu. 65% obyvate\u013eov z 900 tis&iacute;c na ostrovoch Fid\u017ei patr&iacute; ku kres\u0165anom.Najv&auml;\u010d&scaron;ia a najvplyvnej&scaron;ia je pr&aacute;ve metodistick&aacute; cirkev.<\/p>\n<p>(<a href=\"http:\/\/www.epd.de\">www.epd.de<\/a>)<\/p>\n","protected":false},"excerpt":{"rendered":"<p>Svetov&eacute; agent&uacute;ry priniesli spr&aacute;vu, \u017ee vojensk&yacute; re\u017eim na Fid\u017ei zak&aacute;zal konanie v&yacute;ro\u010dn&eacute;ho zhroma\u017edenia metodistickej cirkvi&nbsp; s od&ocirc;vodnen&iacute;m, \u017ee sa cirkev anga\u017euje v politike. Cirkevn&iacute; predstavitelia kritizovali vojensk&yacute; prevrat v decembri 2006 a nastolenie diktat&uacute;ry s obmedzen&iacute;m slobody prejavu. 65% obyvate\u013eov z 900 tis&iacute;c na ostrovoch Fid\u017ei patr&iacute; ku kres\u0165anom.Najv&auml;\u010d&scaron;ia a najvplyvnej&scaron;ia je pr&aacute;ve metodistick&aacute; cirkev. &#8230; <a title=\"Z\u00e1kaz v\u00fdro\u010dn\u00e9ho zhroma\u017edenia metodistov na Fid\u017ei\" class=\"read-more\" href=\"https:\/\/www.e-anjelik.sk\/index.php\/2011\/08\/26\/zakaz-vyrocneho-zhromazdenia-metodistov-na-fidzi\/\" aria-label=\"Pre\u010d\u00edtajte si viac o Z\u00e1kaz v\u00fdro\u010dn\u00e9ho zhroma\u017edenia metodistov na Fid\u017ei\">\u010c\u00edta\u0165 viac<\/a><\/p>\n","protected":false},"author":22,"featured_media":0,"comment_status":"open","ping_status":"open","sticky":false,"template":"","format":"standard","meta":{"footnotes":""},"categories":[2],"tags":[],"class_list":["post-3745","post","type-post","status-publish","format-standard","hentry","category-ekumena"],"_links":{"self":[{"href":"https:\/\/www.e-anjelik.sk\/index.php\/wp-json\/wp\/v2\/posts\/3745","targetHints":{"allow":["GET"]}}],"collection":[{"href":"https:\/\/www.e-anjelik.sk\/index.php\/wp-json\/wp\/v2\/posts"}],"about":[{"href":"https:\/\/www.e-anjelik.sk\/index.php\/wp-json\/wp\/v2\/types\/post"}],"author":[{"embeddable":true,"href":"https:\/\/www.e-anjelik.sk\/index.php\/wp-json\/wp\/v2\/users\/22"}],"replies":[{"embeddable":true,"href":"https:\/\/www.e-anjelik.sk\/index.php\/wp-json\/wp\/v2\/comments?post=3745"}],"version-history":[{"count":0,"href":"https:\/\/www.e-anjelik.sk\/index.php\/wp-json\/wp\/v2\/posts\/3745\/revisions"}],"wp:attachment":[{"href":"https:\/\/www.e-anjelik.sk\/index.php\/wp-json\/wp\/v2\/media?parent=3745"}],"wp:term":[{"taxonomy":"category","embeddable":true,"href":"https:\/\/www.e-anjelik.sk\/index.php\/wp-json\/wp\/v2\/categories?post=3745"},{"taxonomy":"post_tag","embeddable":true,"href":"https:\/\/www.e-anjelik.sk\/index.php\/wp-json\/wp\/v2\/tags?post=3745"}],"curies":[{"name":"wp","href":"https:\/\/api.w.org\/{rel}","templated":true}]}}