{"id":37463,"date":"2024-12-04T12:35:26","date_gmt":"2024-12-04T11:35:26","guid":{"rendered":"https:\/\/www.e-anjelik.sk\/?p=37463"},"modified":"2024-12-08T16:00:53","modified_gmt":"2024-12-08T15:00:53","slug":"viaanocna-banka-basni-4","status":"publish","type":"post","link":"https:\/\/www.e-anjelik.sk\/index.php\/2024\/12\/04\/viaanocna-banka-basni-4\/","title":{"rendered":"Viano\u010dn\u00e1 banka b\u00e1sn\u00ed&#8230;(4)"},"content":{"rendered":"\n<p>&nbsp;&nbsp; &nbsp; &nbsp; &nbsp; &nbsp; &nbsp; &nbsp; &nbsp; &nbsp; &nbsp; Vianoce 2000<\/p>\n\n\n\n<p>&nbsp;<em>Miroslav Bro\u017e:<\/em>&nbsp; Chrob\u00e1\u010dikove Vianoce na mot\u00edvy knihy Jana Karafi\u00e1ta: Brou\u010dci\u201d.&nbsp;<\/p>\n\n\n\n<p><strong>Osoby<\/strong>:&nbsp; Rozpr\u00e1va\u010d ( m\u00f4\u017eu by\u0165 aj dvaja, resp.traja)<\/p>\n\n\n\n<p>&nbsp; &nbsp; &nbsp; &nbsp; &nbsp; &nbsp; &nbsp; Berunka<\/p>\n\n\n\n<p>&nbsp; &nbsp; &nbsp; &nbsp; &nbsp; &nbsp; &nbsp; Otecko<\/p>\n\n\n\n<p>&nbsp; &nbsp; &nbsp; &nbsp; &nbsp; &nbsp; &nbsp; Mami\u010dka<\/p>\n\n\n\n<p>&nbsp; &nbsp; &nbsp; &nbsp; &nbsp; &nbsp; &nbsp; Chrob\u00e1\u010dik<\/p>\n\n\n\n<p>&nbsp; &nbsp; &nbsp; &nbsp; &nbsp; &nbsp; &nbsp; Kmotr\u00ed\u010dek<\/p>\n\n\n\n<p>&nbsp; &nbsp; &nbsp; &nbsp; &nbsp; &nbsp; &nbsp; Kmotri\u010dka<\/p>\n\n\n\n<p>&nbsp; &nbsp; &nbsp; &nbsp; &nbsp; &nbsp; &nbsp; Beru\u0161ka<\/p>\n\n\n\n<p>&nbsp; &nbsp; &nbsp; &nbsp; &nbsp; &nbsp; &nbsp; Janinka<\/p>\n\n\n\n<p><strong>Rozpr\u00e1va\u010d (1):<\/strong>&nbsp;<\/p>\n\n\n\n<p>&nbsp; &nbsp; A bola zima. Mrzlo, a\u017e sa iskrilo. Ach, tie chrob\u00e1\u010diky pod jalovcom &#8211; \u010di to vydr\u017eia? Ve\u010f im jesenn\u00e1 v\u00edchrica takmer odniesla chal\u00fapku a celkom ju zni\u010dila. Ani nesta\u010dili opravi\u0165 strechu. Ani tam na zimu nezostali, ale pres\u0165ahovali sa ku <strong>kmotr\u00ed\u010dkovi<\/strong> pod dub. Aj s malou <strong>Berunkou<\/strong>, ktor\u00e1 sa maminke a oteckovi narodila, aby <strong>Chrob\u00e1\u010dik<\/strong> nebol s\u00e1m.<\/p>\n\n\n\n<p><strong>Rozpr\u00e1va\u010d (2):<\/strong>&nbsp;<\/p>\n\n\n\n<p>&nbsp; <strong>&nbsp; Oteckov<\/strong>i sa do s\u0165ahovania ve\u013emi nechcelo. Vraj by chal\u00fapku predsa len opravil. Ale ke\u010f kmotr\u00ed\u010dek to\u013eko naliehal, \u017ee zi,a bude zl\u00e1, a ke\u010f kmotri\u010dka hovorila, \u017ee sa u nich v\u0161etci dobre pomestia, a ke\u010f <strong>Beru\u0161ka<\/strong> to\u013eko prosila, a \u017ee v lete im <strong>Chrob\u00e1\u010dik<\/strong> pom\u00e1hal uklada\u0165 drevo, tak sa predsa rozhodli a v\u0161etci \u0161tyria sa pres\u0165ahovali do chal\u00fapky pod dubom. <strong>Otecko s kmotr\u00ed\u010dkom<\/strong> e\u0161te nakoniec v\u0161etko preh\u013eadali a upchali ka\u017ed\u00fa \u0161k\u00e1ro\u010dku suchu\u010dk\u00fdm drobn\u00fdm machom.<\/p>\n\n\n\n<p><strong>Rozpr\u00e1va\u010d (1):<\/strong><\/p>\n\n\n\n<p>&nbsp;&nbsp; A takmer by aj cel\u00e9 dvere zapratali drevom, zavreli na z\u00e1voru a zastr\u010dili kol\u00ed\u010dek, ke\u010f tu zrazu pri\u0161la aj <strong>Janinka. <\/strong>\u017deby sa mohla v machu medzi vresom zachumeli\u0165, a \u017ee na mravcoch pozorovala, \u017ee zima bude tuh\u00e1, a \u017ee im takto spolu bude lep\u0161ie. Ve\u010f prinesie so sebou aj nie\u010do dobr\u00e9 pod zub. \u00d3, to mali rados\u0165! Bol najvy\u0161\u0161\u00ed \u010das, vonku to u\u017e bur\u00e1calo. A tak sa e\u0161te pomodlili:<\/p>\n\n\n\n<p>V\u0161etci&nbsp; (spev) :<\/p>\n\n\n\n<p>&nbsp; &nbsp; &nbsp; &nbsp; &nbsp; <em>\u201cV podve\u010der, ke\u010f sa zmr\u00e1ka, ako k sliepke kuriatka,<\/em><\/p>\n\n\n\n<p><em>&nbsp;&nbsp; &nbsp; &nbsp; &nbsp; &nbsp; tak sa k Tebe t\u00falime, l\u00e1skav\u00fd Hospodine\u201d.&nbsp; (ES 435, v.1)<\/em><\/p>\n\n\n\n<p><strong>&nbsp;Rozpr\u00e1va\u010d (1<\/strong>):<\/p>\n\n\n\n<p>&nbsp;&nbsp; &nbsp; &nbsp; &nbsp; Pac a pusu, <em>\u201e<\/em>P\u00e1n Boh s nami a zl\u00e9 pre\u010d\u201d, &#8211; \u013eahli si a spali a spali.<\/p>\n\n\n\n<p><strong>Rozpr\u00e1va\u010d (2):<\/strong><\/p>\n\n\n\n<p>&nbsp; &nbsp; &nbsp; &nbsp; <em>\u201e<\/em>Ke\u010f sa Chrob\u00e1\u010dik zobudil, boli u\u017e otecko a maminka hore. Le\u017eali v posteli a rozpr\u00e1vali sa. Kmotr\u00ed\u010dek u\u017e medzit\u00fdm zakuroval v piecke, aby sa trochu zohriali a kmotri\u010dka \u017ee pritom uvar\u00ed trochu polievky. A potom u\u017e rozde\u013eovala ka\u017ed\u00e9mu na tanierik. Aj malej Berunke dali. Pr\u00e1ve sa zobudila. Pekne sa pomodlili a jedli:<\/p>\n\n\n\n<p>\u00a0\u00a0 <strong>V\u0161etci (spev<\/strong>):\u00a0<em> <em><em>\u201e<\/em><\/em>Sad\u00e1me s v\u010fa\u010dnos\u0165ou ku stolu, Pane,<\/em><\/p>\n\n\n\n<p><em>&nbsp;&nbsp; &nbsp; &nbsp; &nbsp; &nbsp; &nbsp; &nbsp; &nbsp; &nbsp; &nbsp; &nbsp; &nbsp; &nbsp; Za n\u00e1poj, pokrmy, z milosti dan\u00e9,<\/em><\/p>\n\n\n\n<p><em>&nbsp;&nbsp; &nbsp; &nbsp; &nbsp; &nbsp; &nbsp; &nbsp; &nbsp; &nbsp; &nbsp; &nbsp; &nbsp; &nbsp; Za to, \u010do dal si n\u00e1m aj v tejto chv\u00edli,<\/em><\/p>\n\n\n\n<p><em>&nbsp;&nbsp; &nbsp; &nbsp; &nbsp; &nbsp; &nbsp; &nbsp; &nbsp; &nbsp; &nbsp; &nbsp; &nbsp; &nbsp; chceme Ti \u010fakova\u0165 Ot\u010de n\u00e1\u0161 mil\u00fd\u201d.&nbsp;<\/em><\/p>\n\n\n\n<p><em>( Z detsk\u00e9ho spevn\u00ed\u010dka)<\/em><\/p>\n\n\n\n<p><strong>Rozpr\u00e1va\u010d (1)<\/strong>:&nbsp;<\/p>\n\n\n\n<p>&nbsp;A Berunka hovorila, \u017ee e\u0161te nikdy nevidela, ako to vonku vyzer\u00e1, ke\u010f nekvitn\u00fa kvietky a tr\u00e1va je pod snehom, ako jej o tom rozpr\u00e1val Chrob\u00e1\u010dik. A tak kmotr\u00ed\u010dek oddebnil z okna do\u0161ti\u010dku a u\u017e to videli. Sneh, sam\u00fd sneh, l\u00faka pre\u010d, str\u00e1\u0148 pre\u010d a ni\u010d len sneh.<\/p>\n\n\n\n<p><strong>Rozpr\u00e1va\u010d (2)<\/strong><\/p>\n\n\n\n<p>&nbsp;Slnie\u010dko tak trochu svietilo a sneh sa tak kr\u00e1sne trblietal a bolo celkom tich\u00fa\u010dko. Boli by sa na to e\u0161te radi pozerali, ale otecko varoval, \u017ee tam mrzne, a tak okno zase r\u00fdchlo upchali a zadebnili. Ke\u010f u\u017e le\u017eali v postie\u013ekach, Berunka sa op\u00fdtala:<\/p>\n\n\n\n<p><strong>Berunka:<\/strong><\/p>\n\n\n\n<p>Mrzne, a\u017e vt\u00e1\u010diky padaj\u00fa.<\/p>\n\n\n\n<p>Pros\u00edm v\u0161ak, \u010di to viete,<\/p>\n\n\n\n<p>\u010do asi \u013eudia por\u00e1baj\u00fa,<\/p>\n\n\n\n<p>ke\u010f vy im nesvietite?<\/p>\n\n\n\n<p>\u010ci maj\u00fa tepl\u00fa perinku,<\/p>\n\n\n\n<p>\u010di netras\u00fa sa od zimy?<\/p>\n\n\n\n<p>M\u00e1 ka\u017ed\u00e9 die\u0165a maminku<\/p>\n\n\n\n<p>aj ocka, ktor\u00fd je s nimi?<\/p>\n\n\n\n<p>A ke\u010f im vezme vietor<\/p>\n\n\n\n<p>chal\u00fapku, v ktorej \u017eili,<\/p>\n\n\n\n<p>\u010di n\u00e1jde sa v\u017edy niekto,<\/p>\n\n\n\n<p>u koho by sa skryli?<\/p>\n\n\n\n<p><strong>Otecko:<\/strong><\/p>\n\n\n\n<p>Nu\u017e, to najviac tr\u00e1pi n\u00e1s,<\/p>\n\n\n\n<p>\u017ee \u013eudia s\u00fa ako vlci,<\/p>\n\n\n\n<p>na deti nemaj\u00fa \u010das<\/p>\n\n\n\n<p>a nosia zlobu v srdci.<\/p>\n\n\n\n<p>A st\u00e1le nie\u010do hromadia<\/p>\n\n\n\n<p>a to\u013eko vec\u00ed zh\u00e1\u0148aj\u00fa,<\/p>\n\n\n\n<p>tak\u017ee u\u017e v\u00f4bec nevedia,<\/p>\n\n\n\n<p>\u010do v\u0161etko pri tom str\u00e1caj\u00fa.<\/p>\n\n\n\n<p>Aj ke\u010f mali by si pom\u00e1ha\u0165,<\/p>\n\n\n\n<p>s\u00fa sebeck\u00ed a\u017e beda.<\/p>\n\n\n\n<p>P\u00e1n Boh ich v\u0161ak neprestal ma\u0165 r\u00e1d,<\/p>\n\n\n\n<p>ako pastier ich h\u013ead\u00e1.<\/p>\n\n\n\n<p><strong>Maminka:<\/strong><\/p>\n\n\n\n<p>Pri\u0161iel na svet ako die\u0165a,<\/p>\n\n\n\n<p>nemal kde skloni\u0165 hlavu.<\/p>\n\n\n\n<p>Ve\u013ea bolo domov sveta,<\/p>\n\n\n\n<p>nie v\u0161ak pre Bo\u017eiu sl\u00e1vu.<\/p>\n\n\n\n<p>\u0160li k\u00fasok \u010falej do stajne,<\/p>\n\n\n\n<p>kde zostalo trochu slamy.<\/p>\n\n\n\n<p>Tam zrodil sa skoro tajne,<\/p>\n\n\n\n<p>aby tu bol medzi nami.<\/p>\n\n\n\n<p>A M\u00e1ria Ho chr\u00e1nila,<\/p>\n\n\n\n<p>Jozef bol pest\u00fan Jeho.<\/p>\n\n\n\n<p>Potom sa odtia\u013e rozliala<\/p>\n\n\n\n<p>t\u00e1 milos\u0165 na ka\u017ed\u00e9ho.<\/p>\n\n\n\n<p><strong>Chrob\u00e1\u010dik:<\/strong><\/p>\n\n\n\n<p>\u00d3, ja by som \u013eu\u010fom nesvietil,<\/p>\n\n\n\n<p>ke\u010f s\u00fa v takom hroznom stave.<\/p>\n\n\n\n<p>A lietal by som, aby som \u017eil<\/p>\n\n\n\n<p>len kv\u00f4li vlastnej z\u00e1bave.<\/p>\n\n\n\n<p>A \u0161iel by som s malou sestri\u010dkou<\/p>\n\n\n\n<p>k\u00fapa\u0165 sa v kvapke rosy.<\/p>\n\n\n\n<p>A potom za na\u0161ou kmotri\u010dkou<\/p>\n\n\n\n<p>o k\u00fasok medu prosi\u0165.<\/p>\n\n\n\n<p>Beru\u0161ke, tej by som pom\u00e1hal,<\/p>\n\n\n\n<p>aj ke\u010f na m\u0148a v\u0161etko zrad\u00ed.<\/p>\n\n\n\n<p>No \u013eu\u010fom svieti\u0165 by som sa b\u00e1l,<\/p>\n\n\n\n<p>ke\u010f sa tak nemaj\u00fa radi.<\/p>\n\n\n\n<p><strong>Kmotr\u00ed\u010dek:<\/strong><\/p>\n\n\n\n<p>Mil\u00fd Chrob\u00e1\u010dik, takto nie!<\/p>\n\n\n\n<p>Ke\u010f P\u00e1n Boh chce, tak ja svietim!<\/p>\n\n\n\n<p>Ve\u010f zima sa raz pominie<\/p>\n\n\n\n<p>kraj bude zas vo\u0148a\u0165 kviet\u00edm,<\/p>\n\n\n\n<p>my lamp\u00e1\u0161iky zdvihneme,<\/p>\n\n\n\n<p>ktor\u00e9 n\u00e1m Boh k slu\u017ebe d\u00e1va<\/p>\n\n\n\n<p>a a\u017e spolo\u010dne vzlietneme,<\/p>\n\n\n\n<p>noc u\u017e nebude tak tmav\u00e1.<\/p>\n\n\n\n<p>Pre\u010do by sme \u013eu\u010fom neniesli<\/p>\n\n\n\n<p>to, \u010do m\u00e1me z Jeho daru.<\/p>\n\n\n\n<p>Ve\u010f aj pastieri od jasl\u00ed<\/p>\n\n\n\n<p>\u0161li v\u0161etk\u00fdm poveda\u0165 spr\u00e1vu,<\/p>\n\n\n\n<p>\u017ee hviezdy Jeho spasenia<\/p>\n\n\n\n<p>ka\u017ed\u00fa noc v svetlo premenia!<\/p>\n\n\n\n<p>(Mo\u017eno zaspieva\u0165):&nbsp;<\/p>\n\n\n\n<p><em>&nbsp;&nbsp; &nbsp; U\u010di\u0148 ma Bo\u017ee svetielkom, ktor\u00e9 by jasn\u00fdm plamienkom,<\/em><\/p>\n\n\n\n<p><em>\u017eiarilo v\u00f4kol do tmy r\u00ed\u0161, kam Ty ho svieti\u0165 postav\u00ed\u0161\u201d. (ES 646,v.1)<\/em><\/p>\n\n\n\n<p><strong>Rozpr\u00e1va\u010d (1):<\/strong><\/p>\n\n\n\n<p>\u00a0\u00a0 Akosi dlho nemohli zaspa\u0165 a zima sa im vkr\u00e1dala pod perinky. A tak kmotr\u00ed\u010dek, \u017ee d\u00e1 e\u0161te nieko\u013eko polienok do piecky, aby sa zahriali\u2026Tu sa Beru\u0161ka ozvala, \u017ee by sa rada pozrela e\u0161te raz von z okna, \u010di u\u017e aj slnie\u010dko i\u0161lo spa\u0165. A ke\u010f sa za to prihovorila aj maminka, tak vstali, kmotr\u00ed\u010dek oddebnil latku, pomaly odlo\u017eil mach a potom &#8211; v\u0161etko bolo ako v sne!<\/p>\n\n\n\n<p><strong>Rozpr\u00e1va\u010d (2):<\/strong><\/p>\n\n\n\n<p>&nbsp;&nbsp; V nazelenalom svetle l\u00faka akoby bola postriebren\u00e1 a mesia\u010dik bol ako ve\u013ek\u00e9 rybie oko. A tam na potoku len sam\u00fd \u013ead a aj tie v\u0155by pri potoku sa zimou t\u00falil k sebe. Pr\u00e1ve tam, kde vlani rozkvitli tri biele sir\u00f4tky, ke\u010f tam umreli chrob\u00e1\u010dikovia spod ra\u017edia, ktor\u00ed sa akosi oneskorili. Beru\u0161ka si teraz na to spomenula a slzy mala na kraj\u00ed\u010dku.<\/p>\n\n\n\n<p><strong>Beru\u0161ka:<\/strong><\/p>\n\n\n\n<p>Ach, chrob\u00e1\u010diky od vrb\u00edn,<\/p>\n\n\n\n<p>\u010do v zime zmizli vlani.<\/p>\n\n\n\n<p>\u010ci aj im m\u00f4\u017ee Bo\u017e\u00ed Syn<\/p>\n\n\n\n<p>da\u0165 svetlo, \u010di sa k nim sklon\u00ed?<\/p>\n\n\n\n<p>Veru, sir\u00f4tok je pln\u00e1 zem,<\/p>\n\n\n\n<p>pod ka\u017edou chrob\u00e1\u010dik drieme,<\/p>\n\n\n\n<p>fialov\u00e1, \u017elt\u00e1, biely lem,<\/p>\n\n\n\n<p>\u010do my v\u0161ak o nich vieme?<\/p>\n\n\n\n<p>A kto m\u00f4\u017ee z\u00e1ruku da\u0165,<\/p>\n\n\n\n<p>n\u00e1m \u017ee vyjde slnko jarn\u00e9?<\/p>\n\n\n\n<p>M\u00e1 Boh moc smrti rozk\u00e1za\u0165,<\/p>\n\n\n\n<p>ke\u010f s\u00e1m bol len Die\u0165a biedne?<\/p>\n\n\n\n<p><strong>Janinka:<\/strong><\/p>\n\n\n\n<p>Beru\u0161ka mil,akoby nie!<\/p>\n\n\n\n<p>Moc smrti iste sa pominie<\/p>\n\n\n\n<p>aj ke\u010f n\u00e1s dosia\u013e m\u00e1mi.<\/p>\n\n\n\n<p>Boh pr\u00e1ve v \u013eudskej podobe<\/p>\n\n\n\n<p>je v \u017eivote a aj v hrobe<\/p>\n\n\n\n<p>raz nav\u017edy verne s nami.<\/p>\n\n\n\n<p>Keby bol iba na nebi,&nbsp;<\/p>\n\n\n\n<p>kde velebia Ho anjeli,<\/p>\n\n\n\n<p>bolo by po n\u00e1s veta.<\/p>\n\n\n\n<p>On v\u0161ak nedb\u00e1 na\u0161ich v\u00edn<\/p>\n\n\n\n<p>k n\u00e1m sa sklonil do hlb\u00edn<\/p>\n\n\n\n<p>a je n\u00e1dejou sveta.<\/p>\n\n\n\n<p>S\u00e1m pre\u0161iel na\u0161ou temnotou,<\/p>\n\n\n\n<p>smr\u0165 kr\u00ed\u017ea niesol s boles\u0165ou,<\/p>\n\n\n\n<p>no premohol moc zl\u00e9ho.<\/p>\n\n\n\n<p>\u010co \u017eiv\u00ed sme, \u010di umrieme,<\/p>\n\n\n\n<p>len poslu\u0161ne chodievajme<\/p>\n\n\n\n<p>cestou v d\u00f4vere v Neho.<\/p>\n\n\n\n<p><strong>Kmotri\u010dka:<\/strong><\/p>\n\n\n\n<p>Poslu\u0161n\u00e9 chrob\u00e1\u010diky Boh m\u00e1 r\u00e1d<\/p>\n\n\n\n<p>a d\u00e1va im tie\u017e silu.<\/p>\n\n\n\n<p>Preto u\u017e mus\u00edme \u00eds\u0165 r\u00fdchlo spa\u0165,<\/p>\n\n\n\n<p>On si nos vzbud\u00ed k dielu.<\/p>\n\n\n\n<p>A svetlo svojho spasenia<\/p>\n\n\n\n<p>On d\u00e1 n\u00e1m v pravej chv\u00edli,<\/p>\n\n\n\n<p>na svojich si n\u00e1s premie\u0148a,<\/p>\n\n\n\n<p>aby sme Ho v\u017edy ctili<\/p>\n\n\n\n<p>a posl\u00fa\u017eili Mu tro\u0161i\u010dku<\/p>\n\n\n\n<p>na svete plnom \u013eadu. &#8211;&nbsp;<\/p>\n\n\n\n<p>&#8211; No, d\u00e1m v\u00e1m e\u0161te za ly\u017ei\u010dku &nbsp;<\/p>\n\n\n\n<p>pred span\u00edm z toho medu.<\/p>\n\n\n\n<p><strong>Rozpr\u00e1va\u010d (1):<\/strong><\/p>\n\n\n\n<p><strong>&nbsp;<\/strong> Ale to u\u017e kmotr\u00ed\u010dek okienko r\u00fdchle zadebnil a otecko mu pom\u00e1hal.<\/p>\n\n\n\n<p>&nbsp;A e\u0161te nieko\u013eko polienok do piecky a r\u00fdchlo pod perinky. Pomodlili sa, aby bol P\u00e1n Boh milostiv\u00fd ku v\u0161etk\u00fdm chrob\u00e1\u010dikom. Berunka dr\u017eala maminku za ruku a u\u017e sa nerozpr\u00e1vali, ale spali a spali. A dobre sa im spalo.<\/p>\n\n\n\n<p>&nbsp; &nbsp; &nbsp; &nbsp; &nbsp; &nbsp; &nbsp; &nbsp; &nbsp; &nbsp; &nbsp; &nbsp; &nbsp; &nbsp; &nbsp; &nbsp; &nbsp; &nbsp; &nbsp; &nbsp; &nbsp; &nbsp; &nbsp; &nbsp; &nbsp; &nbsp; &nbsp; &nbsp; &nbsp; &nbsp; &nbsp; &nbsp; &nbsp; &nbsp; &nbsp; Posloven\u010dil J\u00e1n Osl\u00edk<\/p>\n\n\n\n<p>Pozn\u00e1mka:&nbsp;<\/p>\n\n\n\n<p>Mo\u017eno zakon\u010di\u0165 aj vhodnou ve\u010dernou alebo viano\u010dnou pies\u0148ou, ak s\u00fa \u017eiaci dobr\u00ed spev\u00e1ci. Rekvizity: sta\u010dia vln\u00e1\u010diky a lamp\u00e1\u0161iky. \u017del\u00e1me ve\u013ea radosti pri n\u00e1cviku.<\/p>\n\n\n\n<p>a pri predstaven\u00ed na viano\u010dnej besiedke! \u013dubom\u00edr Batka st.<\/p>\n\n\n\n<p><\/p>\n","protected":false},"excerpt":{"rendered":"<p>&nbsp;&nbsp; &nbsp; &nbsp; &nbsp; &nbsp; &nbsp; &nbsp; &nbsp; &nbsp; &nbsp; Vianoce 2000 &nbsp;Miroslav Bro\u017e:&nbsp; Chrob\u00e1\u010dikove Vianoce na mot\u00edvy knihy Jana Karafi\u00e1ta: Brou\u010dci\u201d.&nbsp; Osoby:&nbsp; Rozpr\u00e1va\u010d ( m\u00f4\u017eu by\u0165 aj dvaja, resp.traja) &nbsp; &nbsp; &nbsp; &nbsp; &nbsp; &nbsp; &nbsp; Berunka &nbsp; &nbsp; &nbsp; &nbsp; &nbsp; &nbsp; &nbsp; Otecko &nbsp; &nbsp; &nbsp; &nbsp; &nbsp; &nbsp; &nbsp; Mami\u010dka &nbsp; &#8230; <a title=\"Viano\u010dn\u00e1 banka b\u00e1sn\u00ed&#8230;(4)\" class=\"read-more\" href=\"https:\/\/www.e-anjelik.sk\/index.php\/2024\/12\/04\/viaanocna-banka-basni-4\/\" aria-label=\"Pre\u010d\u00edtajte si viac o Viano\u010dn\u00e1 banka b\u00e1sn\u00ed&#8230;(4)\">\u010c\u00edta\u0165 viac<\/a><\/p>\n","protected":false},"author":4,"featured_media":0,"comment_status":"open","ping_status":"open","sticky":false,"template":"","format":"standard","meta":{"footnotes":""},"categories":[1],"tags":[],"class_list":["post-37463","post","type-post","status-publish","format-standard","hentry","category-adventna-modlitba"],"_links":{"self":[{"href":"https:\/\/www.e-anjelik.sk\/index.php\/wp-json\/wp\/v2\/posts\/37463","targetHints":{"allow":["GET"]}}],"collection":[{"href":"https:\/\/www.e-anjelik.sk\/index.php\/wp-json\/wp\/v2\/posts"}],"about":[{"href":"https:\/\/www.e-anjelik.sk\/index.php\/wp-json\/wp\/v2\/types\/post"}],"author":[{"embeddable":true,"href":"https:\/\/www.e-anjelik.sk\/index.php\/wp-json\/wp\/v2\/users\/4"}],"replies":[{"embeddable":true,"href":"https:\/\/www.e-anjelik.sk\/index.php\/wp-json\/wp\/v2\/comments?post=37463"}],"version-history":[{"count":4,"href":"https:\/\/www.e-anjelik.sk\/index.php\/wp-json\/wp\/v2\/posts\/37463\/revisions"}],"predecessor-version":[{"id":37505,"href":"https:\/\/www.e-anjelik.sk\/index.php\/wp-json\/wp\/v2\/posts\/37463\/revisions\/37505"}],"wp:attachment":[{"href":"https:\/\/www.e-anjelik.sk\/index.php\/wp-json\/wp\/v2\/media?parent=37463"}],"wp:term":[{"taxonomy":"category","embeddable":true,"href":"https:\/\/www.e-anjelik.sk\/index.php\/wp-json\/wp\/v2\/categories?post=37463"},{"taxonomy":"post_tag","embeddable":true,"href":"https:\/\/www.e-anjelik.sk\/index.php\/wp-json\/wp\/v2\/tags?post=37463"}],"curies":[{"name":"wp","href":"https:\/\/api.w.org\/{rel}","templated":true}]}}