{"id":37468,"date":"2024-12-05T00:22:34","date_gmt":"2024-12-04T23:22:34","guid":{"rendered":"https:\/\/www.e-anjelik.sk\/?p=37468"},"modified":"2024-12-05T17:24:33","modified_gmt":"2024-12-05T16:24:33","slug":"prichod-slova-a-svetla","status":"publish","type":"post","link":"https:\/\/www.e-anjelik.sk\/index.php\/2024\/12\/05\/prichod-slova-a-svetla\/","title":{"rendered":"Pr\u00edchod Slova a Svetla"},"content":{"rendered":"\n<p><strong>&nbsp;&nbsp; Pr\u00edchod Slova a Svetla<\/strong><\/p>\n\n\n\n<p><strong>&nbsp;&nbsp; &nbsp; &nbsp; &nbsp; &nbsp; Milos\u0165 v\u00e1m a pokoj&nbsp; od Toho, ktor\u00fd je, ktor\u00fd bol a ktor\u00fd pr\u00edde, od P\u00e1na Je\u017ei\u0161a Krista! Amen<\/strong><\/p>\n\n\n\n<p><strong>&nbsp;J 1, 6 &#8211; 17:<\/strong><\/p>\n\n\n\n<p><em>\u00a0 <em>\u201e<\/em>Bol \u010dlovek, ktor\u00e9ho poslal Boh; menoval sa J\u00e1n. (7) Tento pri\u0161iel na svedectvo: sved\u010di\u0165 o svetle, aby v\u0161etci uverili skrze neho. (8) On s\u00e1m nebol to svetlo, len sved\u010di\u0165 mal o svetle. (9) Bolo v\u0161ak prav\u00e9 svetlo, ktor\u00e9 osvecuje ka\u017ed\u00e9ho \u010dloveka, prich\u00e1dzaj\u00faceho na svet. (10) Bolo vo svetle a svet N\u00edm povstal, ale svet Ho nepoznal. (11) Do svojho vlastn\u00e9ho pri\u0161iel, a Jeho vlastn\u00ed Ho neprijali. (12) Ale t\u00fdm, \u010do Ho prijali, dal moc sta\u0165 sa dietkami Bo\u017e\u00edmi, t\u00fdm, \u010do veria v Jeho meno, (13) ktor\u00ed boli sploden\u00ed nie z krvi, ani z telesnej \u017eiadosti, ani z v\u00f4le mu\u017ea, ale z Boha. (14) A to Slovo stalo sa telom a preb\u00fdvalo medzi nami, a my h\u013eadeli sme na Jeho sl\u00e1vu ako na sl\u00e1vu jednoroden\u00e9ho od Otca, a bolo pln\u00e9 milosti a pravdy. (15) J\u00e1n sved\u010dil o \u0147om volaj\u00fac: Toto je Ten, o ktorom som povedal: Ten, ktor\u00fd prich\u00e1dza po mne, bol predo mnou, preto\u017ee bol prv ako ja. (16) Z Jeho plnosti sme zaiste my v\u0161etci vzali, a to milos\u0165 nad milos\u0165. (17) Lebo z\u00e1kon dan\u00fd bol skrze Moj\u017ei\u0161a, ale milos\u0165 a pravda stala sa skrze Je\u017ei\u0161a Krista\u201d. Amen<\/em><\/p>\n\n\n\n<p><em>&nbsp;&nbsp; &nbsp; &nbsp; &nbsp; &nbsp; &nbsp; <\/em>&nbsp; &nbsp; Bohumil\u00ed kres\u0165ania, bratia a sestry v na\u0161om P\u00e1novi Je\u017ei\u0161ovi Kristovi!<\/p>\n\n\n\n<p>&nbsp;&nbsp; Jedn\u00fdm so siln\u00fdch emoci\u00e1lnych z\u00e1\u017eitkov v uplynulom obdob\u00ed bolo bolo pre m\u0148a sledovanie opery: <em>Martin Luther <\/em>v starom artikul\u00e1rnom chr\u00e1me v Sv\u00e4tom Kr\u00ed\u017ei. Nielen preto, \u017ee \u00favodn\u00e9 hromobitie a tmu nebolo potrebn\u00e9 umelo navodzova\u0165, preto\u017ee pr\u00e1ve v \u00favode opery za\u010d\u00ednala aj prav\u00e1 podtatransk\u00e1 b\u00farka, ale oslovovala ma zvl\u00e1\u0161\u0165 aj ve\u013emi \u0161\u0165astne volen\u00e1 mel\u00f3dia overt\u00fary. Skladate\u013e hudby siahol ve\u013emi \u0161\u0165astne po mel\u00f3dii piesne v cirkvi zn\u00e1mej, toti\u017e po adventnej a tro\u0161ku tajuplne znej\u00facej piesni, ktor\u00fa pozn\u00e1 d\u00f4verne azda ka\u017ed\u00fd evanjelik:<\/p>\n\n\n\n<p><em><em>\u201e<\/em>Pr\u00ed\u010f spasenie pohanov,<\/em><br><em>Teba s l\u00e1skou oddanou,\u00a0<\/em><br><em>v\u0161etci verne \u010dak\u00e1me,<\/em><br><em>pr\u00ed\u010f k n\u00e1m, vr\u00facne vol\u00e1me\u201d (ESP 19,1)<\/em><\/p>\n\n\n\n<p>V mojom rodnom zbore sa na tento n\u00e1pev spievala aj in\u00e1 adventn\u00e1 piese\u0148:<\/p>\n\n\n\n<p><em>  <em>\u201e<\/em>Chv\u00e1la Ti, Bo\u017ee vern\u00fd<\/em>,<br> <em>\u017ee pod\u013ea zas\u013e\u00faben\u00ed<\/em>,<br> <em>Spasite\u013ea si n\u00e1m dal,<\/em><br> <em>v \u013eudskom tele Ho poslal!\u201d (ESP 10, 1)<\/em><\/p>\n\n\n\n<p>\u00a0 \u00a0 Ka\u017ed\u00fd posluch\u00e1\u010d v obecenstve v starom chr\u00e1me bol tak hne\u010f na \u00favod <em>\u201e<\/em>doma\u201d. Mysl\u00edm t\u00fdm to, \u017ee c\u00edtil, \u017ee je na p\u00f4de svojej cirkvi. Mnoh\u00ed v my\u0161lienkach a spomienkach zaleteli do svojich rodn\u00fdch domov, kde pre\u017eili ako deti nejeden advent, ke\u010f spolu s rodi\u010dmi a star\u00fdmi rodi\u010dmi spievali tieto piesne a pre\u017e\u00edvali \u010das adventu skuto\u010dne ako \u010das posv\u00e4tn\u00fd a tajuplne n\u00e1dhern\u00fd. V tichu, v pokore srdca a s ve\u013ek\u00fdmi o\u010dak\u00e1vaniami, ktor\u00e9 neb\u00fdvali sklaman\u00e9, ale sk\u00f4r prekonali o\u010dak\u00e1vania.\u00a0<\/p>\n\n\n\n<p>&nbsp; &nbsp; Ak\u00e9 s\u00fa na\u0161e adventy dnes? Iste r\u00f4zne. Tak\u00e9, ako si sami zvol\u00edme sp\u00f4sob ich pre\u017e\u00edvania. V\u017edy platilo a plat\u00ed: Ak\u00fd advent &#8211; tak\u00e9 s\u00fa aj na\u0161e Vianoce! Ak ho pre\u017e\u00edvame s Kristom P\u00e1nom, u\u017e adventn\u00fd \u010das je radostn\u00fd, pokojn\u00fd a po\u017eehnan\u00fd, tak ako to o\u010dak\u00e1vame od viano\u010dn\u00fdch sviatkov. Ak je advent pre n\u00e1s a na\u0161e rodiny \u010dasom duchovnej pr\u00edpravy na pr\u00edchod Svetla sveta, budeme Ho nanovo s rados\u0165ou v\u00edta\u0165 a v tomto Svetle \u017ei\u0165 u\u017e teraz a potom i vo ve\u010dnosti.<\/p>\n\n\n\n<p>\u00a0 \u00a0 V advente je \u010das <em><em>\u201e<\/em>prebudi\u0165 sa zo sna<\/em>\u201d, preto\u017ee n\u00e1s \u010dak\u00e1 ve\u013ea \u00faloh. Jedna z nich je v\u0161ak mimoriadna. Pripravi\u0165 sa na pr\u00edchod Spasite\u013ea sveta. Nie na pr\u00edchod <em>\u201e<\/em>Je\u017ei\u0161ka\u201d, nosite\u013ea r\u00f4znych dar\u010dekov, ktor\u00e9ho <em>\u201e<\/em>\u010dakaj\u00fa\u201d dnes aj liber\u00e1li, aj ateisti, alebo t\u00ed, \u010do boli <em>\u201e<\/em>v spr\u00e1vnom \u010dase na spr\u00e1vnom mieste\u201d a dnes tvrdia, \u017ee chc\u00fa blahobyt pre v\u0161etk\u00fdch. Mnoh\u00ed si robia reklamu dobrosrde\u010dn\u00fdch \u013eudomilov, pri\u010dom rodinu a man\u017eelstvo sami zneva\u017euj\u00fa, z ochrany nenaroden\u00fdch det\u00ed sa vysmievaj\u00fa a so svojimi konkub\u00ednami sa radi ukazuj\u00fa ako slu\u0161n\u00ed ob\u010dania.<\/p>\n\n\n\n<p>\u00a0 \u00a0 P\u00e1n Boh d\u00f4kladne pripravoval svet na Kristov pr\u00edchod. <em><em>\u201e<\/em>Bol \u010dlovek, ktor\u00e9ho poslal Boh; menoval sa J\u00e1n. Tento pri\u0161iel na svedectvo: sved\u010di\u0165 o svetle<\/em>.\u201d By\u0165 Bo\u017e\u00edm poslom je ve\u013ekou vecou. J\u00e1n Krstite\u013e bol poveren\u00fd \u00falohou: sved\u010di\u0165 \u013eu\u010fom o<em> <em>\u201e<\/em>Svetle sveta<\/em>\u201d, ktor\u00e9 pri\u0161lo na svet. Evanjelista J\u00e1n v\u0161ak so sm\u00fatkom sved\u010d\u00ed: <em><em>\u201e<\/em>Svet N\u00edm povstal, ale svet Ho nepoznal\u201d. <\/em>Je\u017ei\u0161 <em><em>\u201e<\/em>do svojho vlastn\u00e9ho pri\u0161iel a Jeho vlastn\u00ed Ho neprijali\u201d. <\/em>N\u00e1rod Izraelsk\u00fd sa tak z v\u00e4\u010d\u0161ej \u010diastky zbavil ve\u013ek\u00e9ho po\u017eehnania. Ve\u010f<em> <em>\u201e<\/em>t\u00fdm, \u010do Ho prijali, dal moc sta\u0165 sa dietkami Bo\u017e\u00edmi, t\u00fdm, \u010do veria v Jeho meno; ktor\u00ed boli sploden\u00ed nie z krvi &#8211; ale z Boha\u201d. <\/em>Neprijatie Je\u017ei\u0161a ktor\u00fd pri\u0161iel v \u013eudskom tele v plnosti \u010dasu ako Spasite\u013e, znamen\u00e1 zosta\u0165 a \u017ei\u0165 v tme hriechu a smrti<em>.<\/em>\u00a0<\/p>\n\n\n\n<p>&nbsp; Bratia a sestry v P\u00e1novi!&nbsp; &nbsp;<\/p>\n\n\n\n<p>&nbsp; &nbsp; \u00dalohu Bo\u017e\u00edch poslov m\u00e1me prija\u0165 a plni\u0165 aj my. Advent je k tomu pr\u00edhodn\u00e1 doba a rovnako aj prich\u00e1dzaj\u00face Vianoce. Bu\u010fme v\u010fa\u010dn\u00ed za toto poverenie a za t\u00fato \u00falohu, ktor\u00fa m\u00e1me a m\u00f4\u017eeme plni\u0165 predov\u0161etk\u00fdm v na\u0161ich rodin\u00e1ch. \u010cas, ktor\u00fd vyu\u017eijeme pri pozn\u00e1van\u00ed Svetla sveta a venujeme ho na\u0161\u00edm de\u0165om a vn\u00fa\u010dat\u00e1m, je \u010dasom vz\u00e1cnym a po\u017eehnan\u00fdm a raz prinesie svoju \u00farodu.&nbsp;<\/p>\n\n\n\n<p>\u00a0\u00a0 By\u0165 svedkom Bo\u017eej pravdy a nosite\u013eom Jeho svetla m\u00f4\u017ee by\u0165 ka\u017ed\u00fd, kto spozn\u00e1, \u017ee Je\u017ei\u0161 je<em> <em>\u201e<\/em>to Slovo, ktor\u00e9 bolo na po\u010diatku u Boha, ktor\u00e9 sa stalo telom a preb\u00fdvalo medzi nami\u201d.<\/em> Evanjelista J\u00e1n hovor\u00ed, \u017ee apo\u0161tolovia <em><em>\u201e<\/em>videli Jeho sl\u00e1vu ako sl\u00e1vu jednoroden\u00e9ho od Otca\u201d<\/em>. Spoznali, \u017ee v Je\u017ei\u0161ovi je plnos\u0165 <em><em>\u201e<\/em>milosti a pravdy\u201d<\/em>.\u00a0<\/p>\n\n\n\n<p>\u00a0\u00a0 P\u00e1na Je\u017ei\u0161a, Svetlo sveta a v \u0147om milos\u0165 a pravdu o sp\u00e1se pon\u00fakol P\u00e1n Boh aj n\u00e1m. Preto aj my smieme a m\u00e1me toto blahoslaven\u00e9 posolstvo nies\u0165 a pod\u00e1va\u0165 \u010falej, aby \u010d\u00edm viacer\u00ed \u013eudia mohli prija\u0165 skuto\u010dne ve\u013ek\u00fd dar:<em> <em>\u201e<\/em>milos\u0165 nad milos\u0165\u201d. <\/em>Smieme tak ma\u0165 istotu o odpusten\u00ed na\u0161ich hriechov, o zmieren\u00ed s P\u00e1nom Bohom skrze Jeho Syna a ma\u0165 n\u00e1dej dedi\u010dstva, odlo\u017een\u00e9ho v nebesiach. \u010eakujme preto za milos\u0165 k povereniu nies\u0165 dobr\u00fa zves\u0165 na\u0161im bl\u00ed\u017enym, \u017ee <em><em>\u201e<\/em>milos\u0165 a pravda\u201d<\/em> n\u00e1m bola dan\u00e1 skrze Je\u017ei\u0161a. Skrze Toho, ktor\u00fd pri\u0161iel na svet v plnosti \u010dasu, aby z n\u00e1s u\u010dinil Bo\u017eie deti a dedi\u010dov ve\u013ek\u00fdch zas\u013e\u00faben\u00ed.<\/p>\n\n\n\n<p>&nbsp; Bratia a sestry !<\/p>\n\n\n\n<p>\u00a0 V advente sme poz\u00fdvan\u00ed k st\u00ed\u0161eniu, k ceste pok\u00e1nia, aby sme vyzn\u00e1vali na\u0161e hriechy a boli hlasom na p\u00fa\u0161ti tohoto sveta\u00a0volaj\u00facim do svedomia na\u0161ich bl\u00ed\u017enych. Nie je \u013eahk\u00e9 by\u0165\u00a0<em>\u201e<\/em>anjelom Bo\u017e\u00edm\u201d a zvestova\u0165 z\u00e1kon,<em> <em>\u201e<\/em>dan\u00fd skrze Moj\u017ei\u0161a\u201d, <\/em>ale ani ve\u013ek\u00fa a a\u017e nepochopite\u013en\u00fa <em><em>\u201e<\/em>milos\u0165 a pravdu, ktor\u00e1 sa stala skrze Je\u017ei\u0161a\u201d. <\/em>Je zrejm\u00e9, \u017ee niektor\u00fdm \u013eu\u010fom jedno i druh\u00e9 slovo sk\u00f4r <em>\u201e<\/em>kaz\u00ed\u201d n\u00e1ladu a\u00a0sviato\u010dn\u00fa atmosf\u00e9ru. P\u00fdtajme sa, \u010di sme pripraven\u00ed na \u00fadel J\u00e1na Krstite\u013ea a apo\u0161tolov a napokon aj Toho, ktor\u00fd je Svetlom sveta? Adventn\u00fd \u010das je \u010dasom tichej a pokornej pr\u00edpravy k tomu, aby sme v slu\u017ebe svedkov P\u00e1na Je\u017ei\u0161a obst\u00e1li.<\/p>\n\n\n\n<p>\u00a0 \u00a0 Kazatelia slova Bo\u017eieho to nebud\u00fa ma\u0165 \u013eahk\u00e9 najm\u00e4 na \u0160tedr\u00fd ve\u010der, ke\u010f sa znova naplnia kostoly aj tzv. <em>\u201e<\/em>ro\u010diakmi\u201d a ke\u010f bude treba oslovi\u0165 aj t\u00fdch, o ktor\u00fdch u\u017e S. H. Vajansk\u00fd nap\u00edsal:<em> <em>\u201e<\/em>Aj neznaboh sa zbo\u017ene tv\u00e1ri a zapa\u013euje voskovice\u2026\u201d. <\/em>Treba ma\u0165 vtedy na pam\u00e4ti to, \u010do poznal u\u017e cirkevn\u00fd otec August\u00edn: <em>\u201e<\/em>Je\u017ei\u0161 hriech nen\u00e1vid\u00ed, ale hrie\u0161nika miluje\u201d.<\/p>\n\n\n\n<p>\u00a0\u00a0 \u00a0 V nie poslednom rade si m\u00e1me v advente uvedomi\u0165: P\u00e1n Je\u017ei\u0161 pri\u0161iel, <em><em>\u201e<\/em>aby h\u013eadal a spasil hrie\u0161nikov\u201d. Apo\u0161tol Pavel dok\u00e1zal vyzna\u0165: <em>\u201e<\/em>Medzi nimi som ja prv\u00fd\u2026<\/em>\u201d. Ale v kone\u010dnom d\u00f4sledku plat\u00ed apo\u0161tolsk\u00e9 slovo o v\u0161etk\u00fdch n\u00e1s, preto\u017ee aj my potrebujeme<em> <em>\u201e<\/em>milos\u0165 nad milos\u0165\u201d<\/em>.\u00a0Ak Je\u017ei\u0161a prijmeme vierou, z\u00edskame rados\u0165 zo spasenia a z toho, \u017ee sme boli uznan\u00ed by\u0165 Bo\u017e\u00edmi poslami pre in\u00fdch.<\/p>\n\n\n\n<p>\u00a0 \u00a0 \u010eakujme za to P\u00e1nu Bohu, Otcovi, i Tomu, ktor\u00fd pri\u0161iel ako prav\u00e9 Svetlo i ako <em><em>\u201e<\/em>Slovo, ktor\u00e9 sa stalo telom\u201d<\/em> . Dnes sa st\u00e1va pre n\u00e1s aj Chlebom, ktor\u00fd m\u00f4\u017eeme prija\u0165 v daroch sv\u00e4tej Ve\u010dere P\u00e1novej. Vi\u010fme aj v \u0147om Jeho sl\u00e1vu. Vi\u010fme ju napriek tomu skromn\u00e9mu <em>\u201e<\/em>obalu\u201d, ktor\u00fd P\u00e1n ob\u013eubuje. Tak\u00fdm obalom bolo aj telo panny M\u00e1rie, potom plienky a jasle, ale aj kr\u00ed\u017e &#8211; a\u017e po na\u0161e srdcia, du\u0161u a ducha v ktor\u00fdch chce Je\u017ei\u0161 preb\u00fdva\u0165. On ve\u010dn\u00e9 Slovo a Svetlo sveta, pln\u00e9 milosti a pravdy, v\u010faka ktor\u00e9mu smieme \u017ei\u0165 v radostnej n\u00e1deji ve\u010dnej sl\u00e1vy. Amen.<\/p>\n\n\n\n<p>&nbsp;&nbsp; &nbsp; &nbsp; &nbsp; &nbsp; &nbsp; &nbsp; &nbsp; &nbsp; 1.adventn\u00e1 nede\u013ea &#8211;&nbsp; \u013dubom\u00edr Batka st.<\/p>\n\n\n\n<p><\/p>\n","protected":false},"excerpt":{"rendered":"<p>&nbsp;&nbsp; Pr\u00edchod Slova a Svetla &nbsp;&nbsp; &nbsp; &nbsp; &nbsp; &nbsp; Milos\u0165 v\u00e1m a pokoj&nbsp; od Toho, ktor\u00fd je, ktor\u00fd bol a ktor\u00fd pr\u00edde, od P\u00e1na Je\u017ei\u0161a Krista! Amen &nbsp;J 1, 6 &#8211; 17: \u00a0 \u201eBol \u010dlovek, ktor\u00e9ho poslal Boh; menoval sa J\u00e1n. (7) Tento pri\u0161iel na svedectvo: sved\u010di\u0165 o svetle, aby v\u0161etci uverili skrze neho. &#8230; <a title=\"Pr\u00edchod Slova a Svetla\" class=\"read-more\" href=\"https:\/\/www.e-anjelik.sk\/index.php\/2024\/12\/05\/prichod-slova-a-svetla\/\" aria-label=\"Pre\u010d\u00edtajte si viac o Pr\u00edchod Slova a Svetla\">\u010c\u00edta\u0165 viac<\/a><\/p>\n","protected":false},"author":4,"featured_media":0,"comment_status":"open","ping_status":"open","sticky":false,"template":"","format":"standard","meta":{"footnotes":""},"categories":[570,121,95],"tags":[],"class_list":["post-37468","post","type-post","status-publish","format-standard","hentry","category-1-adventna-nedela","category-kazne","category-sobotiste"],"_links":{"self":[{"href":"https:\/\/www.e-anjelik.sk\/index.php\/wp-json\/wp\/v2\/posts\/37468","targetHints":{"allow":["GET"]}}],"collection":[{"href":"https:\/\/www.e-anjelik.sk\/index.php\/wp-json\/wp\/v2\/posts"}],"about":[{"href":"https:\/\/www.e-anjelik.sk\/index.php\/wp-json\/wp\/v2\/types\/post"}],"author":[{"embeddable":true,"href":"https:\/\/www.e-anjelik.sk\/index.php\/wp-json\/wp\/v2\/users\/4"}],"replies":[{"embeddable":true,"href":"https:\/\/www.e-anjelik.sk\/index.php\/wp-json\/wp\/v2\/comments?post=37468"}],"version-history":[{"count":3,"href":"https:\/\/www.e-anjelik.sk\/index.php\/wp-json\/wp\/v2\/posts\/37468\/revisions"}],"predecessor-version":[{"id":37473,"href":"https:\/\/www.e-anjelik.sk\/index.php\/wp-json\/wp\/v2\/posts\/37468\/revisions\/37473"}],"wp:attachment":[{"href":"https:\/\/www.e-anjelik.sk\/index.php\/wp-json\/wp\/v2\/media?parent=37468"}],"wp:term":[{"taxonomy":"category","embeddable":true,"href":"https:\/\/www.e-anjelik.sk\/index.php\/wp-json\/wp\/v2\/categories?post=37468"},{"taxonomy":"post_tag","embeddable":true,"href":"https:\/\/www.e-anjelik.sk\/index.php\/wp-json\/wp\/v2\/tags?post=37468"}],"curies":[{"name":"wp","href":"https:\/\/api.w.org\/{rel}","templated":true}]}}