{"id":3750,"date":"2011-08-29T09:19:28","date_gmt":"2011-08-29T09:19:28","guid":{"rendered":"http:\/\/e-anjelik.sk\/?p=3750"},"modified":"2011-08-29T09:19:28","modified_gmt":"2011-08-29T09:19:28","slug":"evanjelici-spominali-na-osudy-nemcov-v-rusku","status":"publish","type":"post","link":"https:\/\/www.e-anjelik.sk\/index.php\/2011\/08\/29\/evanjelici-spominali-na-osudy-nemcov-v-rusku\/","title":{"rendered":"Evanjelici spom\u00ednali na osudy Nemcov v Rusku"},"content":{"rendered":"<p>V nede\u013eu 28. augusta t.r. si v evanjelick&yacute;ch cirkevn&yacute;ch zboroch v Strednom Nemecku (rozumej b&yacute;v. NDR, po na&scaron;om v&yacute;chodn&eacute; Nemecko) pripom&iacute;nali osudy Nemcov v Rusku. Pred 70 rokmi bol tam vydan&yacute; dekr&eacute;t Najvy&scaron;&scaron;ieho sovietu o deport&aacute;cii Nemcov zo svojich domovov,kde \u017eili st&aacute;ro\u010dia. Zbavili ich v&scaron;etk&eacute;ho majetku, rodiny roztrhali a posielali ich \u010dlenov na Sib&iacute;r a &scaron;t&aacute;tov Strednej &Aacute;zie. Mnoho tis&iacute;cov pri tom zahynulo. Zvy&scaron;n&iacute;,ktor&iacute; pre\u017eili, v nov&yacute;ch miestach boli &scaron;ikanovan&iacute; pre svoju etnick&uacute; pr&iacute;slu&scaron;nos\u0165. Mnoh&iacute; v posledn&yacute;ch 20 rokoch emigrovali do Nemecka. Dnes&nbsp;v cirkevn&yacute;ch zboroch po celom Nemecku&nbsp;\u017eije pod\u013ea odhadov do 1,5 mili&oacute;na evanjelikov Nemcov z Ruska.<\/p>\n<p>(<a href=\"http:\/\/www.idea.de\">www.idea.de<\/a>)<\/p>\n<p>&nbsp;<\/p>\n","protected":false},"excerpt":{"rendered":"<p>V nede\u013eu 28. augusta t.r. si v evanjelick&yacute;ch cirkevn&yacute;ch zboroch v Strednom Nemecku (rozumej b&yacute;v. NDR, po na&scaron;om v&yacute;chodn&eacute; Nemecko) pripom&iacute;nali osudy Nemcov v Rusku. Pred 70 rokmi bol tam vydan&yacute; dekr&eacute;t Najvy&scaron;&scaron;ieho sovietu o deport&aacute;cii Nemcov zo svojich domovov,kde \u017eili st&aacute;ro\u010dia. Zbavili ich v&scaron;etk&eacute;ho majetku, rodiny roztrhali a posielali ich \u010dlenov na Sib&iacute;r a &#8230; <a title=\"Evanjelici spom\u00ednali na osudy Nemcov v Rusku\" class=\"read-more\" href=\"https:\/\/www.e-anjelik.sk\/index.php\/2011\/08\/29\/evanjelici-spominali-na-osudy-nemcov-v-rusku\/\" aria-label=\"Pre\u010d\u00edtajte si viac o Evanjelici spom\u00ednali na osudy Nemcov v Rusku\">\u010c\u00edta\u0165 viac<\/a><\/p>\n","protected":false},"author":22,"featured_media":0,"comment_status":"open","ping_status":"open","sticky":false,"template":"","format":"standard","meta":{"footnotes":""},"categories":[9,10],"tags":[],"class_list":["post-3750","post","type-post","status-publish","format-standard","hentry","category-europa","category-zo-sveta"],"_links":{"self":[{"href":"https:\/\/www.e-anjelik.sk\/index.php\/wp-json\/wp\/v2\/posts\/3750","targetHints":{"allow":["GET"]}}],"collection":[{"href":"https:\/\/www.e-anjelik.sk\/index.php\/wp-json\/wp\/v2\/posts"}],"about":[{"href":"https:\/\/www.e-anjelik.sk\/index.php\/wp-json\/wp\/v2\/types\/post"}],"author":[{"embeddable":true,"href":"https:\/\/www.e-anjelik.sk\/index.php\/wp-json\/wp\/v2\/users\/22"}],"replies":[{"embeddable":true,"href":"https:\/\/www.e-anjelik.sk\/index.php\/wp-json\/wp\/v2\/comments?post=3750"}],"version-history":[{"count":0,"href":"https:\/\/www.e-anjelik.sk\/index.php\/wp-json\/wp\/v2\/posts\/3750\/revisions"}],"wp:attachment":[{"href":"https:\/\/www.e-anjelik.sk\/index.php\/wp-json\/wp\/v2\/media?parent=3750"}],"wp:term":[{"taxonomy":"category","embeddable":true,"href":"https:\/\/www.e-anjelik.sk\/index.php\/wp-json\/wp\/v2\/categories?post=3750"},{"taxonomy":"post_tag","embeddable":true,"href":"https:\/\/www.e-anjelik.sk\/index.php\/wp-json\/wp\/v2\/tags?post=3750"}],"curies":[{"name":"wp","href":"https:\/\/api.w.org\/{rel}","templated":true}]}}