{"id":3752,"date":"2011-08-30T02:44:11","date_gmt":"2011-08-30T02:44:11","guid":{"rendered":"http:\/\/e-anjelik.sk\/?p=3752"},"modified":"2011-08-30T02:44:11","modified_gmt":"2011-08-30T02:44:11","slug":"novinarska-cena-pre-rok-2012","status":"publish","type":"post","link":"https:\/\/www.e-anjelik.sk\/index.php\/2011\/08\/30\/novinarska-cena-pre-rok-2012\/","title":{"rendered":"Novin\u00e1rska cena pre rok 2012"},"content":{"rendered":"<p>V stredu 24. augusta 2011 nad&aacute;cia Zeit v Hamburgu ozn&aacute;mila, \u017ee vypisuje pod&aacute;vanie n&aacute;vrhov na cenu Gerda Buceria pre novin&aacute;rov a m&eacute;dia vo V&yacute;chodnej Eur&oacute;pe. T&aacute;to cena je dotovan&aacute; celkovo 70 tis&iacute;cmi &euro; a ude\u013euj&uacute; ju od r.2000, od r. 2004 spolu aj s n&oacute;rskou nad&aacute;ciou &quot;Fritt Ord&quot; z Oslo. Ur\u010den&aacute; je na podporu novin&aacute;rov a m&eacute;di&iacute;, vyzna\u010duj&uacute;cich sa ob\u010dianskou odvahou, slobodou, kvalitou a profesionalitou. N&aacute;vrhy mo\u017eno posiela\u0165 do 24. okt&oacute;bra 2011.Cena sa m&aacute; udeli\u0165 23. m&aacute;ja 2012 v Hamburgu.<\/p>\n<p>(<a href=\"http:\/\/www.nordelbien.de\">www.nordelbien.de<\/a>)<\/p>\n","protected":false},"excerpt":{"rendered":"<p>V stredu 24. augusta 2011 nad&aacute;cia Zeit v Hamburgu ozn&aacute;mila, \u017ee vypisuje pod&aacute;vanie n&aacute;vrhov na cenu Gerda Buceria pre novin&aacute;rov a m&eacute;dia vo V&yacute;chodnej Eur&oacute;pe. T&aacute;to cena je dotovan&aacute; celkovo 70 tis&iacute;cmi &euro; a ude\u013euj&uacute; ju od r.2000, od r. 2004 spolu aj s n&oacute;rskou nad&aacute;ciou &quot;Fritt Ord&quot; z Oslo. Ur\u010den&aacute; je na podporu novin&aacute;rov &#8230; <a title=\"Novin\u00e1rska cena pre rok 2012\" class=\"read-more\" href=\"https:\/\/www.e-anjelik.sk\/index.php\/2011\/08\/30\/novinarska-cena-pre-rok-2012\/\" aria-label=\"Pre\u010d\u00edtajte si viac o Novin\u00e1rska cena pre rok 2012\">\u010c\u00edta\u0165 viac<\/a><\/p>\n","protected":false},"author":22,"featured_media":0,"comment_status":"open","ping_status":"open","sticky":false,"template":"","format":"standard","meta":{"footnotes":""},"categories":[1],"tags":[234],"class_list":["post-3752","post","type-post","status-publish","format-standard","hentry","category-adventna-modlitba","tag-zdruzenia-a-skupiny"],"_links":{"self":[{"href":"https:\/\/www.e-anjelik.sk\/index.php\/wp-json\/wp\/v2\/posts\/3752","targetHints":{"allow":["GET"]}}],"collection":[{"href":"https:\/\/www.e-anjelik.sk\/index.php\/wp-json\/wp\/v2\/posts"}],"about":[{"href":"https:\/\/www.e-anjelik.sk\/index.php\/wp-json\/wp\/v2\/types\/post"}],"author":[{"embeddable":true,"href":"https:\/\/www.e-anjelik.sk\/index.php\/wp-json\/wp\/v2\/users\/22"}],"replies":[{"embeddable":true,"href":"https:\/\/www.e-anjelik.sk\/index.php\/wp-json\/wp\/v2\/comments?post=3752"}],"version-history":[{"count":0,"href":"https:\/\/www.e-anjelik.sk\/index.php\/wp-json\/wp\/v2\/posts\/3752\/revisions"}],"wp:attachment":[{"href":"https:\/\/www.e-anjelik.sk\/index.php\/wp-json\/wp\/v2\/media?parent=3752"}],"wp:term":[{"taxonomy":"category","embeddable":true,"href":"https:\/\/www.e-anjelik.sk\/index.php\/wp-json\/wp\/v2\/categories?post=3752"},{"taxonomy":"post_tag","embeddable":true,"href":"https:\/\/www.e-anjelik.sk\/index.php\/wp-json\/wp\/v2\/tags?post=3752"}],"curies":[{"name":"wp","href":"https:\/\/api.w.org\/{rel}","templated":true}]}}