{"id":37533,"date":"2024-12-19T21:55:32","date_gmt":"2024-12-19T20:55:32","guid":{"rendered":"https:\/\/www.e-anjelik.sk\/?p=37533"},"modified":"2025-01-02T10:29:54","modified_gmt":"2025-01-02T09:29:54","slug":"pan-blizko","status":"publish","type":"post","link":"https:\/\/www.e-anjelik.sk\/index.php\/2024\/12\/19\/pan-blizko\/","title":{"rendered":"P\u00e1n bl\u00edzko!"},"content":{"rendered":"\n<p><\/p>\n\n\n\n<p><strong>&nbsp; &nbsp; &nbsp; &nbsp; &nbsp; &nbsp; &nbsp; &nbsp; &nbsp; &nbsp; &nbsp; &nbsp; &nbsp; &nbsp; &nbsp; &nbsp; &nbsp; &nbsp; P\u00e1n bl\u00edzko!<\/strong><\/p>\n\n\n\n<p><em>Le\u0165, vr\u00facna \u017eiados\u0165,<\/em><br><em>hor k v\u00fd\u0161in\u00e1m,<\/em><br><em>nech sp\u0155chne rados\u0165<\/em><br><em>v srdcia i n\u00e1m!<\/em><br><em>Vzle\u0165 k tr\u00f3nu nebies dnes<\/em><br><em>a sladk\u00fa zves\u0165 n\u00e1m znes,<\/em><br><em>\u017ee pr\u00edde Kristus P\u00e1n<\/em><br><em>i k n\u00e1m\u2026i k n\u00e1m!&nbsp; Amen&nbsp; (M.R.)<\/em><\/p>\n\n\n\n<p><strong>F 4, 4 &#8211; 7:<\/strong><em>&nbsp;<\/em><\/p>\n\n\n\n<p><em> <em>\u201e<\/em>Radujte sa v P\u00e1nu v\u017edycky! Opakujem, radujte sa! Va\u0161a dobrotivos\u0165 nech je zn\u00e1ma v\u0161etk\u00fdm \u013eu\u010fom. P\u00e1n bl\u00edzko!<\/em> <em>O ni\u010d nebu\u010fte ustarosten\u00ed, ale vo v\u0161etkom s v\u010fakou predkladajte Bohu svoje \u017eiadosti vo v\u0161etk\u00fdch svojich modlitb\u00e1ch a prosb\u00e1ch. A pokoj Bo\u017e\u00ed, ktor\u00fd prevy\u0161uje ka\u017ed\u00fd rozum, bude h\u00e1ji\u0165 va\u0161e srdcia a va\u0161e myse v Kristu Je\u017ei\u0161i\u201d. Amen<\/em><\/p>\n\n\n\n<p>&nbsp; &nbsp; Bratia a sestry v P\u00e1novi!<\/p>\n\n\n\n<p>\u00a0\u00a0 Nem\u00f4\u017eem inak ani v tohtoro\u010dnom advente, ako pripomen\u00fa\u0165 star\u00fa pravdu:<em> <em>\u201e<\/em>Ak\u00fd advent &#8211; tak\u00e9 Vianoce!<\/em>\u201d. Kto nepre\u017e\u00edva advent duchovne spr\u00e1vne, tomu neprines\u00fa cenn\u00e9 dary ani prich\u00e1dzaj\u00face sviatky <em>\u201cN.1\u201d<\/em>. Mnoh\u00ed sme preto vst\u00fapili do adventn\u00e9ho \u010dasu, \u010dasu duchovn\u00e9ho bdenia a pr\u00edprav na oslavu P\u00e1novho pr\u00edchodu v duchu v\u00fdzvy n\u00e1bo\u017enej piesne:<\/p>\n\n\n\n<p><em>\u201cPrecitnite! Z ve\u017ee znie hlas<\/em><br><em>str\u00e1\u017eca vol\u00e1 na Bo\u017e\u00ed rozkaz<\/em><br><em>\u00f3 Jeruzalem, prebu\u010f sa!<\/em><br><em>U\u017e je polno\u010dn\u00e1 hodina,<\/em><br><em>\u010das pr\u00edchodu Bo\u017eieho Syna,<\/em><br><em>Jemu v \u00fastrety schystaj sa<\/em><br><em>s m\u00fadrymi pannami s jasn\u00fdmi lampami!<\/em><br><em>Haleluja &#8211; k svadbe novej &#8211; Bar\u00e1nkovej,<\/em><br><em>maj srdce st\u00e1le hotov\u00e9!\u201d. (ESP&nbsp; 691,1)<\/em><\/p>\n\n\n\n<p>&nbsp;&nbsp; Podobn\u00fa v\u00fdzvu nach\u00e1dzame a po\u010dujeme aj v slov\u00e1ch apo\u0161tola Pavla, ke\u010f hovor\u00ed:<em> <em>\u201e<\/em>P\u00e1n bl\u00edzko!\u201d <\/em>Ke\u010f\u017ee je cirkev povolan\u00e1 zvestova\u0165 evanjelium v ka\u017edom \u010dase, uvedomujeme si, \u017ee je to radostn\u00e1 zves\u0165, ktor\u00e1 plat\u00ed u\u017e v tomto adventnom \u010dase. Ke\u010f\u017ee je P\u00e1n bl\u00edzko, znamen\u00e1 to, \u017ee je bl\u00edzko n\u00e1\u0161 Spasite\u013e. Je bl\u00edzko P\u00e1n cirkvi. Je bl\u00edzko<em> <em>\u201e<\/em>\u017den\u00edch na\u0161ich du\u0161\u00ed\u201d<\/em>. Je bl\u00edzko n\u00e1\u0161 <em><em>\u201e<\/em>dobr\u00fd Pastier\u201d<\/em>.&nbsp;<\/p>\n\n\n\n<p>Je bl\u00edzko aj <em><em>\u201e<\/em>P\u00e1n p\u00e1nov a Kr\u00e1\u013e kr\u00e1\u013eov\u201d, <\/em>ktor\u00e9mu zveril Otec posledn\u00fd s\u00fad.&nbsp;<\/p>\n\n\n\n<p>Na \u0160tedr\u00fd ve\u010der zaznie v chr\u00e1moch prorock\u00fd \u017dalm:<\/p>\n\n\n\n<p><em>&nbsp;<em>\u201e<\/em>Pre\u010do sa b\u00faria n\u00e1rody a \u013eudia vym\u00fd\u0161\u013eaj\u00fa daromnosti? Zoskupuj\u00fa sa zemsk\u00ed kr\u00e1li a knie\u017eat\u00e1 sa spolu radia proti Hospodinu a proti Jeho pomazan\u00e9mu\u2026\u201d. (\u017d 2, 1 -2 ) <\/em>Zaznie aj Bo\u017eia odpove\u010f protivn\u00edkom:<em>&nbsp;<em>\u201e<\/em>P\u00e1n sa im vysmieva!\u201d ( v. 4) <\/em>Maj\u00fa skuto\u010dne rados\u0165 z P\u00e1novho pr\u00edchodu v\u0161etci? Mo\u017eno sa radova\u0165 z toho \u017ee P\u00e1n je bl\u00edzko, ak je a bude aj na\u010falej \u013eu\u010fmi odmietan\u00fd, poni\u017eovan\u00fd a s\u00faden\u00fd? Ak sa s pr\u00edchodom P\u00e1nov\u00fdm pribli\u017euje aj Jeho s\u00fad,m\u00e1 d\u00f4vod na rados\u0165 ten, kto je neveriaci a zatvrdil\u00fd? Bl\u00edzko je toti\u017e aj <em><em>\u201e<\/em>posledn\u00fd de\u0148\u201d<\/em>, v ktorom \u010dlovek spozn\u00e1 svoju bezmocnos\u0165 a Bo\u017eiu moc. Pre mnoh\u00fdch je preto toto slovo slovom napomenutia a v\u00fdzvou k zmene myslenia a konania. &nbsp;<\/p>\n\n\n\n<p>&nbsp;&nbsp; Na druhej strane si ka\u017ed\u00e9 veriace srdce uvedomuje, \u017ee je bl\u00edzko na\u0161a sp\u00e1sa, lebo je bl\u00edzko Spasite\u013e<em>. <\/em>Pre veriaceho a pripraven\u00e9ho, toti\u017e pre toho, kto sa dal duchovne<em> <em>\u201e<\/em>zobudi\u0165 zo sna\u201d, <\/em>z moci hriechu a zo samospravodlivosti je iste P\u00e1nov pr\u00edchod d\u00f4vodom k radosti. Je tu \u010das milosti, sl\u00fa\u017eiaci k prijatiu Jeho unik\u00e1tnych darov a dobroden\u00ed.<\/p>\n\n\n\n<p><em>&nbsp; &nbsp; <\/em>Ktor\u00e9 s\u00fa to dary a dobrodenia plyn\u00face z viery v prich\u00e1dzaj\u00faceho P\u00e1na? V\u0161imnime si aspo\u0148 niektor\u00e9, ktor\u00e9 uv\u00e1dza apo\u0161tol Pavel filipsk\u00fdm kres\u0165anom v s\u00favise s P\u00e1novou bl\u00edzkos\u0165ou. Platia aj pre n\u00e1s a pre v\u0161etk\u00fdch, ktor\u00ed svoju pr\u00edtomnos\u0165 i bud\u00facnos\u0165 sp\u00e1jaj\u00fa s Je\u017ei\u0161om. Prvou ve\u013ekou vecou ktor\u00e1 m\u00f4\u017ee by\u0165 zjavn\u00e1 a vidite\u013en\u00e1 v \u017eivote veriaceho je rados\u0165. U\u017e od chv\u00edle Jeho prv\u00e9ho pr\u00edchodu v tele sa raduj\u00fa nielen nebes\u00e1 a rytierstvo nebesk\u00e9, ale d\u00f4vod radova\u0165 sa m\u00e1 ka\u017ed\u00e1 veriaca du\u0161a. Apo\u0161tol Pavel neprikazuje, ale hovor\u00ed o svojej vlastnej sk\u00fasenosti.<\/p>\n\n\n\n<p>&nbsp;&nbsp; &nbsp; Svoj list kres\u0165anom do Filipis p\u00edsal Pavel z v\u00e4zenia a predsa ani t\u00e1to skuto\u010dnos\u0165 nebola d\u00f4vodom, aby nehovoril a nesved\u010dil o svojej radosti. Z\u00e1rove\u0148 je to sk\u00fasenos\u0165 v\u0161etk\u00fdch veriacich \u013eud\u00ed, preto\u017ee kto ver\u00ed prich\u00e1dzaj\u00facemu P\u00e1novi, je \u010dlovekom radosti. Svojim priate\u013eom a spoluveriacim odkazuje:<em> <em>\u201e<\/em>Radujte sa v P\u00e1nu v\u017edycky! Opakujem, radujte sa\u201d!<\/em>&nbsp;Pavel bol vo v\u00e4zen\u00ed, nemal slobodu pohybu, nemal ani pln\u00e9 zdravie a zrejme ani dos\u0165 vlastn\u00fdch finan\u010dn\u00fdch prostriedkov. Ch\u00fdbalo mu mnoh\u00e9, \u010do dnes ozna\u010dujeme ako <em>\u201e<\/em>istoty\u201d a podmienky radosti a spokojnosti. A predsa mal spievaj\u00face, plesaj\u00face a radostn\u00e9 srdce. Svojim priate\u013eom za m\u00farmi v\u00e4znice, ak aj niektor\u00ed azda mohli pre\u017e\u00edva\u0165 mal\u00e9, \u013eudsk\u00e9 a pozemsk\u00e9 radosti, alebo \u017eili v biede, v nedostatku a v nemoci, sved\u010d\u00ed, \u017ee v\u0161etci maj\u00fa d\u00f4vod k radosti. P\u00e1n Je\u017ei\u0161 bol a je bl\u00edzky v\u0161etk\u00fdm, ktor\u00ed na Neho o\u010dak\u00e1vaj\u00fa. Pom\u00e1ha n\u00e1m pren\u00e1\u0161a\u0165 v\u0161etky sk\u00fa\u0161ky a na\u0161u posil\u0148uje n\u00e1dej na bud\u00facnos\u0165.&nbsp;<\/p>\n\n\n\n<p>&nbsp; &nbsp; Veriaci kres\u0165ania v\u017edy dokazovali svoju dobrotivos\u0165 vo\u010di bl\u00ed\u017enym, n\u00fadznym a pomoc potrebuj\u00facim. T\u00ed, \u010do s\u00fa dnes zneisten\u00ed nesplnen\u00fdmi s\u013eubmi mocn\u00fdch, ktor\u00ed s\u00fa mo\u017eno ustarosten\u00ed o bud\u00face dni a \u017eivotn\u00fa \u00farove\u0148 v novom roku prin\u00e1\u0161a advent povzbudenie a rados\u0165. Istota P\u00e1novej bl\u00edzkosti pom\u00e1hala a pom\u00e1ha aj dnes vymani\u0165 sa z pr\u00edli\u0161nej ustarostenosti, \u010di dokonca zo strachu z bud\u00facnosti.&nbsp;<\/p>\n\n\n\n<p>&nbsp; &nbsp; Osobne ma ned\u00e1vno ve\u013emi pote\u0161ila spr\u00e1va o dlhodobej aktivite skupiny evanjelikov, ktor\u00ed na v\u00fdchodnom Slovensku pom\u00e1haj\u00fa organizova\u0165 pomoc \u0165a\u017eko sk\u00fa\u0161an\u00fdm \u013eu\u010fom na Ukrajine zbierkou vlny, svie\u010dok a in\u00fdch potrebn\u00fdch vec\u00ed, pr\u00edpadne finan\u010dn\u00fdch milodarov pre t\u00fdch, ktor\u00ed s\u00fa vojnov\u00fdm besnen\u00edm ohrozen\u00ed na \u017eivote a zdrav\u00ed.<\/p>\n\n\n\n<p>&nbsp; &nbsp; Pre v\u0161etk\u00fdch veriacich je zrozumite\u013en\u00e1 povzbudiv\u00e1 v\u00fdzva apo\u0161tolsk\u00e9ho svedectva:<em> <em>\u201e<\/em>O ni\u010d nebu\u010fte ustarosten\u00ed, ale vo v\u0161etkom s v\u010fakou predkladajte Bohu svoje \u017eiadosti vo v\u0161etk\u00fdch svojich modlitb\u00e1ch a prosb\u00e1ch\u201d<\/em>. Uk\u00e1\u017eme preto na\u0161im de\u0165om a vn\u00fa\u010dat\u00e1m, \u017ee netreba p\u00edsa\u0165 listy Je\u017ei\u0161kovi, ale sta\u010d\u00ed zlo\u017ei\u0165 ruky k v\u010fa\u010dn\u00fdm modlitb\u00e1m a prosb\u00e1m. Apo\u0161tol Pavel na inom mieste kres\u0165anom pripomenul: <em><em>\u201e<\/em>Boh, ktor\u00fd si n\u00e1s v Kristu zamiloval, akoby n\u00e1m nedaroval s N\u00edm v\u0161etko?\u201d<\/em>&nbsp; &nbsp;<\/p>\n\n\n\n<p>&nbsp; &nbsp; D\u00f4sledkom d\u00f4very, \u017ee P\u00e1n je bl\u00edzko je teda trval\u00e1 rados\u0165, dobrotivos\u0165 k bl\u00ed\u017enym, prekon\u00e1vanie ustarostenosti a napokon aj trval\u00fd pokoj. <em><em>\u201e<\/em>A pokoj Bo\u017e\u00ed, ktor\u00fd prevy\u0161uje ka\u017ed\u00fd rozum, bude h\u00e1ji\u0165 va\u0161e srdcia a va\u0161e mysle v Kristu Je\u017ei\u0161i\u201d. <\/em>Do na\u0161ich nepokojn\u00fdch s\u0155dc, do na\u0161ich nepokojn\u00fdch a rozb\u00faren\u00fdch \u010dasov a aktu\u00e1lnych vojnov\u00fdch konfliktov a hrozieb vstupuje tak sila z neba, ktor\u00fa potrebujeme my, i cel\u00fd svet. Potrebujeme ju aj preto, aby sme sa sami st\u00e1vali tvorcami pokoja tam, kde ho tvori\u0165 m\u00f4\u017eeme a m\u00e1me, po\u010dn\u00fac od na\u0161ich rod\u00edn. Prosme prich\u00e1dzaj\u00faceho P\u00e1na aj o mier pre tento svet, ale aj o pokoj, ktor\u00fd prevy\u0161uje ka\u017ed\u00fd rozum. Prosme o istotu spasenia a z\u00e1chrany k \u017eivotu ve\u010dn\u00e9mu s N\u00edm. Nech t\u00e1to istota u\u017e dnes t\u00ed\u0161i v\u0161etky znepokojen\u00e9 mysle a nepokojmi rozorvan\u00e9 du\u0161e.<\/p>\n\n\n\n<p>&nbsp;&nbsp; &nbsp; O v\u0161etk\u00fdch t\u00fdchto hodnot\u00e1ch budeme op\u00e4\u0165 sved\u010di\u0165 v sile viano\u010dn\u00e9ho posolstva po\u010das sviatkov, ale m\u00f4\u017eeme a m\u00e1me si ich pripomen\u00fa\u0165 u\u017e dnes. Ak\u00fd advent &#8211; tak\u00e9 Vianoce. Toto bohatstvo darov m\u00e1 pre n\u00e1s u\u017e v adventnom \u010dase Ten, ktor\u00fd je bl\u00edzko a ktor\u00fd&nbsp;<em>\u201e<\/em>klope na dvere\u201d na\u0161ich s\u0155dc. Je na n\u00e1s, \u010di mu na\u0161e dvere otvor\u00edme a pr\u00edjmeme Ho, alebo Ho po\u0161leme na in\u00e9 miesto, ako sa to stalo v Betleheme. Dajme sa preto oslovi\u0165 slovami piesne P. Gerhardta:<\/p>\n\n\n\n<p><em>&nbsp;<em>\u201e<\/em>Pote\u0161me sa, P\u00e1n sa bl\u00ed\u017ei, zaplesajme radostne,<\/em><br><em>nez\u00fafajme v svojom kr\u00ed\u017ei, Krista v\u010fa\u010dne v\u00edtajme!<\/em><br><em>V \u00fastrety Mu vyjdime, Jeho chr\u00e1mom sa sta\u0148me,<\/em><br><em>du\u0161u cel\u00fa Mu otvorme. Vst\u00fap, n\u00e1\u0161 Spasite\u013e, zvolajme!\u201c (ESP 17,4)<\/em>&nbsp; Amen<\/p>\n\n\n\n<p>&nbsp; &nbsp; &nbsp; &nbsp; &nbsp; &nbsp; &nbsp; &nbsp; &nbsp; &nbsp; &nbsp; 4. adventn\u00e1 nede\u013ea 2024 &#8211; \u013dubom\u00edr Batka st.&nbsp; &nbsp; &nbsp; &nbsp; &nbsp;<\/p>\n\n\n\n<p><\/p>\n","protected":false},"excerpt":{"rendered":"<p>&nbsp; &nbsp; &nbsp; &nbsp; &nbsp; &nbsp; &nbsp; &nbsp; &nbsp; &nbsp; &nbsp; &nbsp; &nbsp; &nbsp; &nbsp; &nbsp; &nbsp; &nbsp; P\u00e1n bl\u00edzko! Le\u0165, vr\u00facna \u017eiados\u0165,hor k v\u00fd\u0161in\u00e1m,nech sp\u0155chne rados\u0165v srdcia i n\u00e1m!Vzle\u0165 k tr\u00f3nu nebies dnesa sladk\u00fa zves\u0165 n\u00e1m znes,\u017ee pr\u00edde Kristus P\u00e1ni k n\u00e1m\u2026i k n\u00e1m!&nbsp; Amen&nbsp; (M.R.) F 4, 4 &#8211; 7:&nbsp; \u201eRadujte sa v &#8230; <a title=\"P\u00e1n bl\u00edzko!\" class=\"read-more\" href=\"https:\/\/www.e-anjelik.sk\/index.php\/2024\/12\/19\/pan-blizko\/\" aria-label=\"Pre\u010d\u00edtajte si viac o P\u00e1n bl\u00edzko!\">\u010c\u00edta\u0165 viac<\/a><\/p>\n","protected":false},"author":4,"featured_media":0,"comment_status":"open","ping_status":"open","sticky":false,"template":"","format":"standard","meta":{"footnotes":""},"categories":[583,179,121,6],"tags":[],"class_list":["post-37533","post","type-post","status-publish","format-standard","hentry","category-4-adventna-nedela","category-advent","category-kazne","category-myjavsky-seniorat"],"_links":{"self":[{"href":"https:\/\/www.e-anjelik.sk\/index.php\/wp-json\/wp\/v2\/posts\/37533","targetHints":{"allow":["GET"]}}],"collection":[{"href":"https:\/\/www.e-anjelik.sk\/index.php\/wp-json\/wp\/v2\/posts"}],"about":[{"href":"https:\/\/www.e-anjelik.sk\/index.php\/wp-json\/wp\/v2\/types\/post"}],"author":[{"embeddable":true,"href":"https:\/\/www.e-anjelik.sk\/index.php\/wp-json\/wp\/v2\/users\/4"}],"replies":[{"embeddable":true,"href":"https:\/\/www.e-anjelik.sk\/index.php\/wp-json\/wp\/v2\/comments?post=37533"}],"version-history":[{"count":6,"href":"https:\/\/www.e-anjelik.sk\/index.php\/wp-json\/wp\/v2\/posts\/37533\/revisions"}],"predecessor-version":[{"id":37608,"href":"https:\/\/www.e-anjelik.sk\/index.php\/wp-json\/wp\/v2\/posts\/37533\/revisions\/37608"}],"wp:attachment":[{"href":"https:\/\/www.e-anjelik.sk\/index.php\/wp-json\/wp\/v2\/media?parent=37533"}],"wp:term":[{"taxonomy":"category","embeddable":true,"href":"https:\/\/www.e-anjelik.sk\/index.php\/wp-json\/wp\/v2\/categories?post=37533"},{"taxonomy":"post_tag","embeddable":true,"href":"https:\/\/www.e-anjelik.sk\/index.php\/wp-json\/wp\/v2\/tags?post=37533"}],"curies":[{"name":"wp","href":"https:\/\/api.w.org\/{rel}","templated":true}]}}