{"id":37545,"date":"2024-12-23T16:22:46","date_gmt":"2024-12-23T15:22:46","guid":{"rendered":"https:\/\/www.e-anjelik.sk\/?p=37545"},"modified":"2025-01-02T10:28:10","modified_gmt":"2025-01-02T09:28:10","slug":"v-jeziskovi-prislo-velke-svetlo","status":"publish","type":"post","link":"https:\/\/www.e-anjelik.sk\/index.php\/2024\/12\/23\/v-jeziskovi-prislo-velke-svetlo\/","title":{"rendered":"V Je\u017ei\u0161kovi pri\u0161lo ve\u013ek\u00e9 svetlo"},"content":{"rendered":"\n<p><strong>&nbsp;&nbsp; &nbsp; &nbsp; &nbsp; &nbsp; &nbsp; V Je\u017ei\u0161kovi pri\u0161lo ve\u013ek\u00e9 svetlo<\/strong><\/p>\n\n\n\n<p><strong>Iz 9, 1. 5 &#8211; 6:&nbsp;<\/strong><\/p>\n\n\n\n<p><em><em>\u201e<\/em>\u013dud, ktor\u00fd chod\u00ed vo tme, uzrie ve\u013ek\u00e9 svetlo; nad t\u00fdmi, ktor\u00ed b\u00fdvaj\u00fa v temnej krajine, za\u017eiari svetlo. &#8211; (5) Lebo die\u0165a sa n\u00e1m narodilo, syn n\u00e1m je dan\u00fd; na jeho pleciach spo\u010dinie knie\u017eatstvo, jeho meno bude: Predivn\u00fd radca, Mocn\u00fd Boh, Otec ve\u010dnosti, Knie\u017ea pokoja. (6) Ve\u013ek\u00e1 bude jeho vl\u00e1da a nebude konca pokoju na tr\u00f3ne D\u00e1vidovom a v jeho kr\u00e1\u013eovstve, lebo ho upevn\u00ed pr\u00e1vom a spravodlivos\u0165ou odteraz a\u017e naveky. Horlivos\u0165 Hospodina mocnost\u00ed to urob\u00ed\u201d. Amen<\/em><\/p>\n\n\n\n<p>&nbsp;&nbsp; Mil\u00ed rodi\u010dia, mil\u00e9 deti!<\/p>\n\n\n\n<p>&nbsp;&nbsp; Ani sme sa nenazdali a op\u00e4\u0165 sa sch\u00e1dzame ku viano\u010dn\u00fdm sl\u00e1vnostiam. Dne\u0161n\u00fdm ve\u010derom klop\u00fa na dvere na\u0161ich pr\u00edbytkov kr\u00e1sne sviatky, na ktor\u00e9 sa iste v\u0161etci, mlad\u00ed i star\u0161\u00ed, te\u0161\u00edme.<\/p>\n\n\n\n<p>&nbsp;&nbsp; Aj ke\u010f \u0160tedr\u00fd ve\u010der je a\u017e zajtra a sl\u00e1vnosti narodenia Bo\u017eieho Syna budeme sl\u00e1vi\u0165 o dva dni v kostole i v na\u0161ich dom\u00e1cnostiach, my u\u017e dnes, na viano\u010dnej sl\u00e1vnost\u00ed det\u00ed a \u0161kol\u00e1kov, chcem da\u0165 priestor viano\u010dnej zvesti a radosti. T\u00e1to detsk\u00e1 sl\u00e1vnos\u0165 je u n\u00e1s ve\u013emi ob\u013e\u00faben\u00e1 chv\u00ed\u013ea, ktor\u00e1 je svoj\u00edm sp\u00f4sobom v\u00fdnimo\u010dn\u00e1. \u010c\u00edm je t\u00e1to chv\u00ed\u013ea v\u00fdnimo\u010dn\u00e1?<\/p>\n\n\n\n<p>&nbsp;&nbsp; Stret\u00e1me sa tu spolo\u010dne na slu\u017eb\u00e1ch Bo\u017e\u00edch, ktor\u00e9 by sme mohli nazva\u0165 nielen detsk\u00fdmi, ale aj rodinn\u00fdmi slu\u017ebami Bo\u017e\u00edmi. Bo\u017eie slovo, ktor\u00e9 je najvy\u0161\u0161ou pravdou a m\u00fadros\u0165ou, budete dnes zvestova\u0165 vy &#8211; deti, \u017eiaci a \u017eia\u010dky od najstar\u0161\u00edch po najmlad\u0161\u00edch.<\/p>\n\n\n\n<p>Va\u0161e \u00fasta chce P\u00e1n Boh pou\u017ei\u0165 na vyslovenie ve\u013ek\u00fdch pr\u00e1vd a vyslovenie radostnej zvesti &#8211; viano\u010dn\u00e9ho evanjelia. O \u0148om bud\u00fa znie\u0165 va\u0161e ver\u0161e a b\u00e1sne, piesne i viano\u010dn\u00e1 sc\u00e9nka.<\/p>\n\n\n\n<p>&nbsp; Chcem v\u0161ak poveda\u0165, \u017ee P\u00e1n Boh chce pou\u017ei\u0165 nielen va\u0161e \u00fasta, ale chce naplni\u0165 aj va\u0161e srdie\u010dka \u010distou viano\u010dnou rados\u0165ou, prameniacou z oslavy naroden\u00e9ho Krista P\u00e1na.&nbsp;<\/p>\n\n\n\n<p>&nbsp; &nbsp; Ver\u00edme, \u017ee ka\u017ed\u00fd z v\u00e1s, ka\u017ed\u00e9 jedno srdce a ka\u017ed\u00e1 du\u0161a bude studni\u010dkou, z ktorej bude pr\u00fadi\u0165 \u017eiv\u00e1 voda Bo\u017eieho slova k n\u00e1\u0161mu spolo\u010dn\u00e9mu ob\u010derstveniu &#8211; k rodi\u010dom, star\u00fdm rodi\u010dom a ku v\u0161etk\u00fdm pr\u00edtomn\u00fdm bratom a sestr\u00e1m. Ver\u00edme, \u017ee ka\u017ed\u00e9 va\u0161e slovo bude pramienkom viery, l\u00e1sky a n\u00e1deje, ktor\u00fa p\u00f4sob\u00ed Duch Sv\u00e4t\u00fd.<\/p>\n\n\n\n<p>\u00a0 \u00a0 \u00a0 T\u00ed, ktor\u00ed nap\u00edsali ver\u0161e, b\u00e1sne a piesne ktor\u00e9 budete predn\u00e1\u0161a\u0165, mali toti\u017e v sebe pr\u00e1ve tento ve\u013ek\u00fd dar Ducha Sv\u00e4t\u00e9ho. Toho ist\u00e9ho Ducha, z moci ktor\u00e9ho po\u010dala a porodila panna M\u00e1ria svojho Syna, ktor\u00fd je z\u00e1rove\u0148 Bo\u017e\u00edm Synom a na\u0161\u00edm Spasite\u013eom. Z moci toho ist\u00e9ho Ducha predpovedal Jeho pr\u00edchod u\u017e SZ prorok Izai\u00e1\u0161, ktor\u00fd ozna\u010dil P\u00e1na Je\u017ei\u0161a ako<em> <em>\u201e<\/em>ve\u013ek\u00e9 svetlo\u201d<\/em>, ktor\u00e9 pr\u00edde na svet.\u00a0<\/p>\n\n\n\n<p>\u00a0 \u00a0 \u00a0 A ono aj pri\u0161lo na prv\u00e9 Vianoce pre v\u0161etk\u00fdch \u013eud\u00ed, pre cel\u00fd svet, aby sme ne\u017eili v tme, ale v Jeho svetle a te\u0161ili sa pravou a trvalou rados\u0165ou. To sa stalo vtedy, ke\u010f sa aj <em><em>\u201e<\/em>n\u00e1m die\u0165a narodilo\u201d<\/em> a bol n\u00e1m <em><em>\u201e<\/em>dan\u00fd Syn, ktor\u00e9ho meno je Predivn\u00fd Radca, Mocn\u00fd Boh, Otec ve\u010dnosti, Knie\u017ea pokoja\u201d.<\/em><\/p>\n\n\n\n<p><em>\u00a0\u00a0 <\/em>Ten, ktor\u00fd sa po\u010dal z Ducha Sv\u00e4t\u00e9ho, m\u00f4\u017ee aj v n\u00e1s za\u010da\u0165 dobr\u00e9 dielo, toti\u017e prinies\u0165 n\u00e1m rados\u0165 a pokoj do na\u0161ich du\u0161\u00ed a \u017eivotov. Syn Bo\u017e\u00ed chce aj z n\u00e1s stvori\u0165 Bo\u017eie deti a dedi\u010dov ve\u013ek\u00fdch Bo\u017e\u00edch zas\u013e\u00faben\u00ed u\u017e dnes. Preto sa te\u0161\u00edme na va\u0161u viano\u010dn\u00fa <em>\u201e<\/em>k\u00e1ze\u0148\u201d, na va\u0161u zves\u0165 a posolstvo Bo\u017eieho slova. Nech va\u0161e svedectvo rozo\u017ene ve\u010dn\u00e9 svetlo v srdciach v\u0161etk\u00fdch n\u00e1s! Amen<\/p>\n\n\n\n<p>&nbsp; &nbsp; &nbsp; &nbsp; &nbsp;<em> Pr\u00edhovor na predviano\u010dnej sl\u00e1vnosti det\u00ed a rod\u00edn.&nbsp;<\/em><\/p>\n\n\n\n<p><em>&nbsp; &nbsp; &nbsp; &nbsp; &nbsp; &nbsp; Soboti\u0161te &#8211;&nbsp; &nbsp; &nbsp; &nbsp; &nbsp; &nbsp; &nbsp; &nbsp; &nbsp; &nbsp; &nbsp; &nbsp; &nbsp; &nbsp; &nbsp; &nbsp; \u013dubom\u00edr Batka st.<\/em><\/p>\n\n\n\n<p><\/p>\n","protected":false},"excerpt":{"rendered":"<p>&nbsp;&nbsp; &nbsp; &nbsp; &nbsp; &nbsp; &nbsp; V Je\u017ei\u0161kovi pri\u0161lo ve\u013ek\u00e9 svetlo Iz 9, 1. 5 &#8211; 6:&nbsp; \u201e\u013dud, ktor\u00fd chod\u00ed vo tme, uzrie ve\u013ek\u00e9 svetlo; nad t\u00fdmi, ktor\u00ed b\u00fdvaj\u00fa v temnej krajine, za\u017eiari svetlo. &#8211; (5) Lebo die\u0165a sa n\u00e1m narodilo, syn n\u00e1m je dan\u00fd; na jeho pleciach spo\u010dinie knie\u017eatstvo, jeho meno bude: Predivn\u00fd radca, &#8230; <a title=\"V Je\u017ei\u0161kovi pri\u0161lo ve\u013ek\u00e9 svetlo\" class=\"read-more\" href=\"https:\/\/www.e-anjelik.sk\/index.php\/2024\/12\/23\/v-jeziskovi-prislo-velke-svetlo\/\" aria-label=\"Pre\u010d\u00edtajte si viac o V Je\u017ei\u0161kovi pri\u0161lo ve\u013ek\u00e9 svetlo\">\u010c\u00edta\u0165 viac<\/a><\/p>\n","protected":false},"author":4,"featured_media":0,"comment_status":"open","ping_status":"open","sticky":false,"template":"","format":"standard","meta":{"footnotes":""},"categories":[598,96,121,95,159],"tags":[],"class_list":["post-37545","post","type-post","status-publish","format-standard","hentry","category-vianocne-obdobie","category-deti","category-kazne","category-sobotiste","category-vianoce"],"_links":{"self":[{"href":"https:\/\/www.e-anjelik.sk\/index.php\/wp-json\/wp\/v2\/posts\/37545","targetHints":{"allow":["GET"]}}],"collection":[{"href":"https:\/\/www.e-anjelik.sk\/index.php\/wp-json\/wp\/v2\/posts"}],"about":[{"href":"https:\/\/www.e-anjelik.sk\/index.php\/wp-json\/wp\/v2\/types\/post"}],"author":[{"embeddable":true,"href":"https:\/\/www.e-anjelik.sk\/index.php\/wp-json\/wp\/v2\/users\/4"}],"replies":[{"embeddable":true,"href":"https:\/\/www.e-anjelik.sk\/index.php\/wp-json\/wp\/v2\/comments?post=37545"}],"version-history":[{"count":4,"href":"https:\/\/www.e-anjelik.sk\/index.php\/wp-json\/wp\/v2\/posts\/37545\/revisions"}],"predecessor-version":[{"id":37607,"href":"https:\/\/www.e-anjelik.sk\/index.php\/wp-json\/wp\/v2\/posts\/37545\/revisions\/37607"}],"wp:attachment":[{"href":"https:\/\/www.e-anjelik.sk\/index.php\/wp-json\/wp\/v2\/media?parent=37545"}],"wp:term":[{"taxonomy":"category","embeddable":true,"href":"https:\/\/www.e-anjelik.sk\/index.php\/wp-json\/wp\/v2\/categories?post=37545"},{"taxonomy":"post_tag","embeddable":true,"href":"https:\/\/www.e-anjelik.sk\/index.php\/wp-json\/wp\/v2\/tags?post=37545"}],"curies":[{"name":"wp","href":"https:\/\/api.w.org\/{rel}","templated":true}]}}