{"id":37549,"date":"2024-12-24T08:44:00","date_gmt":"2024-12-24T07:44:00","guid":{"rendered":"https:\/\/www.e-anjelik.sk\/?p=37549"},"modified":"2024-12-23T18:45:54","modified_gmt":"2024-12-23T17:45:54","slug":"daniel-michal-fakla-zazvucte-zvony","status":"publish","type":"post","link":"https:\/\/www.e-anjelik.sk\/index.php\/2024\/12\/24\/daniel-michal-fakla-zazvucte-zvony\/","title":{"rendered":"Daniel Michal Fakla \u2013 Zazvu\u010dte zvony"},"content":{"rendered":"\n<p>Studen\u00e9 p\u00e1perie tichu\u010dko pad\u00e1<br>na star\u00fa zem, \u010do vydala u\u017e plody.<br>A teraz sladko sp\u00ed jak matka mlad\u00e1,<br>ke\u010f zdrav\u00e9 die\u0165a bolestne porod\u00ed.<\/p>\n\n\n\n<p>Ku hrude zmrznutej vesm\u00edr sa klon\u00ed,<br>perinkou kryje plodn\u00e9 lono zeme.<br>Aj jemu zazvu\u010dte viano\u010dn\u00e9 zvony,<br>lebo v&nbsp;\u0148om bud\u00faci kol\u00e1\u010d u\u017e drieme . . . !<\/p>\n\n\n\n<p>A&nbsp;potom zvu\u010dte sviato\u010dn\u00fdm hlaholom<br>nad \u0161\u00edro\u0161\u00edrym \u0161tedr\u00fdm sveta stolom . . . !<br>Otvorte \u013eudsk\u00fdch s\u0155dc kamenn\u00e9 chr\u00e1my . . . !<\/p>\n\n\n\n<p>Nech s\u00fdti bud\u00fa u\u017e hladn\u00ed bed\u00e1ri,<br>bo nebo n\u00ed\u017ei sa ku ka\u017edej tv\u00e1ri,<br>a zem chyst\u00e1 im hody, nielen dr\u00e1my!<\/p>\n","protected":false},"excerpt":{"rendered":"<p>Studen\u00e9 p\u00e1perie tichu\u010dko pad\u00e1na star\u00fa zem, \u010do vydala u\u017e plody.A teraz sladko sp\u00ed jak matka mlad\u00e1,ke\u010f zdrav\u00e9 die\u0165a bolestne porod\u00ed. Ku hrude zmrznutej vesm\u00edr sa klon\u00ed,perinkou kryje plodn\u00e9 lono zeme.Aj jemu zazvu\u010dte viano\u010dn\u00e9 zvony,lebo v&nbsp;\u0148om bud\u00faci kol\u00e1\u010d u\u017e drieme . . . ! A&nbsp;potom zvu\u010dte sviato\u010dn\u00fdm hlaholomnad \u0161\u00edro\u0161\u00edrym \u0161tedr\u00fdm sveta stolom . . . !Otvorte &#8230; <a title=\"Daniel Michal Fakla \u2013 Zazvu\u010dte zvony\" class=\"read-more\" href=\"https:\/\/www.e-anjelik.sk\/index.php\/2024\/12\/24\/daniel-michal-fakla-zazvucte-zvony\/\" aria-label=\"Pre\u010d\u00edtajte si viac o Daniel Michal Fakla \u2013 Zazvu\u010dte zvony\">\u010c\u00edta\u0165 viac<\/a><\/p>\n","protected":false},"author":3,"featured_media":0,"comment_status":"open","ping_status":"open","sticky":false,"template":"","format":"standard","meta":{"footnotes":""},"categories":[165,159],"tags":[],"class_list":["post-37549","post","type-post","status-publish","format-standard","hentry","category-poezia-2","category-vianoce"],"_links":{"self":[{"href":"https:\/\/www.e-anjelik.sk\/index.php\/wp-json\/wp\/v2\/posts\/37549","targetHints":{"allow":["GET"]}}],"collection":[{"href":"https:\/\/www.e-anjelik.sk\/index.php\/wp-json\/wp\/v2\/posts"}],"about":[{"href":"https:\/\/www.e-anjelik.sk\/index.php\/wp-json\/wp\/v2\/types\/post"}],"author":[{"embeddable":true,"href":"https:\/\/www.e-anjelik.sk\/index.php\/wp-json\/wp\/v2\/users\/3"}],"replies":[{"embeddable":true,"href":"https:\/\/www.e-anjelik.sk\/index.php\/wp-json\/wp\/v2\/comments?post=37549"}],"version-history":[{"count":1,"href":"https:\/\/www.e-anjelik.sk\/index.php\/wp-json\/wp\/v2\/posts\/37549\/revisions"}],"predecessor-version":[{"id":37550,"href":"https:\/\/www.e-anjelik.sk\/index.php\/wp-json\/wp\/v2\/posts\/37549\/revisions\/37550"}],"wp:attachment":[{"href":"https:\/\/www.e-anjelik.sk\/index.php\/wp-json\/wp\/v2\/media?parent=37549"}],"wp:term":[{"taxonomy":"category","embeddable":true,"href":"https:\/\/www.e-anjelik.sk\/index.php\/wp-json\/wp\/v2\/categories?post=37549"},{"taxonomy":"post_tag","embeddable":true,"href":"https:\/\/www.e-anjelik.sk\/index.php\/wp-json\/wp\/v2\/tags?post=37549"}],"curies":[{"name":"wp","href":"https:\/\/api.w.org\/{rel}","templated":true}]}}