{"id":3755,"date":"2011-09-01T20:06:43","date_gmt":"2011-09-01T20:06:43","guid":{"rendered":"http:\/\/e-anjelik.sk\/?p=3755"},"modified":"2019-02-22T15:24:38","modified_gmt":"2019-02-22T14:24:38","slug":"zrejme-som-lietadlo","status":"publish","type":"post","link":"https:\/\/www.e-anjelik.sk\/index.php\/2011\/09\/01\/zrejme-som-lietadlo\/","title":{"rendered":"Zrejme som lietadlo&#8230;."},"content":{"rendered":"<p>&nbsp;<\/p>\n<p>&nbsp;Asi som pomal&scaron;&iacute;, lebo:<\/p>\n<p class=\"MsoListParagraphCxSpFirst\" style=\"text-indent: -0.25in; mso-list: l0 level1 lfo1\"><!--{13149560022870}--><span><span>&#8211;<span style=\"font: 7pt 'Times New Roman'\">&nbsp; &nbsp; &nbsp; &nbsp; &nbsp; &#8211;&nbsp;<\/span><\/span><\/span>nech&aacute;pem, pre\u010do sa klamanie, ohov&aacute;ranie a&nbsp;verejn&aacute; &scaron;kandaliz&aacute;cia kolegov pova\u017euje (\u010di pods&uacute;va?) ako vierou\u010dn&yacute; probl&eacute;m a&nbsp;nie probl&eacute;m element&aacute;rnej slu&scaron;nosti<\/p>\n<p class=\"MsoListParagraphCxSpMiddle\" style=\"text-indent: -0.25in; mso-list: l0 level1 lfo1\"><!--{13149560022871}--><span><span>&#8211;<span style=\"font: 7pt 'Times New Roman'\">&nbsp; &nbsp; &nbsp; &nbsp; &nbsp; &#8211;&nbsp;<\/span><\/span><\/span><!--{13149560022872}-->nerozumiem, pre\u010do Me\u0148kyho klamstv&aacute; a oso\u010dovanie s&uacute; v&nbsp;poriadku, no obrana je pova\u017eovan&aacute; za nevyberan&yacute; &uacute;tok<\/p>\n<p class=\"MsoListParagraphCxSpMiddle\" style=\"text-indent: -0.25in; mso-list: l0 level1 lfo1\"><!--{13149560022873}--><span><span>&#8211;<span style=\"font: 7pt 'Times New Roman'\">&nbsp; &nbsp; &nbsp; &nbsp; &nbsp; &#8211;&nbsp;<\/span><\/span><\/span><!--{13149560022874}-->nerozumiem, pre\u010do Me\u0148kyho oso\u010dovanie v&nbsp;Novom \u010dase a&nbsp;Mark&iacute;ze bolo v&nbsp;poriadku, no v&nbsp;SME, kde v&scaron;etky strany dostali priestor, je to zl&eacute;<\/p>\n<p class=\"MsoListParagraphCxSpMiddle\" style=\"text-indent: -0.25in; mso-list: l0 level1 lfo1\"><!--{13149560022875}--><span><span>&#8211;<span style=\"font: 7pt 'Times New Roman'\">&nbsp; &nbsp; &nbsp; &nbsp; &nbsp; &#8211;&nbsp;<\/span><\/span><\/span><!--{13149560022876}-->neviem, ako presne m&aacute; prebehn&uacute;\u0165 kon&scaron;trukt&iacute;vna debata s&nbsp;\u010dlovekom, ktor&yacute; vyn&aacute;&scaron;a na verejnos\u0165 veci zo s&uacute;kromnej far&aacute;rskej diskusnej skupiny<\/p>\n<p class=\"MsoListParagraphCxSpMiddle\" style=\"text-indent: -0.25in; mso-list: l0 level1 lfo1\"><!--{13149560022877}--><span><span>&#8211;<span style=\"font: 7pt 'Times New Roman'\">&nbsp; &nbsp; &nbsp; &nbsp; &nbsp; &#8211;&nbsp;<\/span><\/span><\/span><!--{13149560022878}-->neviem, ak&eacute; s&uacute; &scaron;ance, \u017ee si Me\u0148ky sadne za jeden st&ocirc;l s&nbsp;kolegami, o ktor&yacute;ch hovor&iacute;, \u017ee s&uacute; charizmatici a&nbsp;jehovisti, s&nbsp;ktor&yacute;mi sa ned&aacute; diskutova\u0165<\/p>\n<p class=\"MsoListParagraphCxSpMiddle\" style=\"text-indent: -0.25in; mso-list: l0 level1 lfo1\"><!--{13149560022879}--><span><span>&#8211;<span style=\"font: 7pt 'Times New Roman'\">&nbsp; &nbsp; &nbsp; &nbsp; &nbsp; &#8211;&nbsp;<\/span><\/span><\/span><!--{131495600228710}-->nech&aacute;pem, \u010do vierou\u010dn&eacute;ho, vecn&eacute;ho, slu&scaron;n&eacute;ho, \u010di logick&eacute;ho je na tom, \u017ee Me\u0148ky raz tvrd&iacute;, \u017ee t&aacute;to skupina s&uacute; charizmatici a&nbsp;raz, \u017ee s&uacute; to jehovisti<\/p>\n<p class=\"MsoListParagraphCxSpMiddle\" style=\"text-indent: -0.25in; mso-list: l0 level1 lfo1\"><!--{131495600228711}--><span><span>&#8211;<span style=\"font: 7pt 'Times New Roman'\">&nbsp; &nbsp; &nbsp; &nbsp; &nbsp; &#8211;&nbsp;<\/span><\/span><\/span><!--{131495600228712}-->nerozumiem, \u010do je vierou\u010dn&eacute; na Me\u0148kyho nad&aacute;van&iacute; a&nbsp;&scaron;kandaliz&aacute;cii kolegov<\/p>\n<p class=\"MsoListParagraphCxSpMiddle\" style=\"text-indent: -0.25in; mso-list: l0 level1 lfo1\"><!--{131495600228713}--><span><span>&#8211;<span style=\"font: 7pt 'Times New Roman'\">&nbsp; &nbsp; &nbsp; &nbsp; &nbsp; &#8211;&nbsp;<\/span><\/span><\/span><!--{131495600228714}-->neviem, \u010di naozaj je tak&eacute; nepochopite\u013en&eacute;, \u017ee obvinen&eacute; osoby sa dom&aacute;haj&uacute; pr&aacute;va na reakciu &ndash; na rozdiel od t&yacute;ch, ktor&yacute;ch meno po&scaron;pinen&eacute; nebolo<\/p>\n<p class=\"MsoListParagraphCxSpMiddle\" style=\"text-indent: -0.25in; mso-list: l0 level1 lfo1\"><!--{131495600228715}--><span><span>&#8211;<span style=\"font: 7pt 'Times New Roman'\">&nbsp; &nbsp; &nbsp; &nbsp; &nbsp; &#8211;&nbsp;<\/span><\/span><\/span><!--{131495600228716}-->neviem, pre\u010do sa verejne &scaron;kandalizovan&yacute;m vy\u010d&iacute;ta nedostatok (\u010di absencia) bratskej l&aacute;sky, slu&scaron;nosti, \u010di dokonca kres\u0165anskej viery, no Me\u0148kyho &scaron;kandalizovanie, klamanie a&nbsp;ohov&aacute;ranie je v&nbsp;poriadku<\/p>\n<p class=\"MsoListParagraphCxSpMiddle\" style=\"text-indent: -0.25in; mso-list: l0 level1 lfo1\"><!--{131495600228717}--><span><span>&#8211;<span style=\"font: 7pt 'Times New Roman'\">&nbsp; &nbsp; &nbsp; &nbsp; &nbsp; &#8211;&nbsp;<\/span><\/span><\/span><!--{131495600228718}-->nerozumiem, pre\u010do sa v&ocirc;bec verejne &scaron;kandalizovan&iacute; musia dom&aacute;ha\u0165 a&nbsp;upozor\u0148ova\u0165 na mo\u017en&eacute; pr&aacute;vne n&aacute;sledky, pokia\u013e im nebude dan&yacute; priestor na obhajobu evanjelickom m&eacute;diu<\/p>\n<p class=\"MsoListParagraphCxSpMiddle\" style=\"text-indent: -0.25in; mso-list: l0 level1 lfo1\"><!--{131495600228719}--><span><span>&#8211;<span style=\"font: 7pt 'Times New Roman'\">&nbsp; &nbsp; &nbsp; &nbsp; &nbsp; &#8211;&nbsp;<\/span><\/span><\/span><!--{131495600228720}-->nerozumiem, pre\u010do na jednej strane Me\u0148ky stra&scaron;&iacute; rozpadom ECAV a&nbsp;masov&yacute;mi odchodmi, no predsedn&iacute;ctvo ECAV tvrd&iacute;, \u017ee ni\u010d tak&eacute; nehroz&iacute;<\/p>\n<p class=\"MsoListParagraphCxSpMiddle\" style=\"text-indent: -0.25in; mso-list: l0 level1 lfo1\"><!--{131495600228721}--><span><span>&#8211;<span style=\"font: 7pt 'Times New Roman'\">&nbsp; &nbsp; &nbsp; &nbsp; &nbsp; &#8211;&nbsp;<\/span><\/span><\/span><!--{131495600228722}-->nerozumiem, pre\u010do TC Kompas nemus&iacute; ma\u0165 zmluvu s&nbsp;ECAV na to, aby na nich Me\u0148ky rozniesol na kopyt&aacute;ch EPST, ale uverejnenie ich stanoviska sa deje &bdquo;napriek tomu&ldquo;, \u017ee t&uacute;to zmluvu nemaj&uacute;<\/p>\n<p class=\"MsoListParagraphCxSpMiddle\" style=\"text-indent: -0.25in; mso-list: l0 level1 lfo1\"><!--{131495600228723}--><span><span>&#8211;<span style=\"font: 7pt 'Times New Roman'\">&nbsp; &nbsp; &nbsp; &nbsp; &nbsp; &#8211;&nbsp;<\/span><\/span><\/span><!--{131495600228724}-->nerozumiem, \u010di sa na EPST vz\u0165ahuje in&yacute;, ako Tla\u010dov&yacute; z&aacute;kon a&nbsp;teda ako m&ocirc;\u017ee by\u0165 odpove\u010f vyn&uacute;ten&aacute;, ke\u010f ide o z&aacute;konn&uacute; povinnos\u0165 &ndash; to potom aj triezva jazda autom je vyn&uacute;ten&aacute;?<\/p>\n<p class=\"MsoListParagraphCxSpMiddle\" style=\"text-indent: -0.25in; mso-list: l0 level1 lfo1\"><!--{131495600228725}--><span><span>&#8211;<span style=\"font: 7pt 'Times New Roman'\">&nbsp; &nbsp; &nbsp; &nbsp; &nbsp; &#8211;&nbsp;<\/span><\/span><\/span><!--{131495600228726}-->nerozumiem, pre\u010do si v&nbsp;kres\u0165anskom periodiku v&ocirc;bec niekto mus&iacute; vynucova\u0165 pr&aacute;vo br&aacute;ni\u0165 sa pred klamstvami, ohov&aacute;ran&iacute;m a&nbsp;&scaron;kandaliz&aacute;ciou<\/p>\n<p class=\"MsoListParagraphCxSpMiddle\" style=\"text-indent: -0.25in; mso-list: l0 level1 lfo1\"><!--{131495600228727}--><span><span>&#8211;<span style=\"font: 7pt 'Times New Roman'\">&nbsp; &nbsp; &nbsp; &nbsp; &nbsp; &#8211;&nbsp;<\/span><\/span><\/span><!--{131495600228728}-->neviem, odkedy redakcia EPST rozhoduje o&nbsp;tom, &bdquo;\u010do je zl&eacute; a&nbsp;nespr&aacute;vne&ldquo; (a pre\u010do Me\u0148kyho klamstv&aacute; s&uacute; spr&aacute;vne, ale obrana vo\u010di nim je nespr&aacute;vna)<\/p>\n<p class=\"MsoListParagraphCxSpMiddle\" style=\"text-indent: -0.25in; mso-list: l0 level1 lfo1\"><!--{131495600228729}--><span><span>&#8211;<span style=\"font: 7pt 'Times New Roman'\">&nbsp; &nbsp; &nbsp; &nbsp; &nbsp; &#8211;&nbsp;<\/span><\/span><\/span><!--{131495600228730}-->neviem, odkedy je v&nbsp;n&aacute;plni pr&aacute;ce VV a&nbsp;jeho predsedu klama\u0165, ohov&aacute;ra\u0165 a&nbsp;&scaron;kandalizova\u0165 kolegov na verejnosti<\/p>\n<p class=\"MsoListParagraphCxSpMiddle\" style=\"text-indent: -0.25in; mso-list: l0 level1 lfo1\"><!--{131495600228731}--><span><span>&#8211;<span style=\"font: 7pt 'Times New Roman'\">&nbsp; &nbsp; &nbsp; &nbsp; &nbsp; &#8211;&nbsp;<\/span><\/span><\/span><!--{131495600228732}-->neviem, kedy cirkev bola v&nbsp;situ&aacute;cii, ze nemusela z&aacute;pasi\u0165 o&nbsp;vieru a&nbsp;pravdivos\u0165 u\u010denia<\/p>\n<p class=\"MsoListParagraphCxSpMiddle\" style=\"text-indent: -0.25in; mso-list: l0 level1 lfo1\"><!--{131495600228733}--><span><span>&#8211;<span style=\"font: 7pt 'Times New Roman'\">&nbsp; &nbsp; &nbsp; &nbsp; &nbsp; &#8211;&nbsp;<\/span><\/span><\/span><!--{131495600228734}-->neviem, odkedy post a&nbsp;funkcia v&nbsp;cirkvi d&aacute;va pr&aacute;vo klama\u0165 a&nbsp;ohov&aacute;ra\u0165<\/p>\n<p class=\"MsoListParagraphCxSpMiddle\" style=\"text-indent: -0.25in; mso-list: l0 level1 lfo1\"><!--{131495600228735}--><span><span>&#8211;<span style=\"font: 7pt 'Times New Roman'\">&nbsp; &nbsp; &nbsp; &nbsp; &nbsp; &#8211;&nbsp;<\/span><\/span><\/span><!--{131495600228736}-->doteraz som si myslel, ze treba dok&aacute;za\u0165 vinu a&nbsp;nie nevinu &ndash; a&nbsp;predseda VV ni\u010d fakticky nedok&aacute;zal, len verejne nap\u013eul na viacer&yacute;ch \u013eud&iacute;<\/p>\n<p class=\"MsoListParagraphCxSpMiddle\" style=\"text-indent: -0.25in; mso-list: l0 level1 lfo1\"><!--{131495600228737}--><span><span>&#8211;<span style=\"font: 7pt 'Times New Roman'\">&nbsp; &nbsp; &nbsp; &nbsp; &nbsp; &#8211;&nbsp;<\/span><\/span><\/span><!--{131495600228738}-->som si myslel, \u017ee nem&aacute; zmysel vyvraca\u0165 nie\u010do, \u010do sa nestalo (napr.: zwingli&aacute;nsky sp&ocirc;sob prisluhovania VP)<\/p>\n<p class=\"MsoListParagraphCxSpMiddle\" style=\"text-indent: -0.25in; mso-list: l0 level1 lfo1\"><!--{131495600228739}--><span><span>&#8211;<span style=\"font: 7pt 'Times New Roman'\">&nbsp; &nbsp; &nbsp; &nbsp; &nbsp; &#8211;&nbsp;<\/span><\/span><\/span><!--{131495600228740}-->neviem, odkedy &bdquo;neodpor&uacute;\u010da\u0165&ldquo; je to ist&eacute; ako klama\u0165, ohov&aacute;ra\u0165 a&nbsp;&scaron;kandalizova\u0165<\/p>\n<p class=\"MsoListParagraphCxSpMiddle\" style=\"text-indent: -0.25in; mso-list: l0 level1 lfo1\"><!--{131495600228741}--><span><span>&#8211;<span style=\"font: 7pt 'Times New Roman'\">&nbsp; &nbsp; &nbsp; &nbsp; &nbsp; &#8211;&nbsp;<\/span><\/span><\/span><!--{131495600228742}-->nerozumiem, pre\u010do &ndash; ke\u010f sa tak vol&aacute; po trad&iacute;ci&aacute;ch &ndash; sa nedodr\u017eala trad&iacute;cia a&nbsp;pastiersky list nenap&iacute;sal Zbor biskupov, ale len jeden z&nbsp;nich<\/p>\n<p class=\"MsoListParagraphCxSpMiddle\" style=\"text-indent: -0.25in; mso-list: l0 level1 lfo1\"><!--{131495600228743}--><span><span>&#8211;<span style=\"font: 7pt 'Times New Roman'\">&nbsp; &nbsp; &nbsp; &nbsp; &nbsp; &#8211;&nbsp;<\/span><\/span><\/span><!--{131495600228744}-->neviem, \u010do na tento &bdquo;pastiersky list&ldquo; hovoria ostatn&iacute; dvaja biskupi a&nbsp;\u010di sa zhoduj&uacute; s&nbsp;jeho obsahom<\/p>\n<p class=\"MsoListParagraphCxSpMiddle\" style=\"text-indent: -0.25in; mso-list: l0 level1 lfo1\"><!--{131495600228745}--><span><span>&#8211;<span style=\"font: 7pt 'Times New Roman'\">&nbsp; &nbsp; &nbsp; &nbsp; &nbsp; &#8211;&nbsp;<\/span><\/span><\/span><!--{131495600228746}-->neviem, pre\u010do sa mi zd&aacute;, \u017ee sa tu pods&uacute;va, \u017ee ide &bdquo;honbu za novotami&ldquo;, ke\u010f v&nbsp;cirkevnej slu\u017ebe ide o &bdquo;honbu za straten&yacute;mi du&scaron;ami&ldquo;<\/p>\n<p class=\"MsoListParagraphCxSpMiddle\" style=\"text-indent: -0.25in; mso-list: l0 level1 lfo1\"><!--{131495600228747}--><span><span>&#8211;<span style=\"font: 7pt 'Times New Roman'\">&nbsp; &nbsp; &nbsp; &nbsp; &nbsp; &#8211;&nbsp;<\/span><\/span><\/span><!--{131495600228748}-->z&nbsp;konania a&nbsp;rozpr&aacute;vania gener&aacute;lneho biskupa nem&aacute;m &scaron;ajnu, \u010do rozumie pod &bdquo;Kristov&yacute;m<span>&nbsp; <\/span>poslan&iacute;m pre cirkev&ldquo;, na ktor&eacute; sa odvol&aacute;va a&nbsp;ako ho mieni uskuto\u010d\u0148ova\u0165 (\u010di u\u017e nebodaj uskuto\u010d\u0148uje?) v&nbsp;ECAV na Slovensku<\/p>\n<p class=\"MsoListParagraphCxSpMiddle\" style=\"text-indent: -0.25in; mso-list: l0 level1 lfo1\"><!--{131495600228749}--><span><span>&#8211;<span style=\"font: 7pt 'Times New Roman'\">&nbsp; &nbsp; &nbsp; &nbsp; &nbsp; &#8211;&nbsp;<\/span><\/span><\/span><!--{131495600228750}-->nech&aacute;pem, \u010di t&yacute;m Kristov&yacute;m poslan&iacute;m pre cirkev je &scaron;kandaliz&aacute;cia, klamstv&aacute; a&nbsp;ohov&aacute;ranie \u013eud&iacute;, ktor&eacute; svojim pr&iacute;stupom podporuje<\/p>\n<p class=\"MsoListParagraphCxSpMiddle\" style=\"text-indent: -0.25in; mso-list: l0 level1 lfo1\"><!--{131495600228751}--><span><span>&#8211;<span style=\"font: 7pt 'Times New Roman'\">&nbsp; &nbsp; &nbsp; &nbsp; &nbsp; &#8211;&nbsp;<\/span><\/span><\/span><!--{131495600228752}-->neviem, pre\u010do zrazu k&nbsp;tomu, aby niekto prestal by\u0165 evanjelick&yacute;m a.v. duchovn&yacute;m sta\u010d&iacute;, aby sa niekomu znep&aacute;\u010dil, ke\u010f doned&aacute;vna tu boli e&scaron;te aj ist&eacute; form&aacute;lne postupy, ktor&eacute; bolo treba dodr\u017ea\u0165<\/p>\n<p class=\"MsoListParagraphCxSpLast\" style=\"text-indent: -0.25in; mso-list: l0 level1 lfo1\"><!--{131495600228753}--><span><span>&#8211;<span style=\"font: 7pt 'Times New Roman'\">&nbsp; &nbsp; &nbsp; &nbsp; &nbsp; &#8211;&nbsp;<\/span><\/span><\/span><!--{131495600228754}-->neviem, pre\u010do predseda VV kon&aacute; v&nbsp;pr&iacute;krom rozpore s biblick&yacute;m mottom z&nbsp;pastierkeho listu, teda pre\u010do nekon&aacute; &bdquo;slu&scaron;ne a&nbsp;v&nbsp;poriadku&ldquo;<\/p>\n<p class=\"MsoNormal\"><o:p>&nbsp;<\/o:p><\/p>\n<p class=\"MsoNormal\">Mo\u017eno pr&iacute;li&scaron; ve\u013ea ot&aacute;zok. Mo\u017eno tu naozaj mnoh&eacute;mu nerozumiem. Mo\u017eno \u017eijem v&nbsp;inej krajine, v&nbsp;inej ECAV, v&nbsp;inom pr&aacute;vnom syst&eacute;me. Mo\u017eno som len &bdquo;charizmatik a&nbsp;jehovista&ldquo;. Mo\u017eno som len pomal&scaron;&iacute;. A&nbsp;mo\u017eno s&uacute; naozaj v&scaron;etci in&iacute;, len ja som lietadlo&#8230;.<\/p>\n","protected":false},"excerpt":{"rendered":"<p>&nbsp; &nbsp;Asi som pomal&scaron;&iacute;, lebo: &#8211;&nbsp; &nbsp; &nbsp; &nbsp; &nbsp; &#8211;&nbsp;nech&aacute;pem, pre\u010do sa klamanie, ohov&aacute;ranie a&nbsp;verejn&aacute; &scaron;kandaliz&aacute;cia kolegov pova\u017euje (\u010di pods&uacute;va?) ako vierou\u010dn&yacute; probl&eacute;m a&nbsp;nie probl&eacute;m element&aacute;rnej slu&scaron;nosti &#8211;&nbsp; &nbsp; &nbsp; &nbsp; &nbsp; &#8211;&nbsp;nerozumiem, pre\u010do Me\u0148kyho klamstv&aacute; a oso\u010dovanie s&uacute; v&nbsp;poriadku, no obrana je pova\u017eovan&aacute; za nevyberan&yacute; &uacute;tok &#8211;&nbsp; &nbsp; &nbsp; &nbsp; &nbsp; &#8211;&nbsp;nerozumiem, pre\u010do &#8230; <a title=\"Zrejme som lietadlo&#8230;.\" class=\"read-more\" href=\"https:\/\/www.e-anjelik.sk\/index.php\/2011\/09\/01\/zrejme-som-lietadlo\/\" aria-label=\"Pre\u010d\u00edtajte si viac o Zrejme som lietadlo&#8230;.\">\u010c\u00edta\u0165 viac<\/a><\/p>\n","protected":false},"author":29,"featured_media":0,"comment_status":"open","ping_status":"open","sticky":false,"template":"","format":"standard","meta":{"footnotes":""},"categories":[1,73],"tags":[],"class_list":["post-3755","post","type-post","status-publish","format-standard","hentry","category-adventna-modlitba","category-ecav"],"_links":{"self":[{"href":"https:\/\/www.e-anjelik.sk\/index.php\/wp-json\/wp\/v2\/posts\/3755","targetHints":{"allow":["GET"]}}],"collection":[{"href":"https:\/\/www.e-anjelik.sk\/index.php\/wp-json\/wp\/v2\/posts"}],"about":[{"href":"https:\/\/www.e-anjelik.sk\/index.php\/wp-json\/wp\/v2\/types\/post"}],"author":[{"embeddable":true,"href":"https:\/\/www.e-anjelik.sk\/index.php\/wp-json\/wp\/v2\/users\/29"}],"replies":[{"embeddable":true,"href":"https:\/\/www.e-anjelik.sk\/index.php\/wp-json\/wp\/v2\/comments?post=3755"}],"version-history":[{"count":2,"href":"https:\/\/www.e-anjelik.sk\/index.php\/wp-json\/wp\/v2\/posts\/3755\/revisions"}],"predecessor-version":[{"id":38622,"href":"https:\/\/www.e-anjelik.sk\/index.php\/wp-json\/wp\/v2\/posts\/3755\/revisions\/38622"}],"wp:attachment":[{"href":"https:\/\/www.e-anjelik.sk\/index.php\/wp-json\/wp\/v2\/media?parent=3755"}],"wp:term":[{"taxonomy":"category","embeddable":true,"href":"https:\/\/www.e-anjelik.sk\/index.php\/wp-json\/wp\/v2\/categories?post=3755"},{"taxonomy":"post_tag","embeddable":true,"href":"https:\/\/www.e-anjelik.sk\/index.php\/wp-json\/wp\/v2\/tags?post=3755"}],"curies":[{"name":"wp","href":"https:\/\/api.w.org\/{rel}","templated":true}]}}