{"id":37554,"date":"2024-12-25T21:53:25","date_gmt":"2024-12-25T20:53:25","guid":{"rendered":"https:\/\/www.e-anjelik.sk\/?p=37554"},"modified":"2025-01-02T10:26:43","modified_gmt":"2025-01-02T09:26:43","slug":"co-sme-vysli-vidiet","status":"publish","type":"post","link":"https:\/\/www.e-anjelik.sk\/index.php\/2024\/12\/25\/co-sme-vysli-vidiet\/","title":{"rendered":"\u010co sme vy\u0161li vidie\u0165?"},"content":{"rendered":"\n<p><em>&nbsp; &nbsp; &nbsp; &nbsp; &nbsp; &nbsp; &nbsp; <\/em><strong>&nbsp; &nbsp; &nbsp; \u010co sme vy\u0161li vidie\u0165 ? &nbsp; <\/strong><em>&nbsp; &nbsp; &nbsp; &nbsp; &nbsp; &nbsp; &nbsp; &nbsp; &nbsp; &nbsp; &nbsp; &nbsp; &nbsp; &nbsp; &nbsp; &nbsp; &nbsp; &nbsp; &nbsp; &nbsp; &nbsp; &nbsp; &nbsp; &nbsp; &nbsp;<\/em><\/p>\n\n\n\n<p><em>Pane, Tys\u2019 pri\u0161iel v pon\u00ed\u017een\u00ed<\/em><br><em>Pros\u00edme, pr\u00ed\u010f ku n\u00e1m Je\u017ei\u0161i!<\/em><br><em>Boh prav\u00fd, stal si sa synom \u017eeny\u2026<\/em><br><em>Pr\u00ed\u010f, Vodca, Kr\u00e1\u013e n\u00e1\u0161 najvy\u0161\u0161\u00ed!<\/em><br><em>Ach, pr\u00ed\u010f, by nebol dom n\u00e1\u0161 pr\u00e1zdny-<\/em><br><em>Rozsvie\u0165 v \u0148om l\u00e1sku, za\u017ee\u0148 chlad!<\/em><br><em>V srdciach n\u00e1m svetlo viery za\u017eni,<\/em><br><em>N\u00e1\u0161 Spasite\u013eu, pevn\u00fd Hrad!\u00a0 Amen\u00a0 (Z.O.)<\/em><\/p>\n\n\n\n<p><strong>Kol 2, 6 &#8211; 10:<\/strong><\/p>\n\n\n\n<p><em><em>\u201e<\/em>Preto, ako ste prijali Krista Je\u017ei\u0161a, P\u00e1na, v \u0148om \u017eite, (7) zakorenen\u00ed a budovan\u00ed v \u0147om, i upevnen\u00ed vierou, ako ste boli vyu\u010dovan\u00ed, a rozhoj\u0148ujte sa v dobrore\u010den\u00ed. (8) H\u013ea\u010fte, aby v\u00e1s niekto nestrhol mudr\u00e1ctvom a pr\u00e1zdnym m\u00e1men\u00edm pod\u013ea \u013eudsk\u00e9ho podania, pod\u013ea \u017eivlov sveta a nie pod\u013ea Krista, (9) lebo v \u0147om preb\u00fdva v\u0161etka plnos\u0165 bo\u017eskosti telesne (10) a aj vy pri\u0161li ste k dokonalosti v \u0147om, ktor\u00fd je hlavou ka\u017ed\u00e9ho knie\u017eatstva a moci.\u201d\u00a0 Amen<\/em><\/p>\n\n\n\n<p><em>&nbsp;&nbsp; &nbsp;<\/em> Bohumil\u00ed kres\u0165ania, bratia a sestry, mil\u00e9 deti a ml\u00e1de\u017e!<\/p>\n\n\n\n<p>\u00a0\u00a0 V uplynulom advente ktor\u00fd predch\u00e1dzal tohtoro\u010dn\u00e9 Vianoce a dne\u0161n\u00fd <strong>\u0160tedr\u00fd ve\u010der, <\/strong>po\u010duli sme z Mat\u00fa\u0161ovho evanjelia trojn\u00e1sobn\u00fa ot\u00e1zku, ktor\u00fa polo\u017eil P\u00e1n Je\u017ei\u0161 z\u00e1stupom o J\u00e1novi Krstite\u013eovi: <em><em>\u201e<\/em>\u010co ste vy\u0161li vidie\u0165 na p\u00fa\u0161\u0165? \u010ci trstinu, ktor\u00fa vietor sem tam kol\u00ed\u0161e? Alebo \u010do ste vy\u0161li vidie\u0165? \u010cloveka oble\u010den\u00e9ho do m\u00e4kk\u00e9ho r\u00facha? &#8211; \u010co ste teda vy\u0161li? \u010ci vidie\u0165 proroka?\u201d (Mt 11,8)<\/em><\/p>\n\n\n\n<p><em>&nbsp;&nbsp;<\/em> T\u00fato ot\u00e1zku si kladieme parafr\u00e1zou aj v t\u00fato ve\u010dern\u00fa chv\u00ed\u013eu, v predve\u010der sviatku narodenia Je\u017ei\u0161a Krista:<strong> <em>\u010co ste vy\u0161li vidie\u0165 v tento chladn\u00fd zimn\u00fd ve\u010der?<\/em><\/strong><\/p>\n\n\n\n<p><strong><em>&nbsp;&nbsp; <\/em><\/strong>\u010co ste vy\u0161li vidie\u0165 vy, mil\u00e9 deti, ke\u010f vo va\u0161ich domoch a pr\u00edbytkoch je teplo a \u00fatulne, \u017eiari v nich strom\u010dek a pod n\u00edm \u010dakaj\u00fa kr\u00e1sne dar\u010deky,<\/p>\n\n\n\n<p>\u00a0\u00a0 \u010co ste vy\u0161li vidie\u0165 vy, bratia a sestry, \u010do po nedeliach odklad\u00e1te pr\u00e1cu a so \u017ealmistom si v duchu hovor\u00edte:<em> <em>\u201e<\/em>Radoval som sa, ke\u010f mi hovorili: Po\u010fme do domu Hospodinovho&#8220;?<\/em><\/p>\n\n\n\n<p>&nbsp;&nbsp; \u010co ste vy\u0161li vidie\u0165 na toto miesto vy &#8211; na\u0161i b\u00fdval\u00ed konfirmandi, ktor\u00ed ste tu boli vyu\u010dovan\u00ed a konfirmovan\u00ed a cirkevn\u00fd zbor sa n\u00e1dejal, \u017ee aj upevnen\u00ed vo viere?<\/p>\n\n\n\n<p>&nbsp;&nbsp; \u010co ste vy\u0161li vidie\u0165, alebo mo\u017eno po\u010du\u0165 vy, bratia a sestry, ktor\u00ed ste u\u017e d\u00e1vnej\u0161ie nevo\u0161li do t\u00fdchto star\u00fdch m\u00farov a lav\u00edc?<\/p>\n\n\n\n<p>Nebolo by lep\u0161ie zosta\u0165 doma, v kruhu rodiny, pri telev\u00edzore, v pohodl\u00ed a pri veciach, ktor\u00e9 ste horko-\u0165a\u017eko pozh\u00e1\u0148ali v tla\u010denici a vo <em>\u201e<\/em>front\u00e1ch\u201d, pri prestret\u00fdch stoloch a chladni\u010dk\u00e1ch, ktor\u00e9 \u010dakaj\u00fa na vypr\u00e1zdnenie?\u00a0<\/p>\n\n\n\n<p>\u00a0 \u00a0 Nechceme azda iba uspa\u0165 svedomie, ke\u010f sme u\u017e dali <em>\u201e<\/em>cis\u00e1rovi, \u010do je cis\u00e1rove\u201d, ale \u010do je Bo\u017eie Bohu e\u0161te nie?<\/p>\n\n\n\n<p>&nbsp; &nbsp; \u010co sme teda op\u00e4\u0165, aspo\u0148 raz v roku, vy\u0161li vidie\u0165 a po\u010du\u0165 do n\u00e1\u0161ho chr\u00e1mu?&nbsp;<\/p>\n\n\n\n<p>\u00a0 \u00a0 P\u00e1n Je\u017ei\u0161 Kristus povedal z\u00e1stupom o J\u00e1novi to, \u010do o\u010dak\u00e1va\u0165 nemaj\u00fa. J\u00e1n Krstite\u013e, kazate\u013e pok\u00e1nia, nebol trstina kl\u00e1tiaca sa vo vetre. Nebol ani \u010dlovek oble\u010den\u00fd do m\u00e4kk\u00e9ho r\u00facha, podobn\u00fd t\u00fdm, ktor\u00ed b\u00fdvaj\u00fa v kr\u00e1\u013eovsk\u00fdch domoch. Nebol \u017eiaden karierista t\u00fa\u017eiaci po moci, sl\u00e1ve a blahobyte. A nebol ani prorok, ale <em>\u201e<\/em>len\u201d hlas na p\u00fa\u0161ti, pripravuj\u00faci cestu P\u00e1novi. Pravda, nie hocijak\u00e9mu p\u00e1novi s mal\u00fdm <em>\u201e<\/em>p\u201d, ale Bo\u017eiemu Synovi a Mesi\u00e1\u0161ovi.<\/p>\n\n\n\n<p>\u00a0\u00a0 \u00a0 Preto aj my povedzme najsk\u00f4r o Je\u017ei\u0161ovi to, \u010do \u010daka\u0165 a h\u013eada\u0165 nem\u00e1me. Ne\u010dakajme a neh\u013eadajme mal\u00e9 Jezuliatko a <em>\u201e<\/em>Pacholiatko\u201d\u00a0h\u013eadaj\u00face trochu pozornosti a s\u00facitu, trochu nejak\u00fdch zvy\u0161kov, ktor\u00e9 odpadn\u00fa \u010dloveku z ruky, \u010di zo stola.<\/p>\n\n\n\n<p>&nbsp;&nbsp; Nie je pred nami ani niekto, kto by n\u00e1s chcel o nie\u010dom pou\u010dova\u0165 a \u010dak\u00e1 za to na\u0161e uznanie a ocenenie. Nie je to u\u010dite\u013e a mravok\u00e1rca na sp\u00f4sob \u013eudsk\u00fdch u\u010dite\u013eov.<\/p>\n\n\n\n<p>&nbsp; &nbsp; A nie je to ani nejak\u00fd skrachovan\u00fd rojko a dobr\u00e1k, ktor\u00fd \u010dak\u00e1 na na\u0161e po\u013eutovanie a s\u00facit nad jeho trag\u00e9diou, nepochopen\u00edm a pon\u00ed\u017een\u00edm a\u017e po kr\u00ed\u017e.<\/p>\n\n\n\n<p>&nbsp; &nbsp; \u010co teda m\u00f4\u017eeme, mil\u00ed bratia a sestry, mil\u00ed mlad\u00ed priatelia a mil\u00e9 deti vidie\u0165, po\u010du\u0165 a prija\u0165 v tento tich\u00fd, sv\u00e4t\u00fd ve\u010der a zajtra i potom znovu? Na to n\u00e1m chce odpoveda\u0165 \u00favodn\u00e9 slovo a svedectvo apo\u0161tola Pavla.<\/p>\n\n\n\n<p>\u00a0 \u00a0 Nu\u017e to Die\u0165a, naroden\u00e9 v ma\u0161tali a zavinut\u00e9 v chatrn\u00fdch plienkach, syn M\u00e1rie a ako sa myslelo syn Jozefov, je Syn Bo\u017e\u00ed. Jeho meno je Imanuel &#8211; a to znamen\u00e1 Boh s nami. Ve\u010dn\u00fd a sv\u00e4t\u00fd Boh pri\u0161iel k n\u00e1m, do tohoto sveta, ako o tom sved\u010dia slov\u00e1 apo\u0161tola:<em> <em>\u201e<\/em>V \u0147om preb\u00fdvala v\u0161etka plnos\u0165 bo\u017eskosti telesne\u201d.<\/em><\/p>\n\n\n\n<p><em>\u00a0\u00a0 <\/em>Apo\u0161tol J\u00e1n povedal to ist\u00e9 svedectvo t\u00fdmito slovami<em>: <em>\u201e<\/em>Slovo stalo sa telom, preb\u00fdvalo medzi nami a my h\u013eadeli sme na Jeho sl\u00e1vu ako na sl\u00e1vu jednoroden\u00e9ho od Otca, a bolo pln\u00e9 milosti a pravdy\u201d.(J 1,14)\u00a0<\/em>To <em><em>\u201e<\/em>Pacholiatko &#8211; Nemluvniatko\u201d <\/em>neh\u013ead\u00e1 n\u00e1\u0161 s\u00facit a ne\u010dak\u00e1 na na\u0161e chab\u00e9 a smie\u0161ne dary. V \u0147om pri\u0161iel Boh, ktor\u00fd je l\u00e1ska a ktor\u00fd d\u00e1va milos\u0165 a l\u00e1sku. V Je\u017ei\u0161ovi pri\u0161lo ve\u010dn\u00e9 Slovo, ktor\u00e9 v\u0161etko stvorilo a n\u00e1m darovalo \u017eivot. V \u0147om pri\u0161iel Darca v daroch bohat\u00fd, lebo Jemu patr\u00ed v\u0161etko.<\/p>\n\n\n\n<p>&nbsp; &nbsp; Neh\u013ead\u00e1 a nepotrebuje dary pohanov: zlato, kadidlo a myrhu. On zlatom opovrhoval, kadidlo nepotreboval, aby rozvo\u0148al sp\u00e1l\u0148u zvierat, kde bol polo\u017een\u00fd, lebo On s\u00e1m, Jeho pr\u00edtomnos\u0165 men\u00ed ka\u017ed\u00fa ma\u0161ta\u013e, cel\u00fd \u00faboh\u00fd svet naplnen\u00fd z\u00e1pachom hriechov a rozkladu na v\u00f4\u0148u nov\u00e9ho, bohumil\u00e9ho \u017eivota.&nbsp;<\/p>\n\n\n\n<p>\u00a0\u00a0 Nepotreboval ku svojej obeti \u017eivota za n\u00e1s a pre n\u00e1s \u017eiadne kadidlo, aby bola Jeho obe\u0165 pr\u00edjemn\u00e1 a prijat\u00e1 Bohom-Otcom. Myrha, ktor\u00e1 je nepostr\u00e1date\u013en\u00e1 na balzamovanie m\u0155tveho tela je pred N\u00edm zbyto\u010dn\u00fd pokus zachova\u0165 to, \u010do je prach a popol. On je P\u00e1n, ktor\u00fd smr\u0165 premohol, vstal z m\u0155tvych a viac neumiera. On k \u017eivotu ve\u010dn\u00e9mu v dokonalosti vedie aj svojich vern\u00fdch ctite\u013eov, \u00e1no i n\u00e1s, ak sa Ho nevzd\u00e1me a nezaprieme Ho. On je <em><em>\u201e<\/em>Hlavou ka\u017ed\u00e9ho knie\u017eatstva a moci\u201d. <\/em>Ten, na ktor\u00e9ho dnes a po\u010das Vianoc v duchu pozer\u00e1 a mysl\u00ed mnoho \u013eud\u00ed, je nepochybne <em>\u201e<\/em>predmetom\u201d l\u00e1sky a \u00facty mnoh\u00fdch, ale s\u00fa\u010dasne je aj <em>\u201e<\/em>predmetom\u201d nen\u00e1visti in\u00fdch. V \u0147om pri\u0161iel <em>\u201eP\u00e1n p\u00e1nov a Kr\u00e1\u013e kr\u00e1\u013eov\u201d.<\/em><\/p>\n\n\n\n<p><em>&nbsp; &nbsp; <\/em>Bratia a sestry!<\/p>\n\n\n\n<p>\u00a0 \u00a0 Je aj dnes ve\u013ea \u013eud\u00ed, ktor\u00ed by n\u00e1s chceli strhn\u00fa\u0165 <em><em>\u201e<\/em>mudr\u00e1ctvom a pr\u00e1zdnymi re\u010dami, pr\u00e1zdnym m\u00e1men\u00edm pod\u013ea \u013eudsk\u00e9ho podania a pod\u013ea \u017eivlov sveta\u201d<\/em>. Naroden\u00fd v betlehemsk\u00fdch jasliach je <em><em>\u201e<\/em>Ten, ktor\u00fd kon\u00e1 to, \u010do hovor\u00ed\u201d.<\/em> On m\u00e1 aj plnos\u0165 Bo\u017eskej m\u00fadrosti a ty Ho nem\u00f4\u017ee\u0161 hodnoti\u0165. M\u00f4\u017ee\u0161 Ho prija\u0165, alebo odmietnu\u0165. M\u00f4\u017ee\u0161 padn\u00fa\u0165 aj dnes pred N\u00edm na kolen\u00e1 a prija\u0165 od Neho <em><em>\u201e<\/em>pokoj, ktor\u00fd prevy\u0161uje ka\u017ed\u00fd rozum\u201d,<\/em> ale nie Ho posudzova\u0165. Oce\u00e1n do malej jamky nepreleje\u0161\u2026 S\u00fa s\u00edce na svete v\u0161elijak\u00ed u\u010ditelia, ale ani jeden z nich nem\u00f4\u017ee o sebe poveda\u0165:<em> <em>\u201e<\/em>Ja som cesta, pravda i \u017eivot\u201d. <\/em>Je\u017ei\u0161 je nie ukazovate\u013e cesty k pravde, ale plnos\u0165 pravdy a plnos\u0165 \u017eivota.<\/p>\n\n\n\n<p>\u00a0 \u00a0 Preto n\u00e1s apo\u0161tol Pavol aj dnes oslovuje:<em> <em>\u201e<\/em>Preto, ako ste prijali Je\u017ei\u0161a, P\u00e1na, v \u0147om \u017eite, zakorenen\u00ed a budovan\u00ed v \u0147om, i upevnen\u00ed vierou, ako ste boli vyu\u010dovan\u00ed\u201d. <\/em>Kto sa d\u00e1 na cestu <em><em>\u201e<\/em>mudr\u00e1ctva a pr\u00e1zdneho m\u00e1menia\u201d<\/em>, nikdy sa v srdci pred Je\u017ei\u0161om nepoklon\u00ed, ale zato sa bude trias\u0165 a poklonkova\u0165 pred \u010dlovekom, pred \u013eu\u010fmi nehodn\u00fdmi a pred mocn\u00fdmi a knie\u017eatami tohoto sveta. A bude tak robi\u0165 aj vtedy, ak t\u00edto na \u010dierne povedia, \u017ee je to biele a naopak.<\/p>\n\n\n\n<p>\u00a0\u00a0 \u00a0 Ak si niekto mysl\u00ed, \u017ee Ten, ktor\u00fd to zo \u0161pinav\u00fdch jasiel v ma\u0161tali <em>\u201e<\/em>dotiahol\u201d iba na drevo kr\u00ed\u017ea, hoci bol vcelku <em>\u201e<\/em>dobr\u00fd \u010dlovek\u201d a preto potrebuje n\u00e1\u0161 s\u00facit, nech nezabudne na Jeho slov\u00e1 jeruzalemsk\u00fdm \u017een\u00e1m: <em><em>\u201e<\/em>Nepla\u010dte nado mnou, ale pla\u010dte rad\u0161ej nad sebou a nad svojimi dietkami\u201d<\/em>\u2026V\u0161etci po\u010dujme Jeho slov\u00e1:<em> <em>\u201e<\/em>Ja som vzkriesenie a \u017eivot..\u201d, ale i \u010fal\u0161ie: <em>\u201e<\/em>Ja som pri\u0161iel, aby ste \u017eivot mali a hojne mali\u201d. <\/em>Preto\u017ee Jeho slov\u00e1 s\u00fa vern\u00e9 a prav\u00e9,<em> <em>\u201e<\/em>rozhoj\u0148ujme sa v dobrore\u010den\u00ed\u201d. <\/em>To, \u010do smieme dnes nanovo po\u010du\u0165 a prija\u0165 je zves\u0165 \u010distej radosti:<em> <em>\u201e<\/em>Nebojte sa! Ve\u010f zvestujem v\u00e1m ve\u013ek\u00fa rados\u0165, ktor\u00e1 bude v\u0161etk\u00e9mu \u013eudu, lebo narodil sa v\u00e1m dnes &#8211; Spasite\u013e, ktor\u00fd je Kristus P\u00e1n\u201d.<\/em><\/p>\n\n\n\n<p><em>\u00a0 <\/em>\u00a0 Ver\u00edm, bratia a sestry, \u017ee pr\u00e1ve z tejto plnosti a z ve\u013ekosti darov, z plnosti pravdy a m\u00fadrosti ste si pri\u0161li op\u00e4\u0165 vzia\u0165 a na\u010drie\u0165 pln\u00fdm priehr\u0161t\u00edm. M\u00f4\u017eme tak urobi\u0165 nielen dnes, ale v\u017edy znovu v celom \u017eivote. Preto, ako hovor\u00ed apo\u0161tol:<em> <em>\u201e<\/em>v \u0147om \u017eite, zakorenen\u00ed a budovan\u00ed v \u0147om\u201d. <\/em>Bu\u010fme v Je\u017ei\u0161ovi, v na\u0161om P\u00e1novi pevne zakorenen\u00ed ako <em><em>\u201e<\/em>strom pri vodn\u00fdch tokoch\u201d<\/em>, aby sme prin\u00e1\u0161ali ve\u013ea ovocia. Budujme svoj \u017eivot na Kristu st\u00e1le, ako dobr\u00fa stavbu s dobr\u00fdm z\u00e1kladom, ktor\u00e1 obstoj\u00ed aj v b\u00farkach a vo v\u00edchrici \u017eivota.<\/p>\n\n\n\n<p>\u00a0 \u00a0 Preto si e\u0161te raz polo\u017eme v\u0161etci ot\u00e1zku:<em> \u010co sme vy\u0161li vidie\u0165 a po\u010du\u0165 v tento ve\u010der sem, do domu Bo\u017eieho?\u00a0 <\/em>Iste nie rozpr\u00e1vanie o nemom, bezmocnom a po\u013eutovaniahodnom Je\u017ei\u0161kovi, ale d\u00f4le\u017eit\u00e9 posolstvo: <em><em>\u201e<\/em>V \u0147om preb\u00fdva v\u0161etka plnos\u0165 bo\u017eskosti telesne\u201d. <\/em>Poznajme a pr\u00edjmime Toho, ktor\u00fd m\u00e1 pre n\u00e1s mno\u017estvo darov a ktor\u00fd chce nielen tento ve\u010der urobi\u0165 pre n\u00e1s \u0161tedr\u00fd a \u0161\u0165astn\u00fd, ale vpravde cel\u00fd n\u00e1\u0161 \u017eivot. Dobrore\u010dme Jeho sv\u00e4t\u00e9mu menu a vyznajme s n\u00e1bo\u017en\u00fdm pevcom:<\/p>\n\n\n\n<p><em><em>\u201e<\/em>Len Tebe srdce d\u00e1vam,<\/em><br><em>Je\u017ei\u0161i m\u00f4j Pane.<\/em><br><em>Tebe sa odovzd\u00e1vam,<\/em><br><em>\u00f3 Die\u0165a premil\u00e9!<\/em><\/p>\n\n\n\n<p><em>Ty srdce moje ne\u010dist\u00e9<\/em><br><em>vezmi a zame\u0148 za \u010dist\u00e9;<\/em><br><em>\u00f3 Je\u017ei\u0161i, Kriste Pane,<\/em><br><em>\u00f3 Die\u0165a premil\u00e9!\u201d (ES 46, 1) <\/em>Amen<\/p>\n\n\n\n<p>&nbsp;&nbsp; &nbsp; &nbsp; &nbsp; &nbsp; &nbsp; &nbsp; &nbsp; &nbsp; &nbsp; &nbsp; \u0160tedr\u00fd ve\u010der &#8211; S+R &#8211; \u013dubom\u00edr Batka st.<\/p>\n\n\n\n<p>OsA 86<\/p>\n\n\n\n<p><\/p>\n","protected":false},"excerpt":{"rendered":"<p>&nbsp; &nbsp; &nbsp; &nbsp; &nbsp; &nbsp; &nbsp; &nbsp; &nbsp; &nbsp; \u010co sme vy\u0161li vidie\u0165 ? &nbsp; &nbsp; &nbsp; &nbsp; &nbsp; &nbsp; &nbsp; &nbsp; &nbsp; &nbsp; &nbsp; &nbsp; &nbsp; &nbsp; &nbsp; &nbsp; &nbsp; &nbsp; &nbsp; &nbsp; &nbsp; &nbsp; &nbsp; &nbsp; &nbsp; &nbsp; Pane, Tys\u2019 pri\u0161iel v pon\u00ed\u017een\u00edPros\u00edme, pr\u00ed\u010f ku n\u00e1m Je\u017ei\u0161i!Boh prav\u00fd, stal si sa synom &#8230; <a title=\"\u010co sme vy\u0161li vidie\u0165?\" class=\"read-more\" href=\"https:\/\/www.e-anjelik.sk\/index.php\/2024\/12\/25\/co-sme-vysli-vidiet\/\" aria-label=\"Pre\u010d\u00edtajte si viac o \u010co sme vy\u0161li vidie\u0165?\">\u010c\u00edta\u0165 viac<\/a><\/p>\n","protected":false},"author":4,"featured_media":0,"comment_status":"open","ping_status":"open","sticky":false,"template":"","format":"standard","meta":{"footnotes":""},"categories":[598,121,6,373,159],"tags":[],"class_list":["post-37554","post","type-post","status-publish","format-standard","hentry","category-vianocne-obdobie","category-kazne","category-myjavsky-seniorat","category-stedry-vecer","category-vianoce"],"_links":{"self":[{"href":"https:\/\/www.e-anjelik.sk\/index.php\/wp-json\/wp\/v2\/posts\/37554","targetHints":{"allow":["GET"]}}],"collection":[{"href":"https:\/\/www.e-anjelik.sk\/index.php\/wp-json\/wp\/v2\/posts"}],"about":[{"href":"https:\/\/www.e-anjelik.sk\/index.php\/wp-json\/wp\/v2\/types\/post"}],"author":[{"embeddable":true,"href":"https:\/\/www.e-anjelik.sk\/index.php\/wp-json\/wp\/v2\/users\/4"}],"replies":[{"embeddable":true,"href":"https:\/\/www.e-anjelik.sk\/index.php\/wp-json\/wp\/v2\/comments?post=37554"}],"version-history":[{"count":3,"href":"https:\/\/www.e-anjelik.sk\/index.php\/wp-json\/wp\/v2\/posts\/37554\/revisions"}],"predecessor-version":[{"id":37561,"href":"https:\/\/www.e-anjelik.sk\/index.php\/wp-json\/wp\/v2\/posts\/37554\/revisions\/37561"}],"wp:attachment":[{"href":"https:\/\/www.e-anjelik.sk\/index.php\/wp-json\/wp\/v2\/media?parent=37554"}],"wp:term":[{"taxonomy":"category","embeddable":true,"href":"https:\/\/www.e-anjelik.sk\/index.php\/wp-json\/wp\/v2\/categories?post=37554"},{"taxonomy":"post_tag","embeddable":true,"href":"https:\/\/www.e-anjelik.sk\/index.php\/wp-json\/wp\/v2\/tags?post=37554"}],"curies":[{"name":"wp","href":"https:\/\/api.w.org\/{rel}","templated":true}]}}