{"id":3757,"date":"2011-09-02T09:58:14","date_gmt":"2011-09-02T09:58:14","guid":{"rendered":"http:\/\/e-anjelik.sk\/?p=3757"},"modified":"2011-09-02T09:58:14","modified_gmt":"2011-09-02T09:58:14","slug":"zasadnutie-konferencie-biskupov-finska","status":"publish","type":"post","link":"https:\/\/www.e-anjelik.sk\/index.php\/2011\/09\/02\/zasadnutie-konferencie-biskupov-finska\/","title":{"rendered":"Zasadnutie Konferencie biskupov F\u00ednska"},"content":{"rendered":"<p>13. a 14. septembra t.r. bude&nbsp;v cirkevno- zborovom stredisku Salo zasadnutie Konferencie biskupov Evanjelicko-luter&aacute;nskej cirkvi F&iacute;nska. Na programe biskupov bud&uacute; tri hlavn&eacute; body: &uacute;lohy cirkvi do roku 2020, reforma diakon&aacute;tu a vz\u0165ah cirkvi k pris\u0165ahovalcom. Konferenciu tvor&iacute; arcibiskup, dev&auml;\u0165 biskupov z diec&eacute;z, vojensk&yacute; biskup a po jednom pr&iacute;sediacom z ka\u017edej kapituly. Predsedaj&uacute;cim Konferencie je arcibiskup.<\/p>\n<p>(evl.fi)<\/p>\n","protected":false},"excerpt":{"rendered":"<p>13. a 14. septembra t.r. bude&nbsp;v cirkevno- zborovom stredisku Salo zasadnutie Konferencie biskupov Evanjelicko-luter&aacute;nskej cirkvi F&iacute;nska. Na programe biskupov bud&uacute; tri hlavn&eacute; body: &uacute;lohy cirkvi do roku 2020, reforma diakon&aacute;tu a vz\u0165ah cirkvi k pris\u0165ahovalcom. Konferenciu tvor&iacute; arcibiskup, dev&auml;\u0165 biskupov z diec&eacute;z, vojensk&yacute; biskup a po jednom pr&iacute;sediacom z ka\u017edej kapituly. Predsedaj&uacute;cim Konferencie je arcibiskup. &#8230; <a title=\"Zasadnutie Konferencie biskupov F\u00ednska\" class=\"read-more\" href=\"https:\/\/www.e-anjelik.sk\/index.php\/2011\/09\/02\/zasadnutie-konferencie-biskupov-finska\/\" aria-label=\"Pre\u010d\u00edtajte si viac o Zasadnutie Konferencie biskupov F\u00ednska\">\u010c\u00edta\u0165 viac<\/a><\/p>\n","protected":false},"author":22,"featured_media":0,"comment_status":"open","ping_status":"open","sticky":false,"template":"","format":"standard","meta":{"footnotes":""},"categories":[9,10],"tags":[],"class_list":["post-3757","post","type-post","status-publish","format-standard","hentry","category-europa","category-zo-sveta"],"_links":{"self":[{"href":"https:\/\/www.e-anjelik.sk\/index.php\/wp-json\/wp\/v2\/posts\/3757","targetHints":{"allow":["GET"]}}],"collection":[{"href":"https:\/\/www.e-anjelik.sk\/index.php\/wp-json\/wp\/v2\/posts"}],"about":[{"href":"https:\/\/www.e-anjelik.sk\/index.php\/wp-json\/wp\/v2\/types\/post"}],"author":[{"embeddable":true,"href":"https:\/\/www.e-anjelik.sk\/index.php\/wp-json\/wp\/v2\/users\/22"}],"replies":[{"embeddable":true,"href":"https:\/\/www.e-anjelik.sk\/index.php\/wp-json\/wp\/v2\/comments?post=3757"}],"version-history":[{"count":0,"href":"https:\/\/www.e-anjelik.sk\/index.php\/wp-json\/wp\/v2\/posts\/3757\/revisions"}],"wp:attachment":[{"href":"https:\/\/www.e-anjelik.sk\/index.php\/wp-json\/wp\/v2\/media?parent=3757"}],"wp:term":[{"taxonomy":"category","embeddable":true,"href":"https:\/\/www.e-anjelik.sk\/index.php\/wp-json\/wp\/v2\/categories?post=3757"},{"taxonomy":"post_tag","embeddable":true,"href":"https:\/\/www.e-anjelik.sk\/index.php\/wp-json\/wp\/v2\/tags?post=3757"}],"curies":[{"name":"wp","href":"https:\/\/api.w.org\/{rel}","templated":true}]}}