{"id":37583,"date":"2024-12-30T20:51:00","date_gmt":"2024-12-30T19:51:00","guid":{"rendered":"https:\/\/www.e-anjelik.sk\/?p=37583"},"modified":"2025-01-02T10:24:55","modified_gmt":"2025-01-02T09:24:55","slug":"vecerne-vianocne-premyslanie","status":"publish","type":"post","link":"https:\/\/www.e-anjelik.sk\/index.php\/2024\/12\/30\/vecerne-vianocne-premyslanie\/","title":{"rendered":"Ve\u010dern\u00e9 viano\u010dn\u00e9 prem\u00fd\u0161\u013eanie"},"content":{"rendered":"\n<p><em>&nbsp;&nbsp; &nbsp; &nbsp; &nbsp; &nbsp; &nbsp; &nbsp; <\/em><strong>&nbsp; &nbsp; &nbsp; Ve\u010dern\u00e9 viano\u010dn\u00e9 prem\u00fd\u0161\u013eanie&nbsp;<\/strong><\/p>\n\n\n\n<p><em>Pastieri, pastieri,<\/em><\/p>\n\n\n\n<p><em>zbaven\u00ed nevery, &#8211;<\/em><\/p>\n\n\n\n<p><em>len v\u00e1\u0161ho ducha \u010das\u0165,<\/em><\/p>\n\n\n\n<p><em>v tom duchu chceme vzr\u00e1s\u0165,<\/em><\/p>\n\n\n\n<p><em>\u00eds\u0165 v tich\u00fd Betlehem,<\/em><\/p>\n\n\n\n<p><em>v\u0161ak smutn\u00e1 t\u00e1to zem.<\/em><\/p>\n\n\n\n<p><em>\u00d3, ve\u010f n\u00e1s, Bo\u017ee s\u00e1m<\/em><\/p>\n\n\n\n<p><em>v ma\u0161ta\u013eku, k jasli\u010dk\u00e1m!&nbsp; Amen&nbsp; (M.R.)<\/em><\/p>\n\n\n\n<p><strong>\u017d 104, 1 &#8211; 2, 31, 33 &#8211; 34:<br><\/strong><em>\u201e\u00d3, Hospodine, Bo\u017ee m\u00f4j, si ve\u013emi ve\u013ek\u00fd!<\/em><\/p>\n\n\n\n<p><em>Priodel si sa n\u00e1dherou a velebou,<\/em><\/p>\n\n\n\n<p><em>(2) hal\u00ed\u0161 sa do svetla ako do r\u00facha,<\/em><\/p>\n\n\n\n<p><em>rozp\u00edna\u0161 nebo ako stan.<\/em><\/p>\n\n\n\n<p><em>(31) Naveky sl\u00e1va Hospodinu!<\/em><\/p>\n\n\n\n<p><em>Nech sa raduje Hospodin zo svojich diel!<\/em><\/p>\n\n\n\n<p><em>(33) Spieva\u0165 chcem Hospodinu dokia\u013e \u017eijem,<\/em><\/p>\n\n\n\n<p><em>hra\u0165 svojmu Bohu, dokia\u013e tu budem.<\/em><\/p>\n\n\n\n<p><em>(34) Nech Mu je mil\u00e9 moje prem\u00fd\u0161\u013eanie!<\/em><\/p>\n\n\n\n<p><em>Ja sa budem radova\u0165 v Hospodinu.\u201d &nbsp;<\/em><\/p>\n\n\n\n<p><em>Haleluja!<\/em><\/p>\n\n\n\n<p><em>Amen&nbsp;<\/em><\/p>\n\n\n\n<p><em>&nbsp;&nbsp; &nbsp; &nbsp; &nbsp; &nbsp; &nbsp; &nbsp; <\/em>&nbsp; Mil\u00ed bratia a sestry!<\/p>\n\n\n\n<p>\u00a0\u00a0 V dne\u0161n\u00fd sviato\u010dn\u00fd ve\u010der sa e\u0161te raz spolo\u010dne zhroma\u017e\u010fujeme na slu\u017eb\u00e1ch Bo\u017e\u00edch, aby sme <em>\u201epo\u010fakovali v\u0161etci spolu P\u00e1nu a n\u00e1\u0161mu Bohu\u201d , <\/em>aby sme Mu dobrore\u010dili a oslavovali Jeho moc, milos\u0165 a l\u00e1sku. Sl\u00fa\u017eia n\u00e1m k tomu najm\u00e4 na\u0161e kr\u00e1sne viano\u010dn\u00e9 piesne. Sotva si vieme predstavi\u0165 Vianoce bez spevu.<\/p>\n\n\n\n<p>Bez nich by bola na\u0161a oslava nev\u00fdrazn\u00e1 a f\u00e1dna. My v\u0161ak chceme osl\u00e1vi\u0165 P\u00e1na Boha, n\u00e1\u0161ho nebesk\u00e9ho Otca a Stvorite\u013ea i naroden\u00e9ho Syna Bo\u017eieho najlep\u0161ie, ako vieme a dok\u00e1\u017eeme. Preto siahame po na\u0161ich kr\u00e1snych duchovn\u00fdch pies\u0148ach z Kancion\u00e1la a zo Spevn\u00edka. V dom\u00e1cnostiach znej\u00fa aj \u013eudov\u00e9 koledy, piesne pastierov, ktor\u00fdmi sa pozemsk\u00ed pastieri prizn\u00e1vaj\u00fa k Dobr\u00e9mu Pastierovi na\u0161ich du\u0161\u00ed. Komu je Hospodin Pastierom, nem\u00e1 v ni\u010dom nedostatku, vyznal \u017ealmista v 23. \u017ealme. V t\u00fdchto slov\u00e1ch je s\u00favis aj s \u00favodn\u00fdmi slovami 104. \u017ealmu.<em> \u201eDobrore\u010d du\u0161a moja Hospodinu! \u00d3 Hospodine, Bo\u017ee m\u00f4j, si ve\u013emi ve\u013ek\u00fd\u201d!\u00a0<\/em><\/p>\n\n\n\n<p><em>\u00a0\u00a0 <\/em>D\u00f4vodom oslavy Hospodina je pre \u017ealmistu predov\u0161etk\u00fdch stvorite\u013esk\u00e9 Bo\u017eie dielo. To, \u010do Hospodin svoj\u00edm slovom stvoril a st\u00e1le zachov\u00e1va a obnovuje pre \u010dloveka. O stvorite\u013eskom Bo\u017eom diele \u010dlovek vie ve\u013ea a jeho pozn\u00e1vanie ho nap\u013a\u0148a \u00fa\u017easom a v\u010fakou.<\/p>\n\n\n\n<p>\u00a0 \u017dalmista si v\u0161ak uvedomuje, \u017ee k stvorite\u013esk\u00e9mu dielu Bo\u017eiemu patr\u00ed nielen to, \u010do m\u00f4\u017eme nazva\u0165 \u201ezemou\u201d, ako miesto ur\u010den\u00e9 pre \u010dloveka, ale je to aj miesto ur\u010den\u00e9 aj pre Bo\u017eie preb\u00fdvanie. On preb\u00fdva v<em> \u201enepr\u00edstupnom svetle\u201d<\/em> a \u017ealmista vyzn\u00e1va: <em>\u201epriodel si sa n\u00e1dherou a velebou\u201d<\/em>. Nazna\u010duje tak nebesk\u00e9 preb\u00fdv\u00e1vanie Bo\u017eie v Bo\u017eom svetle, ktor\u00e9 v\u0161ak \u010dlovek nevid\u00ed a nem\u00f4\u017ee o\u010dami vidie\u0165 a pozna\u0165. Tak je nazna\u010den\u00e1 Bo\u017eia skrytos\u0165 a ve\u013ekos\u0165.<em> \u201eHal\u00ed\u0161 sa do svetla s\u0165a do r\u00facha, rozp\u00edna\u0161 nebo ako stan\u201d .<\/em><\/p>\n\n\n\n<p><em>\u00a0\u00a0 <\/em>Len\u017ee pr\u00e1ve Vianoce smieme nazva\u0165 aj sviatkami svetla, preto\u017ee v nich sa pre n\u00e1s <em>\u201eotvorilo nebo\u201d <\/em>a \u201e<em>svetlo rozlieva sa\u201d <\/em>do sveta. Prich\u00e1dza do ka\u017edej tmy zvl\u00e1\u0161tne, jedine\u010dn\u00e9 svetlo, do ktor\u00e9ho smieme h\u013eadie\u0165 bez strachu a ob\u00e1v. Vianoce hl\u00e1saj\u00fa, \u017ee Hospodin sa n\u00e1m vyjavil a vyjavuje v betlehemskom Die\u0165ati, ktor\u00e9 je <em>\u201eprav\u00e9 svetlo sveta<\/em>\u201d. Takto stvorite\u013esk\u00e9 Bo\u017eie dielo pokra\u010duje dielom vyk\u00fapenia sveta a \u010dloveka. V tomto nebeskom svetle zaznel aj sl\u00e1vospev anjelov, nebesk\u00fdch poslov. <em>\u201eSl\u00e1va na v\u00fdsostiach Bohu a na zemi pokoj \u013eu\u010fom dobrej v\u00f4le.<\/em><\/p>\n\n\n\n<p><em>\u00a0\u00a0 <\/em>Na tomto vyjaven\u00ed Bo\u017eej sl\u00e1vy smieme ma\u0165 \u00fa\u010das\u0165 aj my. A tak, ako \u017ealmista hovor\u00ed s v\u010fakou a dobrore\u010den\u00edm:<em> \u201eSpieva\u0165 chcem Hospodinu, dokia\u013e \u017eijem, hra\u0165 svojmu Bohu dokia\u013e tu budem\u201d<\/em>, tak chceme vyzna\u0165 a vyzn\u00e1va\u0165 aj my, so v\u0161etk\u00fdmi vyk\u00fapen\u00fdmi.<\/p>\n\n\n\n<p>Stoto\u017e\u0148ujeme sa so slovami \u017ealmistu aj vtedy, ke\u010f mysl\u00edme nielen na stvorite\u013esk\u00e9 dielo, ale aj na po\u010diatok n\u00e1\u0161ho vyk\u00fapenia. Je to div v na\u0161ich o\u010diach, ktor\u00fd oslavujeme v\u017edy znova budeme ho sl\u00e1vi\u0165 aj na nebesiach ve\u010dne. <em>\u201eSpieva\u0165 chcem Hospodinu, dokia\u013e \u017eijem, hra\u0165 svojmu Bohu, dokia\u013e tu budem\u201d, <\/em>vyzn\u00e1va \u017ealmista a to je aj na\u0161a snaha a t\u00fa\u017eba. Podobne, ako n\u00e1m pripom\u00edna jedna kr\u00e1sna koleda, \u017ee:<em> \u201e\u2026 pastieri Mu hraj\u00fa, kr\u00e1li prich\u00e1dzaj\u00fa, o tom dive rozpr\u00e1vaj\u00fa<\/em>\u201d, podobne hovor\u00ed aj \u017ealmista.<em> \u201eNech mu\u00a0 je mil\u00e9 moje prem\u00fd\u0161\u013eanie! Ja sa budem radova\u0165 v Hospodinu\u201d.<\/em><\/p>\n\n\n\n<p>&nbsp;&nbsp; Preto pokra\u010duje oslava narodenia n\u00e1\u0161ho Spasite\u013ea a Vykupite\u013ea aj v t\u00fato ve\u010dern\u00fa chv\u00ed\u013eu a nech n\u00e1m P\u00e1n Boh z milosti popraje mo\u017enos\u0165 radova\u0165 sa, spieva\u0165 Mu a hra\u0165 v \u010dasnosti i vo ve\u010dnosti\u201d.<\/p>\n\n\n\n<p>&nbsp; &nbsp; &nbsp; &nbsp; &nbsp; &nbsp; &nbsp; &nbsp; &nbsp; &nbsp; &nbsp; &nbsp; &nbsp; &nbsp; &nbsp; &nbsp; &nbsp; &nbsp; &nbsp; &nbsp; &nbsp; &nbsp; &nbsp; &nbsp; &nbsp; &nbsp; &nbsp; &nbsp; &nbsp; &nbsp; &nbsp; &nbsp; &nbsp; &nbsp; &nbsp; &nbsp; &nbsp; &nbsp; &nbsp; &nbsp; &nbsp; &nbsp; &nbsp; &nbsp; &nbsp; Amen<\/p>\n\n\n\n<p>\u00a0\u00a0 \u00a0 \u00a0 \u00a0 \u00a0 \u00a0 \u00a0 \u00a0 Ve\u010dern\u00e9 \u201eprem\u00fd\u0161\u013eanie\u201c na 1.sl\u00e1vnos\u0165 viano\u010dn\u00fa<\/p>\n\n\n\n<p>&nbsp;&nbsp; &nbsp; &nbsp; &nbsp; &nbsp; &nbsp; &nbsp; &nbsp; &nbsp; &nbsp; &nbsp; &nbsp; &nbsp; &nbsp; &nbsp; &nbsp; &nbsp; &nbsp; &nbsp; &nbsp; &nbsp; &nbsp; &nbsp; &nbsp; &nbsp; &nbsp; &nbsp; &nbsp; &nbsp; &nbsp; &nbsp; &nbsp; &nbsp; &nbsp; &nbsp; &nbsp; &nbsp; &nbsp; &nbsp; &nbsp; &nbsp; &nbsp; \u013dubom\u00edr Batka st.<\/p>\n\n\n\n<p>OsA 86<\/p>\n","protected":false},"excerpt":{"rendered":"<p>&nbsp;&nbsp; &nbsp; &nbsp; &nbsp; &nbsp; &nbsp; &nbsp; &nbsp; &nbsp; &nbsp; Ve\u010dern\u00e9 viano\u010dn\u00e9 prem\u00fd\u0161\u013eanie&nbsp; Pastieri, pastieri, zbaven\u00ed nevery, &#8211; len v\u00e1\u0161ho ducha \u010das\u0165, v tom duchu chceme vzr\u00e1s\u0165, \u00eds\u0165 v tich\u00fd Betlehem, v\u0161ak smutn\u00e1 t\u00e1to zem. \u00d3, ve\u010f n\u00e1s, Bo\u017ee s\u00e1m v ma\u0161ta\u013eku, k jasli\u010dk\u00e1m!&nbsp; Amen&nbsp; (M.R.) \u017d 104, 1 &#8211; 2, 31, 33 &#8211; 34:\u201e\u00d3, &#8230; <a title=\"Ve\u010dern\u00e9 viano\u010dn\u00e9 prem\u00fd\u0161\u013eanie\" class=\"read-more\" href=\"https:\/\/www.e-anjelik.sk\/index.php\/2024\/12\/30\/vecerne-vianocne-premyslanie\/\" aria-label=\"Pre\u010d\u00edtajte si viac o Ve\u010dern\u00e9 viano\u010dn\u00e9 prem\u00fd\u0161\u013eanie\">\u010c\u00edta\u0165 viac<\/a><\/p>\n","protected":false},"author":4,"featured_media":0,"comment_status":"open","ping_status":"open","sticky":false,"template":"","format":"standard","meta":{"footnotes":""},"categories":[606,121,6,159],"tags":[],"class_list":["post-37583","post","type-post","status-publish","format-standard","hentry","category-1-sviatok-vianocny","category-kazne","category-myjavsky-seniorat","category-vianoce"],"_links":{"self":[{"href":"https:\/\/www.e-anjelik.sk\/index.php\/wp-json\/wp\/v2\/posts\/37583","targetHints":{"allow":["GET"]}}],"collection":[{"href":"https:\/\/www.e-anjelik.sk\/index.php\/wp-json\/wp\/v2\/posts"}],"about":[{"href":"https:\/\/www.e-anjelik.sk\/index.php\/wp-json\/wp\/v2\/types\/post"}],"author":[{"embeddable":true,"href":"https:\/\/www.e-anjelik.sk\/index.php\/wp-json\/wp\/v2\/users\/4"}],"replies":[{"embeddable":true,"href":"https:\/\/www.e-anjelik.sk\/index.php\/wp-json\/wp\/v2\/comments?post=37583"}],"version-history":[{"count":2,"href":"https:\/\/www.e-anjelik.sk\/index.php\/wp-json\/wp\/v2\/posts\/37583\/revisions"}],"predecessor-version":[{"id":37596,"href":"https:\/\/www.e-anjelik.sk\/index.php\/wp-json\/wp\/v2\/posts\/37583\/revisions\/37596"}],"wp:attachment":[{"href":"https:\/\/www.e-anjelik.sk\/index.php\/wp-json\/wp\/v2\/media?parent=37583"}],"wp:term":[{"taxonomy":"category","embeddable":true,"href":"https:\/\/www.e-anjelik.sk\/index.php\/wp-json\/wp\/v2\/categories?post=37583"},{"taxonomy":"post_tag","embeddable":true,"href":"https:\/\/www.e-anjelik.sk\/index.php\/wp-json\/wp\/v2\/tags?post=37583"}],"curies":[{"name":"wp","href":"https:\/\/api.w.org\/{rel}","templated":true}]}}