{"id":37587,"date":"2024-12-30T20:55:23","date_gmt":"2024-12-30T19:55:23","guid":{"rendered":"https:\/\/www.e-anjelik.sk\/?p=37587"},"modified":"2025-01-02T10:22:06","modified_gmt":"2025-01-02T09:22:06","slug":"laska-nebeskeho-otca-prevysuje-aj-lasku-matiek","status":"publish","type":"post","link":"https:\/\/www.e-anjelik.sk\/index.php\/2024\/12\/30\/laska-nebeskeho-otca-prevysuje-aj-lasku-matiek\/","title":{"rendered":"L\u00e1ska nebesk\u00e9ho Otca prevy\u0161uje aj l\u00e1sku matiek"},"content":{"rendered":"\n<p><em>&nbsp; &nbsp; &nbsp; &nbsp; &nbsp; &nbsp;<\/em><strong> L\u00e1ska nebesk\u00e9ho Otca prevy\u0161uje aj l\u00e1sku matiek<\/strong><\/p>\n\n\n\n<p><em>Prive\u010f ma, Kriste, k \u017eivej viere,<\/em><\/p>\n\n\n\n<p><em>by som bol Tvoj\u00edm v ka\u017edom smere &#8211;<\/em><\/p>\n\n\n\n<p><em>O Tebe sved\u010dil, s Tebou \u017eil<\/em><\/p>\n\n\n\n<p><em>hriechu a zlu som nesl\u00fa\u017eil!<\/em><\/p>\n\n\n\n<p><em>Prive\u010f ma, Kriste, k \u017eivej viere,<\/em><\/p>\n\n\n\n<p><em>Rozrados\u0165 srdce, otvor dvere,<\/em><\/p>\n\n\n\n<p><em>V r\u00ed\u0161u, kde mizn\u00fa n\u00e1reky\u2026<\/em><\/p>\n\n\n\n<p><em>Vo svetle \u017ei\u0165 daj naveky!&nbsp; Amen (M.R.)<\/em><\/p>\n\n\n\n<p><strong>Iz 49, 13 &#8211; 16:<\/strong><\/p>\n\n\n\n<p><strong>\u00a0\u00a0 <\/strong><em>\u201eJasajte, nebes\u00e1; zaplesaj zem! Dajte sa do jasotu vrchy, lebo Hospodin pote\u0161il svoj \u013eud a zmiloval sa nad svojimi biednymi. (14) Ale Sion povedal: Opustil ma Hospodin a P\u00e1n zabudol na m\u0148a! (15) \u010ci zabudne \u017eena na svoje nemluv\u0148a a nez\u013eutuje a nad synom, ktor\u00e9ho zrodila? Keby aj ony pozabudli, ja na teba nezabudnem. (16) Ajh\u013ea, do dlan\u00ed som si \u0165a vyryl, tvoje hradby s\u00fa ustavi\u010dne predo mnou.\u201d Amen<\/em><\/p>\n\n\n\n<p><em>&nbsp;<\/em> &nbsp; &nbsp; Mil\u00ed bratia a sestry v P\u00e1novi!<\/p>\n\n\n\n<p>\u00a0\u00a0 Dne\u0161n\u00e1 \u201eNede\u013ea po Vianociach\u201d m\u00e1 zvl\u00e1\u0161tne postavenie v behu cirkevn\u00e9ho roku a svoje zvl\u00e1\u0161tne zameranie. Dopad\u00e1 na \u0148u svetlo Vianoc a s\u00fa\u010dasne si s ur\u010ditou nostalgiou uvedomujeme, \u017ee je to posledn\u00e1 nede\u013ea v tomto kalend\u00e1rnom roku. Vedie n\u00e1s to k dvojn\u00e1sobn\u00e9mu zamysleniu. Prv\u00fdm je ot\u00e1zka, ako sme pre\u017eili uplynul\u00e9 sviato\u010dn\u00e9 dni Vianoc?\u00a0Priniesli n\u00e1m povzbudenie vo viere, alebo odch\u00e1dzame sklaman\u00ed? T\u00fdm druh\u00fdm je zamyslenie, ako sme pre\u017eili a zasv\u00e4tili v\u0161etky uplynul\u00e9 nedele roku, ktor\u00e9 n\u00e1m P\u00e1n Boh daroval?<\/p>\n\n\n\n<p>\u00a0 \u00a0 V spomienkach prelietame mnoh\u00e9 po\u017eehnan\u00e9 okamihy v kon\u010diacom sa roku, ale mysl\u00edme aj na chv\u00edle v\u00e1\u017ene a mo\u017eno aj bo\u013eav\u00e9. Na v\u0161etky dopad\u00e1 st\u00e1le svetlo viano\u010dn\u00fdch sviatkov a posolstvo z neba: <em>\u201eNebojte sa, ve\u010f narodil sa v\u00e1m dnes Spasite\u013e\u2026\u201d. <\/em>Toto posolstvo je tak v\u00fdnimo\u010dn\u00e9 a kr\u00e1sne, \u017ee pre\u017eiaruje aj tie v\u00e1\u017ene a \u0165a\u017ek\u00e9 chv\u00edle svetlom a pokojom z neba. Mo\u017eno poveda\u0165, \u017ee kres\u0165an m\u00e1 v\u017edy d\u00f4vod k radosti a plesaniu.<\/p>\n\n\n\n<p>\u00a0 \u00a0 K tomuto poznaniu n\u00e1s dnes vedie pre\u010d\u00edtan\u00e9 Bo\u017eie slovo oznamovan\u00e9 prorokom Izai\u00e1\u0161om.<em> \u201eJasajte, nebes\u00e1; zaplesaj zem! Dajte sa do jasotu vrchy, lebo Hospodin pote\u0161il svoj \u013eud a zmiloval sa nad svojimi biednymi\u201d.<\/em><\/p>\n\n\n\n<p>&nbsp; &nbsp; Prijatie tejto v\u00fdzvy znamen\u00e1: <strong>Rados\u0165 v cirkvi st\u00e1le trv\u00e1!<\/strong><\/p>\n\n\n\n<ol class=\"wp-block-list\">\n<li><strong><em>lebo s\u00e1m P\u00e1n Boh n\u00e1s pote\u0161uje<\/em><\/strong><\/li>\n\n\n\n<li><strong><em>a neprestajne n\u00e1m svoju milos\u0165 daruje<\/em>&nbsp; &nbsp; &nbsp; &nbsp;<\/strong><\/li>\n<\/ol>\n\n\n\n<p><strong>&nbsp;&nbsp;<\/strong> Bratia a sestry!<\/p>\n\n\n\n<p>\u00a0\u00a0 Rados\u0165 v cirkvi m\u00e1 trva\u0165 m\u00f4\u017ee trva\u0165 st\u00e1le. Iste, m\u00e1me aj my kres\u0165ania pre\u017e\u00edvame mnoh\u00e9 d\u00f4vody, kedy sa dokonca neubr\u00e1nime slz\u00e1m a sm\u00fatku. A predsa, pr\u00e1ve tu, uprostred rozli\u010dn\u00fdch sk\u00fa\u0161ok \u017eivota a prostred na\u0161ich z\u00e1rmutkov sa dokazuje a m\u00f4\u017ee dok\u00e1za\u0165 hodnota viano\u010dnej radosti. Treba pam\u00e4ta\u0165 a uvedomi\u0165 si: \u201e<em>Narodil sa n\u00e1m Spasite\u013e\u201d! <\/em>Narodil sa n\u00e1m Pomocn\u00edk, Z\u00e1chranca. Nie sme nikdy sami, lebo s nami je Imanuel, P\u00e1n Boh v Je\u017ei\u0161ovi. \u00a0<\/p>\n\n\n\n<p>&nbsp;&nbsp; &nbsp; M\u00f4\u017eeme sa ut\u00ed\u0161i\u0165, rozradosti\u0165 a upokoji\u0165 aj \u0165a\u017ekostiach a sk\u00fa\u0161kach \u017eivota. Vianoce n\u00e1m pripom\u00ednaj\u00fa, \u017ee P\u00e1n Boh na n\u00e1s nezabudol a nezab\u00fada.<\/p>\n\n\n\n<p>&nbsp; Nepochybne, aj \u013eud Izraela mal rovnak\u00e9 sk\u00fasenosti, \u017ee \u017eiv\u00fd Boh je s n\u00edm. Skrze prorock\u00e9 slovo prij\u00edmal pote\u0161enie a povzbudenie aj v babylonskom zajat\u00ed, v cudzom prostred\u00ed a v rozli\u010dn\u00fdch \u0165a\u017ekostiach.<\/p>\n\n\n\n<p>Napriek tomu v\u0161etk\u00e9mu mohol sk\u00fasi\u0165, \u017ee Hospodin je vern\u00fd a m\u00e1 v\u017edy pote\u0161enie pre svoj \u013eud.<\/p>\n\n\n\n<p>&nbsp;&nbsp; P\u00e1n Boh aj n\u00e1s pote\u0161uje a to e\u0161te \u00fa\u010dinnej\u0161ie a trvalej\u0161ie, ak\u00fdm bolo vyslobodenie z babylonsk\u00e9ho zemsk\u00e9ho otroctva. Rados\u0165 z pr\u00edchodu Mesi\u00e1\u0161a pre\u017e\u00edvala silne nielen betlehemsk\u00e1 rodina, ale aj staru\u010dk\u00fd Simenon a proroky\u0148a Anna, ako to zaznelo z ich chv\u00e1lospevu. \u010cakali sp\u00e1su Izraela verne a napokon sa aj do\u010dkali.<\/p>\n\n\n\n<p>Preto sa aj ich srdcia rozospievali chv\u00e1lospevom, aj ke\u010f si uvedomovali, \u017ee sa na zemi s pr\u00edchodom Mesi\u00e1\u0161a pribl\u00ed\u017eil koniec ich zemsk\u00e9ho putovania.<\/p>\n\n\n\n<p>&nbsp;&nbsp; Ak sa mo\u017eno aj n\u00e1\u0161 \u017eivot pribl\u00ed\u017ei ku koncu, vieme kam ideme a smerujem, ak sme uverili a prijali P\u00e1na Je\u017ei\u0161a Krista ako Spasite\u013ea.<\/p>\n\n\n\n<p>2. Bratia a sestry v P\u00e1novi!<\/p>\n\n\n\n<p>\u00a0 \u00a0 Rados\u0165 v cirkvi st\u00e1le trv\u00e1, lebo s\u00e1m P\u00e1n Boh n\u00e1m svoju milos\u0165 neprestajne daruje. Rados\u0165 ozn\u00e1men\u00e1 a zvestovan\u00e1 Bo\u017e\u00edm poslom patr\u00ed v\u0161etk\u00e9mu \u013eudu. Re\u00e1lne sa ale prejav\u00ed tam, kde s\u00fa \u013eudia <em>pokorn\u00ed v srdci a v duchu. <\/em>Toti\u017e tam, kde skuto\u010dne spozn\u00e1vaj\u00fa, \u017ee potrebuj\u00fa Spasite\u013ea a Vykupite\u013ea z hriechov. Kde nie s\u00fa namyslen\u00ed a py\u0161n\u00ed na seba a svoje skutky. Kde s\u00fa blahoslaven\u00ed preto, lebo s\u00fa pod\u013ea P\u00e1novho slova<em> \u201epokorn\u00ed v duchu, lebo ich je kr\u00e1\u013eovstvo nebesk\u00e9\u201d.\u00a0<\/em><\/p>\n\n\n\n<p>\u00a0 Pokorn\u00fdm, kaj\u00facim \u013eu\u010fom P\u00e1n Boh znovu a znovu svoju milos\u0165 daruje. Na druhej strane plat\u00ed, \u017ee <em>\u201eBoh sa py\u0161n\u00fdm protiv\u00ed, ale pokorn\u00fdm d\u00e1va milos\u0165\u201d.<\/em><\/p>\n\n\n\n<p><em>\u00a0\u00a0 <\/em>Ako pr\u00edklad veriaceho \u010dloveka, pln\u00e9ho Ducha a m\u00fadrosti sme si pripomenuli mu\u010den\u00edka \u0160tefana a mnoh\u00fdch in\u00fdch veriacich \u013eud\u00ed. Iste medzi nich patr\u00ed aj apo\u0161tol Pavel, ktor\u00fd vyznal: <em>\u201eZ milosti Bo\u017eej som to, \u010do som a Jeho milos\u0165 nebola pri mne daromn\u00e1\u201d.<\/em><\/p>\n\n\n\n<p><em>&nbsp;<\/em>&nbsp; Samozrejme, nie v\u0161etci a nie v\u017edy si \u013eudia t\u00fato Bo\u017eiu milos\u0165 a pomoc uvedomuj\u00fa a d\u00f4verou ju prij\u00edmaj\u00fa. Dokladom toho je aj \u017ealostenie a obvi\u0148ovanie P\u00e1na Boha zo strany SZ \u013eudu Bo\u017eieho:&nbsp;<\/p>\n\n\n\n<p><em> \u201eAle Sion povedal: Opustil ma Hospodin a P\u00e1n zabudol na m\u0148a!\u201d<\/em><\/p>\n\n\n\n<p><em>&nbsp; <\/em>&nbsp; Prorok Izai\u00e1\u0161 v\u0161ak pripom\u00edna klesaj\u00facim vo viere a pochybuj\u00facim v s\u00fa\u017een\u00ed, \u017ee Hospodin je vern\u00fd. On pln\u00ed svoje slovo, pln\u00ed verne svoje zas\u013e\u00fabenia. Izai\u00e1\u0161 to vyjadril prenikav\u00fdm pr\u00edkladom:&nbsp;<\/p>\n\n\n\n<p><em>\u201e\u010ci zabudne \u017eena na svoje nemluv\u0148a a nez\u013eutuje sa nad synom, ktor\u00e9ho zrodila? Keby ony aj pozabudli, ja na teba nezabudnem\u201d.\u00a0<\/em><\/p>\n\n\n\n<p>&nbsp;V\u00fdnimo\u010dne sa m\u00f4\u017ee sta\u0165, \u017ee nejak\u00e1 matka zabudne nas\u00fdti\u0165, alebo chr\u00e1ni\u0165 svoje die\u0165a, ktor\u00e9 zrodila. Ale Otcova l\u00e1ska a milos\u0165 je trval\u00e1, st\u00e1le a ist\u00e1.&nbsp;<\/p>\n\n\n\n<p><em>\u00a0 \u00a0<\/em> Nede\u013ea po Vianociach je akoby v\u00fdkri\u010dn\u00edkom za posolstvom \u0160tedr\u00e9ho ve\u010dera a Bo\u017eieho narodenia:<em> \u201eKeby ony aj pozabudli, ja teba nezabudnem. Ajh\u013ea, do dlan\u00ed som si \u0165a vyryl, tvoje hradby s\u00fa ustavi\u010dne predo mnou\u201d.\u00a0<\/em><\/p>\n\n\n\n<p><em>&nbsp;&nbsp; <\/em>Aj my si zachovajme v srdciach st\u00e1le viano\u010dn\u00e9 posolstvo a s n\u00edm aj prav\u00fa viano\u010dn\u00fa rados\u0165, ktorou n\u00e1s s\u00e1m P\u00e1n Boh pote\u0161uje a neprestajne n\u00e1m svoju milos\u0165 daruje. Amen<\/p>\n\n\n\n<p>&nbsp; &nbsp; &nbsp; &nbsp; &nbsp; &nbsp; &nbsp; &nbsp; &nbsp; Nede\u013ea po Vianociach &#8211; \u013dubom\u00edr Batka st.&nbsp;<\/p>\n\n\n\n<p>OsA 86<\/p>\n\n\n\n<p><\/p>\n","protected":false},"excerpt":{"rendered":"<p>&nbsp; &nbsp; &nbsp; &nbsp; &nbsp; &nbsp; L\u00e1ska nebesk\u00e9ho Otca prevy\u0161uje aj l\u00e1sku matiek Prive\u010f ma, Kriste, k \u017eivej viere, by som bol Tvoj\u00edm v ka\u017edom smere &#8211; O Tebe sved\u010dil, s Tebou \u017eil hriechu a zlu som nesl\u00fa\u017eil! Prive\u010f ma, Kriste, k \u017eivej viere, Rozrados\u0165 srdce, otvor dvere, V r\u00ed\u0161u, kde mizn\u00fa n\u00e1reky\u2026 Vo svetle &#8230; <a title=\"L\u00e1ska nebesk\u00e9ho Otca prevy\u0161uje aj l\u00e1sku matiek\" class=\"read-more\" href=\"https:\/\/www.e-anjelik.sk\/index.php\/2024\/12\/30\/laska-nebeskeho-otca-prevysuje-aj-lasku-matiek\/\" aria-label=\"Pre\u010d\u00edtajte si viac o L\u00e1ska nebesk\u00e9ho Otca prevy\u0161uje aj l\u00e1sku matiek\">\u010c\u00edta\u0165 viac<\/a><\/p>\n","protected":false},"author":4,"featured_media":0,"comment_status":"open","ping_status":"open","sticky":false,"template":"","format":"standard","meta":{"footnotes":""},"categories":[598,121,6,629],"tags":[],"class_list":["post-37587","post","type-post","status-publish","format-standard","hentry","category-vianocne-obdobie","category-kazne","category-myjavsky-seniorat","category-nedela-po-vianociach"],"_links":{"self":[{"href":"https:\/\/www.e-anjelik.sk\/index.php\/wp-json\/wp\/v2\/posts\/37587","targetHints":{"allow":["GET"]}}],"collection":[{"href":"https:\/\/www.e-anjelik.sk\/index.php\/wp-json\/wp\/v2\/posts"}],"about":[{"href":"https:\/\/www.e-anjelik.sk\/index.php\/wp-json\/wp\/v2\/types\/post"}],"author":[{"embeddable":true,"href":"https:\/\/www.e-anjelik.sk\/index.php\/wp-json\/wp\/v2\/users\/4"}],"replies":[{"embeddable":true,"href":"https:\/\/www.e-anjelik.sk\/index.php\/wp-json\/wp\/v2\/comments?post=37587"}],"version-history":[{"count":4,"href":"https:\/\/www.e-anjelik.sk\/index.php\/wp-json\/wp\/v2\/posts\/37587\/revisions"}],"predecessor-version":[{"id":37605,"href":"https:\/\/www.e-anjelik.sk\/index.php\/wp-json\/wp\/v2\/posts\/37587\/revisions\/37605"}],"wp:attachment":[{"href":"https:\/\/www.e-anjelik.sk\/index.php\/wp-json\/wp\/v2\/media?parent=37587"}],"wp:term":[{"taxonomy":"category","embeddable":true,"href":"https:\/\/www.e-anjelik.sk\/index.php\/wp-json\/wp\/v2\/categories?post=37587"},{"taxonomy":"post_tag","embeddable":true,"href":"https:\/\/www.e-anjelik.sk\/index.php\/wp-json\/wp\/v2\/tags?post=37587"}],"curies":[{"name":"wp","href":"https:\/\/api.w.org\/{rel}","templated":true}]}}