{"id":37621,"date":"2025-01-07T15:25:56","date_gmt":"2025-01-07T14:25:56","guid":{"rendered":"https:\/\/www.e-anjelik.sk\/?p=37621"},"modified":"2025-01-08T18:32:32","modified_gmt":"2025-01-08T17:32:32","slug":"pan-je-vzdy-s-nami","status":"publish","type":"post","link":"https:\/\/www.e-anjelik.sk\/index.php\/2025\/01\/07\/pan-je-vzdy-s-nami\/","title":{"rendered":"P\u00e1n je v\u017edy s nami"},"content":{"rendered":"\n<p><em>&nbsp; &nbsp; &nbsp; &nbsp; &nbsp; &nbsp; &nbsp; &nbsp; &nbsp; &nbsp; &nbsp; &nbsp; &nbsp;<\/em><strong> &nbsp; &nbsp; P\u00e1n je v\u017edy s nami<\/strong><\/p>\n\n\n\n<p><em>Zve\u010derilo sa, drah\u00fd Pane,<\/em><br><em>Do ve\u010dnosti pad\u00e1 star\u00fd rok &#8211;<\/em><br><em>\u010cak\u00e1me Tvoj zmilovanie\u2026<\/em><br><em>Modlitba let\u00ed vozvysok!<\/em><br><em>Zve\u010derilo sa, drah\u00fd Pane,<\/em><br><em>Bez Teba pust\u00fd \u017eivot n\u00e1\u0161 &#8211;<\/em><br><em>Nu\u017e zosta\u0148 s nami, vystri dlane,<\/em><br><em>na konci vekov i n\u00e1s spas!\u00a0 Amen (M.R.)<\/em><\/p>\n\n\n\n<p><strong>Mt 28, 20:<\/strong><\/p>\n\n\n\n<p><strong>\u00a0\u00a0<\/strong><em> \u201eU\u010dte ich zachov\u00e1va\u0165 v\u0161etko, \u010doko\u013evek som v\u00e1m prik\u00e1zal. Ajh\u013ea, ja som s vami po v\u0161etky dni, a\u017e do konca sveta.\u201d Amen<\/em><\/p>\n\n\n\n<p><em>&nbsp;<\/em>&nbsp; Bratia a sestry v P\u00e1novi Je\u017ei\u0161ovi Kristovi!<\/p>\n\n\n\n<p>&nbsp; Martin Braxatoris vyslovil k rozhraniu \u010dasov nasledovn\u00fd ver\u0161:<\/p>\n\n\n\n<p><em>\u201eTak r\u00fdchlo plynie \u010dasu pr\u00fad,<\/em><br><em>jak voda bystr\u00fdch riek,<\/em><br><em>v\u017edy viac sa bl\u00ed\u017ei smr\u0165 a s\u00fad,<\/em><br><em>v\u017edy viac n\u00e1\u0161 mizne vek.<\/em><br><em>Len Ty, Bo\u017ee n\u00e1\u0161, ten\u017ee ost\u00e1va\u0161,<\/em><br><em>Tys&#8216; na\u0161a sila, hrad i Kr\u00e1\u013e:<\/em><br><em>\u00f3, pr\u00edjmi obe\u0165 chv\u00e1l\u201d.<\/em><\/p>\n\n\n\n<p>\u00a0\u00a0 Pravdivos\u0165 a h\u013abku t\u00fdchto slov si m\u00f4\u017eeme naplno a prenikavo uvedomi\u0165 pr\u00e1ve v dne\u0161n\u00fd &#8211; posledn\u00fd ve\u010der tohoto odch\u00e1dzaj\u00faceho roku. Zase sa minul jeden rok n\u00e1\u0161ho \u017eivota\u2026Ako neuverite\u013ene r\u00fdchlo prebehlo t\u00fdch 365 dn\u00ed, alebo 8 760 hod\u00edn, \u010di 525 600 min\u00fat (pribli\u017ene)! E\u0161te nieko\u013eko hod\u00edn a budeme odpo\u010d\u00edtava\u0165 posledn\u00e9 sekundy star\u00e9ho roku. Mo\u017eno si pri tom spomenieme na slovo \u017ealmistu:<em> \u201eAjh\u013ea, na piade si mi vymeral dni a \u010das m\u00f4jho \u017eivota je ako ni\u010d pred Tebou\u201d. (\u017d 39,6 <\/em>)<\/p>\n\n\n\n<p>\u00a0 Nie div, \u017ee v\u00e4\u010d\u0161ina z n\u00e1s je priam prekvapen\u00e1, ako nebadane sa pribl\u00ed\u017eil \u010fal\u0161\u00ed \u201ekilometrovn\u00edk\u201d na \u017eivotnej ceste oznamuj\u00faci, \u017ee sa bl\u00ed\u017eime k ve\u010dnosti. Mo\u017eno je n\u00e1m dnes clivo na du\u0161i, ke\u010f vid\u00edme, \u017ee odch\u00e1dzaj\u00faci rok odniesol do mora ve\u010dnosti mnoh\u00e9 d\u00f4le\u017eit\u00e9 chv\u00edle, ktor\u00e9 sa nevr\u00e1tia. Odniesol aj mnoh\u00e9 pr\u00edle\u017eitosti zmeni\u0165 nie\u010do v n\u00e1s k dobr\u00e9mu a \u010das milosti ostal preto nevyu\u017eit\u00fd.<\/p>\n\n\n\n<p>&nbsp; &nbsp; Aj v uplynulom roku odi\u0161li spomedzi n\u00e1s mnoh\u00ed, ktor\u00fdm sme u\u017e nesta\u010dili preuk\u00e1za\u0165 l\u00e1sku a poveda\u0165 im slovo o tom, ako n\u00e1m na nich z\u00e1le\u017e\u00ed. R\u00fdchlo pre\u0161li aj dni radosti a \u0161\u0165astia. Dnes sa mnoh\u00ed \u013eudia pre tieto pocity, siahaj\u00face a\u017e k z\u00e1kladnej ot\u00e1zke n\u00e1\u0161ho bytia p\u00fdtaj\u00fa: Pre\u010do som tu? &#8211; Pre\u010do \u017eijem? &#8211; a s v\u00e1\u017enos\u0165ou si uvedomuj\u00fa ich h\u013abku. Mnoh\u00ed chc\u00fa v\u0161etky v\u00e1\u017ene ot\u00e1zky prehlu\u0161i\u0165 neviazanou veselos\u0165ou. Ch\u00e1peme to a rozumieme tomu, lebo nie je jednoduch\u00e9 naplno si uvedomi\u0165 svoju pominute\u013enos\u0165.<\/p>\n\n\n\n<p>\u00a0 Bratia a sestry, my sme nepri\u0161li do kostola na slu\u017eby Bo\u017eie preto, aby sme sa sm\u00fatili, lebo vieme, \u017ee v pr\u00fade pominute\u013enosti zost\u00e1va Jeden, ktor\u00fd sa nemen\u00ed a <em>\u201eJeho roky nikdy neprestan\u00fa\u201d.<\/em><\/p>\n\n\n\n<p>Je to Ten, <em>\u201ektor\u00fd je, ktor\u00fd bol a ktor\u00fd pr\u00edde\u201d. (Zj 1) \u201eJe\u017ei\u0161 Kristus, ten ist\u00fd v\u010dera, dnes i naveky\u201d. (\u017did 13, 8) T<\/em>en, ktor\u00e9ho<em> \u201ep\u00f4vod je v praveku, v \u010dasoch ve\u010dnosti\u201d, <\/em>ako to vyjadril prorok Miche\u00e1\u0161. Ten, ktor\u00fd v plnosti \u010dasu pri\u0161iel v \u013eudskom tele a potom osl\u00e1ven\u00fd vst\u00fapil na nebes\u00e1. On n\u00e1s dnes uis\u0165uje, \u017ee:<\/p>\n\n\n\n<p>&nbsp;&nbsp; &nbsp; &nbsp;<strong><em> &nbsp; &nbsp; &nbsp; &nbsp; &nbsp; &nbsp; &nbsp; &nbsp; &nbsp; Ost\u00e1va st\u00e1le s nami.<\/em><\/strong><\/p>\n\n\n\n<p>To n\u00e1s pob\u00e1da:<em> 1. k v\u010fa\u010dnosti<\/em><br>                         <em>2. k pok\u00e1niu<\/em><br>                         <em>3. k n\u00e1deji<\/em><\/p>\n\n\n\n<p>Bratia a sestry v P\u00e1novi!<\/p>\n\n\n\n<p>Iste v\u0161etci pozn\u00e1me slov\u00e1, ktor\u00e9 povedal P\u00e1n Je\u017ei\u0161 svojim u\u010den\u00edkom pri l\u00fa\u010den\u00ed na hore Olivovej. Je\u017ei\u0161 sa vedel v\u017ei\u0165 do ich situ\u00e1cie. Vedel, \u017ee ur\u010dit\u00fd \u010das sa bud\u00fa c\u00edti\u0165 ako ovce bez pastiera, ako die\u0165a bez otca a matky. Ale tento pocit nie je a nebude opodstatnen\u00fd, preto\u017ee za touto \u201eopustenos\u0165ou\u201d stoj\u00ed nov\u00e1 skuto\u010dnos\u0165. Pr\u00edtomnos\u0165 a spolo\u010denstvo P\u00e1na, vyv\u00fd\u0161en\u00e9ho a osl\u00e1ven\u00e9ho Kr\u00e1\u013ea, ktor\u00fd hovor\u00ed:<em> \u201eAjh\u013ea, ja som s vami po v\u0161etky dn\u00ed, a\u017e do konca sveta\u201d. <\/em>Vieme, \u017ee tento svoj s\u013eub P\u00e1n Je\u017ei\u0161 splnil.<\/p>\n\n\n\n<p>Splnil ho nielen u\u010den\u00edkom, ale aj n\u00e1m. Ka\u017ed\u00e9mu vern\u00e9mu nasledovn\u00edkovi, ktor\u00fd vie pok\u013eakn\u00fa\u0165 pred P\u00e1nom a \u010daka\u0165 na Jeho pr\u00edchod, na Jeho slovo a na dar Ducha Sv\u00e4t\u00e9ho. Splnil ho celej svoje cirkvi.<\/p>\n\n\n\n<p>&nbsp; &nbsp; D\u00f4kazom toho je aj tento uplynul\u00fd rok. Rozpome\u0148me sa na v\u0161etky dary, ktor\u00e9 sme po\u010das uplynul\u00fdch dn\u00ed prijali. Myslime na dary duchovn\u00e9 i telesn\u00e9. Kto nie je dom\u00fd\u0161\u013eav\u00fd a namyslen\u00fd, ten s n\u00e1bo\u017enou pies\u0148ou vyznal:<\/p>\n\n\n\n<p><em>\u201ePom\u00e1hal n\u00e1m Hospodin, pom\u00e1hal n\u00e1m verne,<\/em><br><em>l\u00e1sky Jeho poklady, drah\u00e9, neprebern\u00e9\u2026\u201d<\/em><\/p>\n\n\n\n<p>\u00a0 V\u0161etko, \u010do sme a m\u00e1me je dar od Neho. Zdravie, po\u017eehnanie v pr\u00e1cach, man\u017eelsk\u00e9 \u0161\u0165atie, rados\u0165 z det\u00ed ke\u010f prospievaj\u00fa vekom, m\u00fadros\u0165ou a milos\u0165ou, chlieb ka\u017edodenn\u00fd &#8211; v\u0161etko je a zost\u00e1va Bo\u017e\u00edm darom. Vieme, \u017ee v\u0161etko toto a mnoh\u00e9 in\u00e9 duchovn\u00e9 dary dost\u00e1vame aj \u201ebez n\u00e1\u0161ho modlenia\u201d, ba \u017ee to P\u00e1n po\u017eehn\u00e1va aj zl\u00fdm \u013eu\u010fom. Ak v duchu pred N\u00edm pok\u013eakneme, d\u00e1 n\u00e1m pozna\u0165, \u017ee s\u00fa to dary Jeho milosti a l\u00e1sky. Potom m\u00f4\u017eu na\u0161e srdci plesa\u0165 rados\u0165ou a v\u010fakou, \u017ee m\u00e1me v nebi Otca, ktor\u00fd sa o n\u00e1s star\u00e1. On n\u00e1m ka\u017edodenne aj na\u0161e hriechy odp\u00fa\u0161\u0165a a raz bude v Je\u017ei\u0161ovi aj na\u0161\u00edm milostiv\u00fdm sudcom.<\/p>\n\n\n\n<p>\u00a0\u00a0 Tu zvl\u00e1\u0161\u0165 mus\u00edme myslie\u0165 na dielo vyk\u00fapenia skrze P\u00e1na Je\u017ei\u0161 a za\u0148 \u010fakova\u0165.<em> <\/em><\/p>\n\n\n\n<p><em>                        \u201eZa n\u00e1\u0161 poklad najvy\u0161\u0161\u00ed\u00a0<\/em><br>                         <em>Tvoju l\u00e1sku stelesnen\u00fa,<\/em><br>                         <em>dan\u00fd v Kristu Je\u017ei\u0161i,<\/em><br>                         <em>k \u017eivotu a vyk\u00fapeniu,<\/em><br>                        <em>Chv\u00e1la, chv\u00e1la, chv\u00e1la Ti,\u00a0<\/em><br>                        <em>Darca v daroch bohat\u00fd\u201d. (ES 343, 6)<\/em><\/p>\n\n\n\n<p><em>&nbsp;&nbsp; <\/em>Osobne \u010fakujem za t\u00fa milos\u0165, \u017ee som mohol v tomto chr\u00e1me zvestova\u0165 slovo Bo\u017eie v uplynulom roku 146 kr\u00e1t na slu\u017eb\u00e1ch Bo\u017e\u00edch a v Rovensku 40 kr\u00e1t v dni nede\u013en\u00e9, sviato\u010dn\u00e9 i pracovn\u00e9.<\/p>\n\n\n\n<p>Okrem toho mnoho kr\u00e1t aj pri pohrebn\u00fdch rozl\u00fa\u010dkach, sob\u00e1\u0161och, krstoch a in\u00fdch pr\u00edle\u017eitostiach. V\u017edy v n\u00e1deji, \u017ee t\u00e1to duchovn\u00e1 sejba nebude \u201em\u00e1rna v P\u00e1nu\u201d. Ak sa \u010do aj len jedna nov\u00e1 du\u0161a obr\u00e1tila k P\u00e1novi, je to d\u00f4vod k radosti, ke\u010f\u017ee P\u00e1n Je\u017ei\u0161 povedal, \u017ee:<em> \u201eAj anjeli v nebi sa raduj\u00fa nad ka\u017ed\u00fdm zachr\u00e1nen\u00fdm hrie\u0161nikom<\/em>\u201d.\u00a0<\/p>\n\n\n\n<p>\u00a0 \u00a0 \u010eakujme za to, \u017ee mnoh\u00ed spolu s nami stato\u010dne bojovali \u201eboj viery\u201d, \u017ee boli vern\u00ed a<em> \u201educhom vr\u00facim sl\u00fa\u017eili P\u00e1novi\u201d. <\/em>Nemo\u017eno vyr\u00e1ta\u0165 v\u0161etky dobrodenia P\u00e1nove, ktor\u00e9 n\u00e1s udr\u017euj\u00fa vo vedom\u00ed, \u017ee On zost\u00e1va st\u00e1le s nami. V\u0161etko toto spolu n\u00e1s pob\u00e1da k \u00faprimnej v\u010fa\u010dnosti.<\/p>\n\n\n\n<p>\u00a0 \u00a0 Je v na\u0161om vn\u00fatri mo\u017eno nevysloven\u00e1 ot\u00e1zka, \u010di m\u00e1me \u010fakova\u0165 aj za chv\u00edle sk\u00fa\u0161ok, za chv\u00edle bolesti a sm\u00fatku, za \u010dasn\u00e9 rozl\u00fa\u010dky, ktor\u00e9 sme pre\u017eili nad hrobmi t\u00fdch, ktor\u00ed n\u00e1s v \u010dasnosti opustili. Iste sme pre\u017eili aj smutn\u00e9 chv\u00edle, ale z\u00e1rove\u0148 sme sk\u00fasili, \u017ee P\u00e1n Je\u017ei\u0161 n\u00e1s ani v tak\u00fdchto chv\u00ed\u013each neop\u00fa\u0161\u0165a. Aj pri l\u00fa\u010den\u00ed bol s nami a nedopustil n\u00e1s sk\u00fa\u0161a\u0165 nad na\u0161e mo\u017enosti, aby sme neklesali vo viere. M\u00e1me pred sebou slov\u00e1, ktor\u00e9 zbo\u017en\u00fd J\u00f3b povedal svojej \u017eene, ke\u010f ho nav\u00e1dzala, aby v \u0165a\u017ek\u00fdch sk\u00fa\u0161kach zlore\u010dil Bohu:<em> \u201e\u010ci len dobr\u00e9 budeme prij\u00edma\u0165 od Hospodina a zl\u00e9 nie?\u201d<\/em> J\u00f3b sa neprehre\u0161il svojimi \u00fastami. Preto aj my po\u010fakujeme za to, \u017ee n\u00e1s v \u0165a\u017ek\u00fdch chv\u00ed\u013each povzbudil a zachoval vo viere P\u00e1n. Nech je Jeho meno v\u017edy chv\u00e1len\u00e9, \u010fakujme a dobrore\u010dme Mu za v\u0161etko.<\/p>\n\n\n\n<p>&nbsp; 2. Mil\u00ed bratia a sestry!<\/p>\n\n\n\n<p>&nbsp; &nbsp; P\u00e1n Je\u017ei\u0161 ost\u00e1va v\u017edy s nami a to n\u00e1s pob\u00e1da v\u017edy aj k v\u00e1\u017enemu sebask\u00famaniu a pok\u00e1niu. Ka\u017ed\u00fd z n\u00e1s si mus\u00ed toti\u017e s\u00e1m odpoveda\u0165 na ot\u00e1zku, \u010di som aj ja t\u00fa\u017eil by\u0165 s N\u00edm? \u010ci som nepoh\u0155dal Jeho pr\u00edtomnos\u0165ou, Jeho spolo\u010denstvom a Jeho bl\u00edzkos\u0165ou?<\/p>\n\n\n\n<p>\u00a0\u00a0 K zamysleniu n\u00e1s m\u00e1 vies\u0165 najm\u00e4 t\u00e1 prv\u00e1 \u010das\u0165 pre\u010d\u00edtan\u00e9ho sv\u00e4t\u00e9ho textu P\u00edsma, kde P\u00e1n Je\u017ei\u0161 hovor\u00ed: <em>\u201eU\u010dte ich zachov\u00e1va\u0165 v\u0161etko, \u010doko\u013evek som v\u00e1m prik\u00e1zal\u201d. <\/em>Je tu re\u010d o t\u00fdch, ktor\u00ed boli pokrsten\u00ed v Trojjedin\u00e9ho P\u00e1na Boha, prijali Bo\u017eiu milos\u0165 a maj\u00fa vzrasta\u0165 v zn\u00e1mosti P\u00e1na Je\u017ei\u0161a a Jeho slova. U\u010di\u0165 m\u00e1me seba t\u00fdm, \u017ee Ho po\u010d\u00favame a vierou prij\u00edmame a potom najm\u00e4 t\u00fdch, ktor\u00fdch sme ku sv\u00e4t\u00e9mu Krstu priniesli. To s\u00fa najm\u00e4 na\u0161e vlastn\u00e9 deti a krstn\u00e9 deti, ktor\u00e9 n\u00e1m Hospodin po\u017eehnal. U\u010di\u0165 ich m\u00e1me\u00a0 a m\u00f4\u017eme slovom, svedectvom, ale aj vlastn\u00fdm pr\u00edkladom \u017eivota. Ak sme \u010doko\u013evek zanedbali, alebo nevykonali, prosme dnes:<em> \u201ePane, bu\u010f milostiv\u00fd mne hrie\u0161nemu!\u201d <\/em>\u013dutujme aj dnes v\u0161etky preme\u0161kan\u00e9 chv\u00edle k tejto duchovnej slu\u017ebe, ku ktorej sme v\u0161etci dospel\u00ed pokrsten\u00ed povolan\u00ed a v ktorej sme mali a mohli preuk\u00e1za\u0165 l\u00e1sku k P\u00e1novi a na\u0161im najbli\u017e\u0161\u00edm. Pam\u00e4tajme na to, \u017ee aj z tejto slu\u017eby v\u0161etci vyd\u00e1me po\u010det pred P\u00e1nom.<\/p>\n\n\n\n<p>&nbsp;&nbsp; 3. Bratia a sestry!<\/p>\n\n\n\n<p>\u00a0\u00a0 Poznanie, \u017ee P\u00e1n bol a je s nami a na\u0161e pok\u00e1nie z toho, \u017ee sme nevykonali v\u017edy v\u0161etko, \u010do sme mali a mohli vykona\u0165 n\u00e1s vedie e\u0161te \u010falej. P\u00e1n Je\u017ei\u0161 n\u00e1m toti\u017e v\u017edy nanovo pon\u00faka svoje spolo\u010denstvo. Pon\u00faka n\u00e1m ho preto, nie aby n\u00e1s ods\u00fadil, ale pote\u0161il a zachr\u00e1nil. V \u0147om m\u00e1me toti\u017e <em>\u201emilos\u0165 nad milos\u0165\u201d, <\/em>ako n\u00e1m to pripomenuli aj pominul\u00e9 Vianoce. Napriek na\u0161ej \u013eahostajnosti a malej horlivosti nepoh\u0155da nami a nechce n\u00e1s necha\u0165 v tme a moci hriechu. On n\u00e1s toti\u017e v\u017edy chce vies\u0165 k n\u00e1deji, \u017ee ani v bud\u00facnosti nebudeme sami. Je to zas\u013e\u00fabenie, \u017ee bude na\u0161\u00edm str\u00e1\u017ecom, ochrancom a vodcom, ak my o Jeho pr\u00edtomnos\u0165 budeme st\u00e1\u0165. On svoje slovo a svoj s\u013eub nemen\u00ed a v tom je na\u0161e n\u00e1dej. Radostn\u00e1 n\u00e1dej pre \u010fal\u0161iu cestu n\u00e1\u0161ho \u017eivota.<\/p>\n\n\n\n<p>\u00a0\u00a0 Preto aj s na\u0161imi slabos\u0165ami po\u010fme v\u017edy k Nemu. On ich sn\u00edma z na\u0161ich pliec, z na\u0161ich r\u00fak a o\u010dis\u0165uje na\u0161e \u00fasta a srdcia. P\u00e1n n\u00e1s chce vies\u0165 k nov\u00e9mu \u017eivotu. Nezabudnime, \u017ee Jemu bola dan\u00e1 v\u0161etka moc na nebi i na zemi. To je na\u0161a n\u00e1dejaj dnes a s \u0148ou smieme vst\u00fapi\u0165 aj do zajtraj\u0161ieho d\u0148a a do dn\u00ed nov\u00e9ho roku. T\u00e1to n\u00e1dej smie trva\u0165 <em>\u201ea\u017e do konca sveta<\/em>\u201d, toti\u017e a\u017e do chv\u00edle, ke\u010f sa na\u0161a viera stane viden\u00edm tv\u00e1rou v tv\u00e1r.<\/p>\n\n\n\n<p>&nbsp; Mil\u00ed bratia a sestry!<\/p>\n\n\n\n<p>\u00a0\u00a0 Star\u00fd rok od n\u00e1s odch\u00e1dza, ale neodch\u00e1dza od n\u00e1s n\u00e1\u0161 P\u00e1n a Spasite\u013e. On je a chce by\u0165 s nami. Preto nemus\u00edme podlieha\u0165 sm\u00fatku, pesimizmu a nostalgii, ktor\u00fa by sme museli zah\u00e1\u0148a\u0165\u00a0pochybn\u00fdmi sp\u00f4sobmi. Ke\u010f\u017ee On ost\u00e1va s nami, nech s\u00fa dnes na\u0161e srdcia pln\u00e9 v\u010fa\u010dnosti, pokory a pravej n\u00e1deje. Jemu \u010fakujme, pred N\u00edm sa kajajme a Jemu d\u00f4verujme. S n\u00e1bo\u017en\u00fdm pevcom spievajme a prosme:<\/p>\n\n\n\n<p><em>\u201eZa ruku ve\u010f ma, Pane, Ty s\u00e1m ma ve\u010f,<\/em><br><em>len s Tebou neprestajne, nech kr\u00e1\u010dam vpred.<\/em><br><em>Bez Teba neviem \u010falej kadia\u013e \u00eds\u0165 m\u00e1m,<\/em><br><em>Ty zosta\u0148 so mnou st\u00e1le a ve\u010f ma s\u00e1m\u201d.\u00a0 (ES 484,1) <\/em>Amen<\/p>\n\n\n\n<p>&nbsp;&nbsp; &nbsp; &nbsp; &nbsp; &nbsp; &nbsp; &nbsp; &nbsp; Z\u00e1vierka roka &#8211; Star\u00fd rok &#8211;&nbsp; \u013dubom\u00edr Batka st.<\/p>\n\n\n\n<p><\/p>\n","protected":false},"excerpt":{"rendered":"<p>&nbsp; &nbsp; &nbsp; &nbsp; &nbsp; &nbsp; &nbsp; &nbsp; &nbsp; &nbsp; &nbsp; &nbsp; &nbsp; &nbsp; &nbsp; P\u00e1n je v\u017edy s nami Zve\u010derilo sa, drah\u00fd Pane,Do ve\u010dnosti pad\u00e1 star\u00fd rok &#8211;\u010cak\u00e1me Tvoj zmilovanie\u2026Modlitba let\u00ed vozvysok!Zve\u010derilo sa, drah\u00fd Pane,Bez Teba pust\u00fd \u017eivot n\u00e1\u0161 &#8211;Nu\u017e zosta\u0148 s nami, vystri dlane,na konci vekov i n\u00e1s spas!\u00a0 Amen (M.R.) Mt 28, &#8230; <a title=\"P\u00e1n je v\u017edy s nami\" class=\"read-more\" href=\"https:\/\/www.e-anjelik.sk\/index.php\/2025\/01\/07\/pan-je-vzdy-s-nami\/\" aria-label=\"Pre\u010d\u00edtajte si viac o P\u00e1n je v\u017edy s nami\">\u010c\u00edta\u0165 viac<\/a><\/p>\n","protected":false},"author":4,"featured_media":0,"comment_status":"open","ping_status":"open","sticky":false,"template":"","format":"standard","meta":{"footnotes":""},"categories":[121,6,375],"tags":[],"class_list":["post-37621","post","type-post","status-publish","format-standard","hentry","category-kazne","category-myjavsky-seniorat","category-zaver-obcianskeho-roku"],"_links":{"self":[{"href":"https:\/\/www.e-anjelik.sk\/index.php\/wp-json\/wp\/v2\/posts\/37621","targetHints":{"allow":["GET"]}}],"collection":[{"href":"https:\/\/www.e-anjelik.sk\/index.php\/wp-json\/wp\/v2\/posts"}],"about":[{"href":"https:\/\/www.e-anjelik.sk\/index.php\/wp-json\/wp\/v2\/types\/post"}],"author":[{"embeddable":true,"href":"https:\/\/www.e-anjelik.sk\/index.php\/wp-json\/wp\/v2\/users\/4"}],"replies":[{"embeddable":true,"href":"https:\/\/www.e-anjelik.sk\/index.php\/wp-json\/wp\/v2\/comments?post=37621"}],"version-history":[{"count":4,"href":"https:\/\/www.e-anjelik.sk\/index.php\/wp-json\/wp\/v2\/posts\/37621\/revisions"}],"predecessor-version":[{"id":37638,"href":"https:\/\/www.e-anjelik.sk\/index.php\/wp-json\/wp\/v2\/posts\/37621\/revisions\/37638"}],"wp:attachment":[{"href":"https:\/\/www.e-anjelik.sk\/index.php\/wp-json\/wp\/v2\/media?parent=37621"}],"wp:term":[{"taxonomy":"category","embeddable":true,"href":"https:\/\/www.e-anjelik.sk\/index.php\/wp-json\/wp\/v2\/categories?post=37621"},{"taxonomy":"post_tag","embeddable":true,"href":"https:\/\/www.e-anjelik.sk\/index.php\/wp-json\/wp\/v2\/tags?post=37621"}],"curies":[{"name":"wp","href":"https:\/\/api.w.org\/{rel}","templated":true}]}}