{"id":3765,"date":"2011-09-05T08:09:11","date_gmt":"2011-09-05T08:09:11","guid":{"rendered":"http:\/\/e-anjelik.sk\/?p=3765"},"modified":"2011-09-05T08:09:11","modified_gmt":"2011-09-05T08:09:11","slug":"vysviacka-noveho-biskupa-v-uppsale","status":"publish","type":"post","link":"https:\/\/www.e-anjelik.sk\/index.php\/2011\/09\/05\/vysviacka-noveho-biskupa-v-uppsale\/","title":{"rendered":"Vysviacka nov\u00e9ho biskupa v Uppsale"},"content":{"rendered":"<p>V nede\u013eu 4. septembra t.r. sa v katedr&aacute;le v Uppsale konali sl&aacute;vnostn&eacute; slu\u017eby Bo\u017eie, na ktor&yacute;ch arcibiskup &Scaron;v&eacute;dskej cirkvi Anders Wejryd vysv&auml;til za nov&eacute;ho biskupa diec&eacute;zy G&ouml;tegorg, doteraj&scaron;ieho ved&uacute;ceho diakonick&eacute;ho zariadenia Br&auml;cke , 60 ro\u010dn&eacute;ho&nbsp;far&aacute;ra Per Eckerdala. Na sl&aacute;vnosti sa z&uacute;\u010dastnili po\u010detn&iacute; ekumenick&iacute; hostia. \u017divotopis nov&eacute;ho biskupa sme uviedli pri jeho zvolen&iacute; na jar t.r.<\/p>\n<p>(<a href=\"http:\/\/www.svenskakyrkan.se\">www.svenskakyrkan.se<\/a>)<\/p>\n","protected":false},"excerpt":{"rendered":"<p>V nede\u013eu 4. septembra t.r. sa v katedr&aacute;le v Uppsale konali sl&aacute;vnostn&eacute; slu\u017eby Bo\u017eie, na ktor&yacute;ch arcibiskup &Scaron;v&eacute;dskej cirkvi Anders Wejryd vysv&auml;til za nov&eacute;ho biskupa diec&eacute;zy G&ouml;tegorg, doteraj&scaron;ieho ved&uacute;ceho diakonick&eacute;ho zariadenia Br&auml;cke , 60 ro\u010dn&eacute;ho&nbsp;far&aacute;ra Per Eckerdala. Na sl&aacute;vnosti sa z&uacute;\u010dastnili po\u010detn&iacute; ekumenick&iacute; hostia. \u017divotopis nov&eacute;ho biskupa sme uviedli pri jeho zvolen&iacute; na jar t.r. &#8230; <a title=\"Vysviacka nov\u00e9ho biskupa v Uppsale\" class=\"read-more\" href=\"https:\/\/www.e-anjelik.sk\/index.php\/2011\/09\/05\/vysviacka-noveho-biskupa-v-uppsale\/\" aria-label=\"Pre\u010d\u00edtajte si viac o Vysviacka nov\u00e9ho biskupa v Uppsale\">\u010c\u00edta\u0165 viac<\/a><\/p>\n","protected":false},"author":22,"featured_media":0,"comment_status":"open","ping_status":"open","sticky":false,"template":"","format":"standard","meta":{"footnotes":""},"categories":[42,10],"tags":[],"class_list":["post-3765","post","type-post","status-publish","format-standard","hentry","category-skandinavia","category-zo-sveta"],"_links":{"self":[{"href":"https:\/\/www.e-anjelik.sk\/index.php\/wp-json\/wp\/v2\/posts\/3765","targetHints":{"allow":["GET"]}}],"collection":[{"href":"https:\/\/www.e-anjelik.sk\/index.php\/wp-json\/wp\/v2\/posts"}],"about":[{"href":"https:\/\/www.e-anjelik.sk\/index.php\/wp-json\/wp\/v2\/types\/post"}],"author":[{"embeddable":true,"href":"https:\/\/www.e-anjelik.sk\/index.php\/wp-json\/wp\/v2\/users\/22"}],"replies":[{"embeddable":true,"href":"https:\/\/www.e-anjelik.sk\/index.php\/wp-json\/wp\/v2\/comments?post=3765"}],"version-history":[{"count":0,"href":"https:\/\/www.e-anjelik.sk\/index.php\/wp-json\/wp\/v2\/posts\/3765\/revisions"}],"wp:attachment":[{"href":"https:\/\/www.e-anjelik.sk\/index.php\/wp-json\/wp\/v2\/media?parent=3765"}],"wp:term":[{"taxonomy":"category","embeddable":true,"href":"https:\/\/www.e-anjelik.sk\/index.php\/wp-json\/wp\/v2\/categories?post=3765"},{"taxonomy":"post_tag","embeddable":true,"href":"https:\/\/www.e-anjelik.sk\/index.php\/wp-json\/wp\/v2\/tags?post=3765"}],"curies":[{"name":"wp","href":"https:\/\/api.w.org\/{rel}","templated":true}]}}