{"id":3766,"date":"2011-09-06T07:04:16","date_gmt":"2011-09-06T07:04:16","guid":{"rendered":"http:\/\/e-anjelik.sk\/?p=3766"},"modified":"2011-09-06T07:04:16","modified_gmt":"2011-09-06T07:04:16","slug":"rodinne-popoludnie-rodin-v-cz-svaty-jur","status":"publish","type":"post","link":"https:\/\/www.e-anjelik.sk\/index.php\/2011\/09\/06\/rodinne-popoludnie-rodin-v-cz-svaty-jur\/","title":{"rendered":"Rodinn\u00e9 popoludnie rod\u00edn v cz Sv\u00e4t\u00fd Jur"},"content":{"rendered":"<p>V sobotu&nbsp; 3. septembra 2011&nbsp; niektor&iacute; \u010dlenovia cirkevn&eacute;ho zboru -rodi\u010dia a mal&eacute; deti &#8211;&nbsp;str&aacute;vili spolu pr&iacute;jemn&eacute; popoludnie v pr&iacute;rode pri vz&aacute;jomn&yacute;ch rozhovoroch a pozn&aacute;van&iacute; sa s br. kapl&aacute;nom M.Kore\u0148om a jeho rodinou. Miestom rodinn&eacute;ho v&yacute;letu bolo Ve\u013ekomoravsk&eacute; hradisko v lese nad Sv&auml;t&yacute;m Jurom. Spolu bolo pr&iacute;tomn&yacute;ch 21 os&ocirc;b, z toho osem det&iacute;. V duchovnom&nbsp;pl&aacute;ne pr&aacute;ce cz je budova\u0165&nbsp; mlad&eacute; rodiny aj cestou pravideln&yacute;ch stretan&iacute; po\u010das roka pod organiza\u010dn&yacute;m veden&iacute;m br. kapl&aacute;na M.Kore\u0148a.<\/p>\n<p>&nbsp;<\/p>\n","protected":false},"excerpt":{"rendered":"<p>V sobotu&nbsp; 3. septembra 2011&nbsp; niektor&iacute; \u010dlenovia cirkevn&eacute;ho zboru -rodi\u010dia a mal&eacute; deti &#8211;&nbsp;str&aacute;vili spolu pr&iacute;jemn&eacute; popoludnie v pr&iacute;rode pri vz&aacute;jomn&yacute;ch rozhovoroch a pozn&aacute;van&iacute; sa s br. kapl&aacute;nom M.Kore\u0148om a jeho rodinou. Miestom rodinn&eacute;ho v&yacute;letu bolo Ve\u013ekomoravsk&eacute; hradisko v lese nad Sv&auml;t&yacute;m Jurom. Spolu bolo pr&iacute;tomn&yacute;ch 21 os&ocirc;b, z toho osem det&iacute;. V duchovnom&nbsp;pl&aacute;ne pr&aacute;ce &#8230; <a title=\"Rodinn\u00e9 popoludnie rod\u00edn v cz Sv\u00e4t\u00fd Jur\" class=\"read-more\" href=\"https:\/\/www.e-anjelik.sk\/index.php\/2011\/09\/06\/rodinne-popoludnie-rodin-v-cz-svaty-jur\/\" aria-label=\"Pre\u010d\u00edtajte si viac o Rodinn\u00e9 popoludnie rod\u00edn v cz Sv\u00e4t\u00fd Jur\">\u010c\u00edta\u0165 viac<\/a><\/p>\n","protected":false},"author":22,"featured_media":0,"comment_status":"open","ping_status":"open","sticky":false,"template":"","format":"standard","meta":{"footnotes":""},"categories":[1,246],"tags":[],"class_list":["post-3766","post","type-post","status-publish","format-standard","hentry","category-adventna-modlitba","category-svaty-jur"],"_links":{"self":[{"href":"https:\/\/www.e-anjelik.sk\/index.php\/wp-json\/wp\/v2\/posts\/3766","targetHints":{"allow":["GET"]}}],"collection":[{"href":"https:\/\/www.e-anjelik.sk\/index.php\/wp-json\/wp\/v2\/posts"}],"about":[{"href":"https:\/\/www.e-anjelik.sk\/index.php\/wp-json\/wp\/v2\/types\/post"}],"author":[{"embeddable":true,"href":"https:\/\/www.e-anjelik.sk\/index.php\/wp-json\/wp\/v2\/users\/22"}],"replies":[{"embeddable":true,"href":"https:\/\/www.e-anjelik.sk\/index.php\/wp-json\/wp\/v2\/comments?post=3766"}],"version-history":[{"count":0,"href":"https:\/\/www.e-anjelik.sk\/index.php\/wp-json\/wp\/v2\/posts\/3766\/revisions"}],"wp:attachment":[{"href":"https:\/\/www.e-anjelik.sk\/index.php\/wp-json\/wp\/v2\/media?parent=3766"}],"wp:term":[{"taxonomy":"category","embeddable":true,"href":"https:\/\/www.e-anjelik.sk\/index.php\/wp-json\/wp\/v2\/categories?post=3766"},{"taxonomy":"post_tag","embeddable":true,"href":"https:\/\/www.e-anjelik.sk\/index.php\/wp-json\/wp\/v2\/tags?post=3766"}],"curies":[{"name":"wp","href":"https:\/\/api.w.org\/{rel}","templated":true}]}}