{"id":37668,"date":"2025-01-24T15:12:06","date_gmt":"2025-01-24T14:12:06","guid":{"rendered":"https:\/\/www.e-anjelik.sk\/?p=37668"},"modified":"2025-01-22T15:23:53","modified_gmt":"2025-01-22T14:23:53","slug":"rehor-uram-podtatransky-savel-pavel","status":"publish","type":"post","link":"https:\/\/www.e-anjelik.sk\/index.php\/2025\/01\/24\/rehor-uram-podtatransky-savel-pavel\/","title":{"rendered":"Rehor Uram Podtatransk\u00fd \u2014 \u0160avel\u2013Pavel\u00a0\u00a0\u00a0\u00a0\u00a0\u00a0\u00a0"},"content":{"rendered":"\n<p>Vy\u0161\u013eahnul blesku p\u00e1l\u010div\u00fd plam z&nbsp;neba<br>a \u0161\u013eahnul toho, ktor\u00fd oddal seba<br>za n\u00e1stroj zlosti, fanatickej z\u00e1\u0161ti,<br>by v&nbsp;dia\u013enom kraji, za hranicou vlasti<br>v \u017eal\u00e1re vliekol vyznava\u010dov P\u00e1na,<br>kde pre nich s\u00fa\u017eba bola prichystan\u00e1,<br>kde \u201emor ho!\u201c v\u00fdrok zni\u010dil ka\u017ed\u00fa t\u00fa\u017ebu<br>t\u00fdch, ktor\u00ed P\u00e1nu oddali sa v&nbsp;slu\u017ebu.<\/p>\n\n\n\n<p>A&nbsp;teraz le\u017e\u00ed bleskom omr\u00e1\u010den\u00fd,<br>na duchu, tele rovno oslepen\u00fd,<br>ten \u0160avel, ktor\u00fd i\u0161iel do Dama\u0161ku,<br>by Kristu vern\u00fdch v&nbsp;porobu hnal \u0165a\u017ek\u00fa.<br>\u017didovskej rady daromn\u00e9 s\u00fa listy,<br>b\u00e1rs proti Kristu pln\u00e9 nen\u00e1visti,<br>neochr\u00e1nili \u0160avla veru ony<br>oproti Tomu, ktor\u00fd v&nbsp;nebi tr\u00f3ni,<br>a ktor\u00fd jemu teraz tie\u017e tak hl\u00e1sa:<br>\u017ee proti ost\u0148om \u0165a\u017eko zpe\u010dova\u0165 sa!!<\/p>\n\n\n\n<p>Vy\u0161\u013eahnul blesku p\u00e1l\u010div\u00fd plam z&nbsp;neba,<br>v \u0148om Kristus Je\u017ei\u0161 objavil s\u00e1m seba;<br>milosti Jeho l\u00fa\u010de \u017eiarne svietia<br>na pobl\u00fadil\u00e9, ale mil\u00e9 die\u0165a;<br>\u0161upiny letia z&nbsp;oka ztemnel\u00e9ho,<br>kraj nov\u00fd vznik\u00e1 u\u017e pred zrakom jeho,<br>kde v&nbsp;l\u00e1ske bratmi st\u00e1vaj\u00fa sa rody:<br>a z&nbsp;\u0160avla Pavel sa u\u017e v&nbsp;Kristu rod\u00ed!<\/p>\n\n\n\n<p>Roztrh\u00e1 listy t\u00fdch, \u010do poverili<br>ho k&nbsp;nen\u00e1visti, \u2013 a&nbsp;svoj poklad mil\u00fd<br>i um i&nbsp;srdce obracia ku P\u00e1nu; \u2013<br>p\u00fatnick\u00fa berie h\u00f4\u013e mu prichystan\u00fa<br>a kr\u00e1\u010da hl\u00e1sa\u0165 pohanom o&nbsp;Kristu,<br>\u017ee \u017eil i&nbsp;z&nbsp;m\u0155tvych vstal, \u010do pravdu ist\u00fa,<br>\u017ee z&nbsp;l\u00e1sky k&nbsp;\u013eu\u010fom trpel umu\u010denie,<br>a z&nbsp;viery v&nbsp;Neho \u017ee m\u00e1me spasenie!!<\/p>\n","protected":false},"excerpt":{"rendered":"<p>Vy\u0161\u013eahnul blesku p\u00e1l\u010div\u00fd plam z&nbsp;nebaa \u0161\u013eahnul toho, ktor\u00fd oddal sebaza n\u00e1stroj zlosti, fanatickej z\u00e1\u0161ti,by v&nbsp;dia\u013enom kraji, za hranicou vlastiv \u017eal\u00e1re vliekol vyznava\u010dov P\u00e1na,kde pre nich s\u00fa\u017eba bola prichystan\u00e1,kde \u201emor ho!\u201c v\u00fdrok zni\u010dil ka\u017ed\u00fa t\u00fa\u017ebut\u00fdch, ktor\u00ed P\u00e1nu oddali sa v&nbsp;slu\u017ebu. A&nbsp;teraz le\u017e\u00ed bleskom omr\u00e1\u010den\u00fd,na duchu, tele rovno oslepen\u00fd,ten \u0160avel, ktor\u00fd i\u0161iel do Dama\u0161ku,by Kristu vern\u00fdch v&nbsp;porobu &#8230; <a title=\"Rehor Uram Podtatransk\u00fd \u2014 \u0160avel\u2013Pavel\u00a0\u00a0\u00a0\u00a0\u00a0\u00a0\u00a0\" class=\"read-more\" href=\"https:\/\/www.e-anjelik.sk\/index.php\/2025\/01\/24\/rehor-uram-podtatransky-savel-pavel\/\" aria-label=\"Pre\u010d\u00edtajte si viac o Rehor Uram Podtatransk\u00fd \u2014 \u0160avel\u2013Pavel\u00a0\u00a0\u00a0\u00a0\u00a0\u00a0\u00a0\">\u010c\u00edta\u0165 viac<\/a><\/p>\n","protected":false},"author":3,"featured_media":37656,"comment_status":"open","ping_status":"open","sticky":false,"template":"","format":"standard","meta":{"footnotes":""},"categories":[627,165],"tags":[],"class_list":["post-37668","post","type-post","status-publish","format-standard","has-post-thumbnail","hentry","category-obratenie-pavla","category-poezia-2"],"_links":{"self":[{"href":"https:\/\/www.e-anjelik.sk\/index.php\/wp-json\/wp\/v2\/posts\/37668","targetHints":{"allow":["GET"]}}],"collection":[{"href":"https:\/\/www.e-anjelik.sk\/index.php\/wp-json\/wp\/v2\/posts"}],"about":[{"href":"https:\/\/www.e-anjelik.sk\/index.php\/wp-json\/wp\/v2\/types\/post"}],"author":[{"embeddable":true,"href":"https:\/\/www.e-anjelik.sk\/index.php\/wp-json\/wp\/v2\/users\/3"}],"replies":[{"embeddable":true,"href":"https:\/\/www.e-anjelik.sk\/index.php\/wp-json\/wp\/v2\/comments?post=37668"}],"version-history":[{"count":2,"href":"https:\/\/www.e-anjelik.sk\/index.php\/wp-json\/wp\/v2\/posts\/37668\/revisions"}],"predecessor-version":[{"id":37670,"href":"https:\/\/www.e-anjelik.sk\/index.php\/wp-json\/wp\/v2\/posts\/37668\/revisions\/37670"}],"wp:featuredmedia":[{"embeddable":true,"href":"https:\/\/www.e-anjelik.sk\/index.php\/wp-json\/wp\/v2\/media\/37656"}],"wp:attachment":[{"href":"https:\/\/www.e-anjelik.sk\/index.php\/wp-json\/wp\/v2\/media?parent=37668"}],"wp:term":[{"taxonomy":"category","embeddable":true,"href":"https:\/\/www.e-anjelik.sk\/index.php\/wp-json\/wp\/v2\/categories?post=37668"},{"taxonomy":"post_tag","embeddable":true,"href":"https:\/\/www.e-anjelik.sk\/index.php\/wp-json\/wp\/v2\/tags?post=37668"}],"curies":[{"name":"wp","href":"https:\/\/api.w.org\/{rel}","templated":true}]}}