{"id":3767,"date":"2011-09-06T08:26:50","date_gmt":"2011-09-06T08:26:50","guid":{"rendered":"http:\/\/e-anjelik.sk\/?p=3767"},"modified":"2011-09-06T08:26:50","modified_gmt":"2011-09-06T08:26:50","slug":"stretnutie-slovenskych-evanjelikov-z-pestianskeho-vidieka","status":"publish","type":"post","link":"https:\/\/www.e-anjelik.sk\/index.php\/2011\/09\/06\/stretnutie-slovenskych-evanjelikov-z-pestianskeho-vidieka\/","title":{"rendered":"Stretnutie slovensk\u00fdch evanjelikov z pe\u0161tianskeho vidieka"},"content":{"rendered":"<p>V sobotu 3. septembra 2011 sa v cirkevnom zbore Albertir&scaron;a zi&scaron;li z&aacute;stupcovia slovensk&yacute;ch evanjelikov z cirkevn&yacute;ch zborov pe&scaron;tianskeho vidieka: Cinkoty, Magl&oacute;du, Ve\u013ekej Tar\u010de, R&aacute;ko&scaron;sk&eacute;ho Kerest&uacute;ra, Pili&scaron;a, \u010com&aacute;du, V&aacute;cegre&scaron;a ,Galgagyorku a samozrejme dom&aacute;cej Albertir&scaron;e. T&aacute;to prv&aacute; sl&aacute;vnos\u0165 -stretnutie sa konalo pri pr&iacute;le\u017eitosti 300. v&yacute;ro\u010dia zalo\u017eenia cirkevn&eacute;ho zboru v Albertir&scaron;i. Slu\u017eby Bo\u017eie sa konali dvojjazy\u010dne. Slovo Bo\u017eie v sloven\u010dine k&aacute;zal gen. biskup Milo&scaron; Kl&aacute;tik na text: Fil.1,3-6 a 9-11. Pouk&aacute;zal na 300 ro\u010dn&uacute; z&aacute;slu\u017en&uacute; pr&aacute;cu cirkevn&eacute;ho zboru,&nbsp; l&aacute;sku a h&uacute;\u017eevnatos\u0165 jeho duchovn&yacute;ch, na siln&uacute; vieru predkov. V ma\u010far\u010dine zvestoval Bo\u017eie slovo em. biskup Imre Szebik na slov&aacute;&nbsp;\u017did. 13,7-8. &nbsp;pouk&aacute;zal na vieru predkov, ale i na s&uacute;\u010dasn&uacute; vieru ,ktor&uacute; vzbudzuje Sv&auml;t&yacute; Duch a vedie Je\u017ei&scaron; Kristus, ktor&yacute; je ten ist&yacute; v\u010dera ,dnes i zajtra. Po zvesti nasledovala spove\u010f a Ve\u010dera P&aacute;nova. K&yacute;m za\u010diatok bohoslu\u017eby tvorila ev. hymna Hrad prepevn&yacute;, z&aacute;ver obe &scaron;t&aacute;tne hymny. Na sl&aacute;vnosti bol pr&iacute;tomn&yacute; aj slovensk&yacute; ve\u013evyslanec v MR Peter Weiss, &scaron;t&aacute;tni a obecn&iacute; z&aacute;stupcovia a predstavitelia slovensk&yacute;ch n&aacute;rodnostn&yacute;ch organiz&aacute;ci&iacute; v Ma\u010farsku. Po spolo\u010dnom obede sa v kult&uacute;rnom dome konal program slovensk&yacute;ch folkl&oacute;rnych skup&iacute;n.<\/p>\n<p>(<a href=\"http:\/\/www.evangelikus.hu\">www.evangelikus.hu<\/a>)<\/p>\n","protected":false},"excerpt":{"rendered":"<p>V sobotu 3. septembra 2011 sa v cirkevnom zbore Albertir&scaron;a zi&scaron;li z&aacute;stupcovia slovensk&yacute;ch evanjelikov z cirkevn&yacute;ch zborov pe&scaron;tianskeho vidieka: Cinkoty, Magl&oacute;du, Ve\u013ekej Tar\u010de, R&aacute;ko&scaron;sk&eacute;ho Kerest&uacute;ra, Pili&scaron;a, \u010com&aacute;du, V&aacute;cegre&scaron;a ,Galgagyorku a samozrejme dom&aacute;cej Albertir&scaron;e. T&aacute;to prv&aacute; sl&aacute;vnos\u0165 -stretnutie sa konalo pri pr&iacute;le\u017eitosti 300. v&yacute;ro\u010dia zalo\u017eenia cirkevn&eacute;ho zboru v Albertir&scaron;i. Slu\u017eby Bo\u017eie sa konali dvojjazy\u010dne. Slovo Bo\u017eie &#8230; <a title=\"Stretnutie slovensk\u00fdch evanjelikov z pe\u0161tianskeho vidieka\" class=\"read-more\" href=\"https:\/\/www.e-anjelik.sk\/index.php\/2011\/09\/06\/stretnutie-slovenskych-evanjelikov-z-pestianskeho-vidieka\/\" aria-label=\"Pre\u010d\u00edtajte si viac o Stretnutie slovensk\u00fdch evanjelikov z pe\u0161tianskeho vidieka\">\u010c\u00edta\u0165 viac<\/a><\/p>\n","protected":false},"author":22,"featured_media":0,"comment_status":"open","ping_status":"open","sticky":false,"template":"","format":"standard","meta":{"footnotes":""},"categories":[9,10],"tags":[],"class_list":["post-3767","post","type-post","status-publish","format-standard","hentry","category-europa","category-zo-sveta"],"_links":{"self":[{"href":"https:\/\/www.e-anjelik.sk\/index.php\/wp-json\/wp\/v2\/posts\/3767","targetHints":{"allow":["GET"]}}],"collection":[{"href":"https:\/\/www.e-anjelik.sk\/index.php\/wp-json\/wp\/v2\/posts"}],"about":[{"href":"https:\/\/www.e-anjelik.sk\/index.php\/wp-json\/wp\/v2\/types\/post"}],"author":[{"embeddable":true,"href":"https:\/\/www.e-anjelik.sk\/index.php\/wp-json\/wp\/v2\/users\/22"}],"replies":[{"embeddable":true,"href":"https:\/\/www.e-anjelik.sk\/index.php\/wp-json\/wp\/v2\/comments?post=3767"}],"version-history":[{"count":0,"href":"https:\/\/www.e-anjelik.sk\/index.php\/wp-json\/wp\/v2\/posts\/3767\/revisions"}],"wp:attachment":[{"href":"https:\/\/www.e-anjelik.sk\/index.php\/wp-json\/wp\/v2\/media?parent=3767"}],"wp:term":[{"taxonomy":"category","embeddable":true,"href":"https:\/\/www.e-anjelik.sk\/index.php\/wp-json\/wp\/v2\/categories?post=3767"},{"taxonomy":"post_tag","embeddable":true,"href":"https:\/\/www.e-anjelik.sk\/index.php\/wp-json\/wp\/v2\/tags?post=3767"}],"curies":[{"name":"wp","href":"https:\/\/api.w.org\/{rel}","templated":true}]}}