{"id":3769,"date":"2011-09-06T09:24:42","date_gmt":"2011-09-06T09:24:42","guid":{"rendered":"http:\/\/e-anjelik.sk\/?p=3769"},"modified":"2011-09-06T09:24:42","modified_gmt":"2011-09-06T09:24:42","slug":"ekd-organizuje-celonemecke-vieroucne-kurzy","status":"publish","type":"post","link":"https:\/\/www.e-anjelik.sk\/index.php\/2011\/09\/06\/ekd-organizuje-celonemecke-vieroucne-kurzy\/","title":{"rendered":"EKD organizuje celonemeck\u00e9 vierou\u010dn\u00e9 kurzy"},"content":{"rendered":"<p>V nede\u013eu 5. septembra 2011 sa prenosom tv slu\u017eieb Bo\u017e&iacute;ch na druhom nemeckom verejnopr&aacute;vnom programe ZDF za\u010dali celonemeck&eacute; vierou\u010dn&eacute; kurzy,ktor&eacute; organizuje EKD. Touto vzdel&aacute;vacou iniciat&iacute;vou chce EKD pom&ocirc;c\u0165 ve\u013ek&eacute;mu po\u010dtu h\u013eadaj&uacute;cich n&aacute;bo\u017eensk&uacute; orient&aacute;ciu. T&iacute;to s&iacute;ce prich&aacute;dzali do styku aj s cirkvou, ale tam im to prichodilo ako uzavret&aacute; spolo\u010dnos\u0165 s nech&aacute;pan&iacute;m spevu, modlitieb \u010di v&yacute;kladu P&iacute;sma. Teraz t&aacute;to iniciat&iacute;va predpoklad&aacute; tak&eacute; kurzy vo viere, ktor&eacute; bud&uacute; podobn&eacute; konfirma\u010dn&eacute;mu vyu\u010dovaniu, ale pre dospel&yacute;ch. Kurzy bud&uacute; pozost&aacute;va\u0165 zo 7 a\u017e 10 ve\u010derov.<\/p>\n<p>(<a href=\"http:\/\/www.ekd.de\">www.ekd.de<\/a>)<\/p>\n","protected":false},"excerpt":{"rendered":"<p>V nede\u013eu 5. septembra 2011 sa prenosom tv slu\u017eieb Bo\u017e&iacute;ch na druhom nemeckom verejnopr&aacute;vnom programe ZDF za\u010dali celonemeck&eacute; vierou\u010dn&eacute; kurzy,ktor&eacute; organizuje EKD. Touto vzdel&aacute;vacou iniciat&iacute;vou chce EKD pom&ocirc;c\u0165 ve\u013ek&eacute;mu po\u010dtu h\u013eadaj&uacute;cich n&aacute;bo\u017eensk&uacute; orient&aacute;ciu. T&iacute;to s&iacute;ce prich&aacute;dzali do styku aj s cirkvou, ale tam im to prichodilo ako uzavret&aacute; spolo\u010dnos\u0165 s nech&aacute;pan&iacute;m spevu, modlitieb \u010di v&yacute;kladu &#8230; <a title=\"EKD organizuje celonemeck\u00e9 vierou\u010dn\u00e9 kurzy\" class=\"read-more\" href=\"https:\/\/www.e-anjelik.sk\/index.php\/2011\/09\/06\/ekd-organizuje-celonemecke-vieroucne-kurzy\/\" aria-label=\"Pre\u010d\u00edtajte si viac o EKD organizuje celonemeck\u00e9 vierou\u010dn\u00e9 kurzy\">\u010c\u00edta\u0165 viac<\/a><\/p>\n","protected":false},"author":22,"featured_media":0,"comment_status":"open","ping_status":"open","sticky":false,"template":"","format":"standard","meta":{"footnotes":""},"categories":[9,10],"tags":[],"class_list":["post-3769","post","type-post","status-publish","format-standard","hentry","category-europa","category-zo-sveta"],"_links":{"self":[{"href":"https:\/\/www.e-anjelik.sk\/index.php\/wp-json\/wp\/v2\/posts\/3769","targetHints":{"allow":["GET"]}}],"collection":[{"href":"https:\/\/www.e-anjelik.sk\/index.php\/wp-json\/wp\/v2\/posts"}],"about":[{"href":"https:\/\/www.e-anjelik.sk\/index.php\/wp-json\/wp\/v2\/types\/post"}],"author":[{"embeddable":true,"href":"https:\/\/www.e-anjelik.sk\/index.php\/wp-json\/wp\/v2\/users\/22"}],"replies":[{"embeddable":true,"href":"https:\/\/www.e-anjelik.sk\/index.php\/wp-json\/wp\/v2\/comments?post=3769"}],"version-history":[{"count":0,"href":"https:\/\/www.e-anjelik.sk\/index.php\/wp-json\/wp\/v2\/posts\/3769\/revisions"}],"wp:attachment":[{"href":"https:\/\/www.e-anjelik.sk\/index.php\/wp-json\/wp\/v2\/media?parent=3769"}],"wp:term":[{"taxonomy":"category","embeddable":true,"href":"https:\/\/www.e-anjelik.sk\/index.php\/wp-json\/wp\/v2\/categories?post=3769"},{"taxonomy":"post_tag","embeddable":true,"href":"https:\/\/www.e-anjelik.sk\/index.php\/wp-json\/wp\/v2\/tags?post=3769"}],"curies":[{"name":"wp","href":"https:\/\/api.w.org\/{rel}","templated":true}]}}