{"id":3770,"date":"2011-09-06T10:47:11","date_gmt":"2011-09-06T10:47:11","guid":{"rendered":"http:\/\/e-anjelik.sk\/?p=3770"},"modified":"2011-09-06T10:47:11","modified_gmt":"2011-09-06T10:47:11","slug":"vsetko-nech-sa-deje-slusne-a-v-poriadku-1k-14-40","status":"publish","type":"post","link":"https:\/\/www.e-anjelik.sk\/index.php\/2011\/09\/06\/vsetko-nech-sa-deje-slusne-a-v-poriadku-1k-14-40\/","title":{"rendered":"V\u0161etko nech sa deje slu\u0161ne a v poriadku! 1K 14, 40"},"content":{"rendered":"<p>Pastiersky list brata gener&aacute;lneho biskupa ECAV na Slovensku Milo&scaron;a Kl&aacute;tika, ktor&yacute; mal by\u0165 pre\u010d&iacute;tan&yacute; vo v&scaron;etk&yacute;ch cirkevn&yacute;ch zboroch ECAV na Slovensku v nede\u013eu 28. 8., resp. 4. 9. 2011<\/p>\n<p><b>Pastiersky list gener&aacute;lneho biskupa ECAV na Slovensku<\/b><\/p>\n<p><i>V&scaron;etko nech sa deje slu&scaron;ne a v poriadku! 1K 14, 40<\/i><\/p>\n<p>Bratia a sestry v P&aacute;novi Je\u017ei&scaron;ovi Kristovi!<\/p>\n<p>Touto formou chcem vyjadri\u0165 svoje stanovisko k situ&aacute;cii a diskusii v na&scaron;ej cirkvi.<\/p>\n<p>Ka\u017ed&yacute; konfirmovan&yacute; evanjelik augsbursk&eacute;ho vyznania pri svojej konfirm&aacute;cii s\u013euboval vernos\u0165 Trojjedin&eacute;mu P&aacute;nu Bohu a evanjelickej cirkvi a. v. Ka\u017ed&yacute; je preto aj zodpovedn&yacute; za tento svoj s\u013eub &ndash; pred P&aacute;nom Bohom i pred \u013eu\u010fmi.<\/p>\n<p>Ka\u017ed&yacute; far&aacute;r \u010di far&aacute;rka pri svojej ordin&aacute;cii prisah&aacute; vernos\u0165 Bo\u017eiemu slovu a vierouke Evanjelickej cirkvi augsbursk&eacute;ho vyznania tak, ako je vysvetlen&aacute; v Symbolick&yacute;ch knih&aacute;ch. Jednota na&scaron;ej cirkvi je dan&aacute; pr&aacute;ve t&yacute;mto z&aacute;v&auml;zn&yacute;m dokumentom. A ka\u017ed&yacute; duchovn&yacute; je za tento svoj s\u013eub zodpovedn&yacute; pred P&aacute;nom Bohom i pred \u013eu\u010fmi. Preto, kto u\u010d&iacute; in&aacute;\u010d, ako je uveden&eacute; v Symbolick&yacute;ch knih&aacute;ch, &scaron;liape po svojom s\u013eube, s&aacute;m sa diskvalifikuje a prest&aacute;va tak by\u0165 evanjelick&yacute;m a. v. duchovn&yacute;m. Dba\u0165 na to, aby sa Bo\u017eie slovo v Evanjelickej cirkvi \u010disto k&aacute;zalo, patr&iacute; medzi prvorad&eacute; &uacute;lohy gener&aacute;lneho biskupa, ktor&eacute; mu vypl&yacute;vaj&uacute; aj priamo z Cirkevnej &uacute;stavy: &bdquo;zabezpe\u010di\u0165, aby sa evanjelium Krista v celej cirkvi zvestovalo pod\u013ea vierou\u010dn&yacute;ch z&aacute;sad Evanjelickej cirkvi augsbursk&eacute;ho vyznania, chr&aacute;ni\u0165 cirkev a jej jednotu&ldquo;. Som si vedom&yacute; zodpovednosti za udr\u017eanie jednoty a vierou\u010dnej \u010distoty ECAV a urob&iacute;m v&scaron;etko pre jej zachovanie pod\u013ea svojej pr&iacute;sahy pred Bohom a \u013eu\u010fmi. Aj preto som sa rozhodol nap&iacute;sa\u0165 tento pastiersky list a V&aacute;s, bratia a sestry, pros&iacute;m, aby ste mu venovali patri\u010dn&uacute; pozornos\u0165. U\u017e pred t&yacute;m, ako som bol zvolen&yacute; do tohto &uacute;radu, som jasne deklaroval svoje postoje: &bdquo;Na\u017e&iacute;va\u0165 v l&aacute;ske a ekumenickej spolupr&aacute;ci so v&scaron;etk&yacute;mi cirkvami a n&aacute;bo\u017eensk&yacute;mi spolo\u010dnos\u0165ami doma aj vo svete pri zachovan&iacute; na&scaron;ej slovenskej evanjelickej luter&aacute;nskej identity.&ldquo; Je to cesta od bezbrehej ekum&eacute;ny k bratskej spolupr&aacute;ci a na\u017e&iacute;vaniu rovn&eacute;ho s rovn&yacute;m. Tieto principi&aacute;lne postoje prin&aacute;&scaron;aj&uacute; re&scaron;pekt pre ECAV tak u predstavite\u013eov R&iacute;mskokatol&iacute;ckej cirkvi, ako aj u cirkv&iacute; zdru\u017een&yacute;ch v Ekumenickej rade cirkv&iacute; v SR, ktorej predsed&aacute;m druh&eacute; volebn&eacute; obdobie.<\/p>\n<p>\u010casto sa ekum&eacute;na a principi&aacute;lna vierouka klad&uacute; do protikladu. Ako keby sa jedno s druh&yacute;m vylu\u010dovalo. Ale to je ve\u013ek&yacute; omyl ka\u017ed&eacute;ho, kto ekumenick&uacute; spolupr&aacute;cu takto vn&iacute;ma a presadzuje. Ekum&eacute;na neznamen&aacute; podliezanie jedn&yacute;ch &ndash; spravidla men&scaron;&iacute;ch, t&yacute;m druh&yacute;m &ndash; v&auml;\u010d&scaron;&iacute;m. Jedine principi&aacute;lna vierouka zabezpe\u010d&iacute; re&scaron;pekt partnera v ekum&eacute;ne. Niet skuto\u010dnej ekum&eacute;ny bez jasnej vierouky danej cirkvi. <\/p>\n<p>Som presved\u010den&yacute;, \u017ee je ove\u013ea d&ocirc;le\u017eitej&scaron;ie rozpr&aacute;va\u0165 o poslan&iacute; cirkvi, ako o v&iacute;zi&aacute;ch jedn&eacute;ho \u010dloveka. Preto\u017ee nie s&uacute; d&ocirc;le\u017eit&eacute; \u013eudsk&eacute; v&iacute;zie a predstavy, ale poslanie, ktor&eacute; cirkvi ur\u010dil s&aacute;m P&aacute;n Je\u017ei&scaron; Kristus. <\/p>\n<p>Nie neopodstatnene sa v cirkvi &ndash; aj na jej najvy&scaron;&scaron;om gr&eacute;miu synode &ndash; venujeme aj vierouke. Nie je to z&aacute;stupn&yacute; probl&eacute;m, ale principi&aacute;lna ot&aacute;zka, ktorej rie&scaron;enie &bdquo;dnes&ldquo; z&aacute;sadn&yacute;m sp&ocirc;sobom ovplyvn&iacute;, ako budeme na&scaron;e poslanie nap\u013a\u0148a\u0165 &bdquo;zajtra&ldquo;. Na&scaron;a cirkev si minul&yacute; rok pripomenula 400. v&yacute;ro\u010die svojej ofici&aacute;lnej existencie a obrana Augsbursk&eacute;ho vyznania, obhajoba u\u010denia Symbolick&yacute;ch kn&iacute;h sprev&aacute;dza t&uacute;to cirkev po\u010das jej celej existencie. Ak vierou\u010dn&yacute; v&yacute;bor upozor\u0148uje synodu na nebezpe\u010denstvo charizmatick&yacute;ch hnut&iacute;, nie je to predvolebn&aacute; kampa\u0148, nie je to pa\u013eba naslepo, ale reakcia na ind&iacute;cie aj z na&scaron;ej vlastnej cirkvi. <\/p>\n<p>Pros&iacute;m V&aacute;s, v&scaron;etk&yacute;ch duchovn&yacute;ch, pros&iacute;m zborov&eacute; presbyterstv&aacute;: Dobre si v&scaron;&iacute;majte pri organizovan&iacute; podujat&iacute; pre svojich veriacich, koho si poz&yacute;vate ako kazate\u013eov \u010di predn&aacute;&scaron;aj&uacute;cich. Neotv&aacute;rajme priestor pre cudzie u\u010denie. Zamedzme infiltr&aacute;cii u\u010den&iacute;, ktor&eacute; s&uacute; v rozpore s Augsbursk&yacute;m vyznan&iacute;m. Nedajme na&scaron;u cirkev hanobi\u0165 a rozb&iacute;ja\u0165. <\/p>\n<p>Vyz&yacute;vam evanjelick&eacute; rodiny, aby sa pravidelne z&uacute;\u010dast\u0148ovali bohoslu\u017eobn&eacute;ho \u017eivota vo svojom cirkevnom zbore! Obraciam sa na na&scaron;u ml&aacute;de\u017e, aby viac akceptovala svojho duchovn&eacute;ho pastiera a viac si uvedomila potrebnos\u0165 svojho cirkevn&eacute;ho zboru ako duchovn&eacute;ho domova, aby sa neuzatv&aacute;rala do seba, na\u010d&uacute;vala star&scaron;&iacute;m vo viere a seri&oacute;zne uva\u017eovala aj nad n&aacute;zormi, s ktor&yacute;mi sa nezhoduje. <\/p>\n<p>Pros&iacute;m rodi\u010dov, aby sa zauj&iacute;mali, do akej &bdquo;ml&aacute;de\u017ee&ldquo; ich die\u0165a chod&iacute;. P&yacute;tajte sa na ved&uacute;cich, ktor&yacute;m prenech&aacute;te vies\u0165 svoje ratolesti, ktor&yacute;m nech&aacute;te svoje deti formova\u0165. P&yacute;tajte sa na program kres\u0165ansk&yacute;ch t&aacute;borov, na u\u010dite\u013eov.<\/p>\n<p>Vedzte, \u017ee rodina a &bdquo;&uacute;rad rodi\u010da&ldquo; je nenahradite\u013en&yacute;m &uacute;radom a prenechanie v&yacute;chovy svojho die\u0165a\u0165a in&yacute;m u\u010dite\u013eom, vodcom \u010di kazate\u013eom nezbavuje zodpovednosti za to, kto z V&aacute;&scaron;ho die\u0165a\u0165a vyrastie. <\/p>\n<p>Nie som proti h\u013eadaniu nov&yacute;ch foriem pr&aacute;ce s ml&aacute;de\u017eou a de\u0165mi, aj ke\u010f v ECAV je dos\u0165 priestoru &ndash; na biblick&yacute;ch hodin&aacute;ch ml&aacute;de\u017ee, doraste, detsk&yacute;ch besiedkach a v t&aacute;boroch, ale nech &bdquo;honba za novotami&ldquo; nep&ocirc;sob&iacute; povrchn&yacute; pr&iacute;stup k viere a k pravdivosti u\u010denia.<\/p>\n<p>Podporujem pr&aacute;cu v&scaron;etk&yacute;ch zodpovedn&yacute;ch, predov&scaron;etk&yacute;m v bohoslu\u017eobnom v&yacute;bore a vo v&yacute;bore cirkevnej hudby a hymnol&oacute;gie, a v&scaron;etk&yacute;ch, ktor&yacute;ch P&aacute;n Boh obdaril pr&iacute;slu&scaron;n&yacute;mi schopnos\u0165ami, aby pracovali na tvorbe nov&eacute;ho ml&aacute;de\u017en&iacute;ckeho evanjelick&eacute;ho spevn&iacute;ka, na novej luter&aacute;nskej Agende slu\u017eieb Bo\u017e&iacute;ch, ktor&aacute; by obsahovala aj poriadok &scaron;pecifick&yacute;ch slu\u017eieb Bo\u017e&iacute;ch pre mlad&yacute;ch, pri\u010dom by nebol v rozpore s luter&aacute;nskou vieroukou ani s trad&iacute;ciou slovensk&yacute;ch evanjelikov. M&aacute;me poklady, ktor&eacute; sme povinn&iacute; ochra\u0148ova\u0165 aj zve\u013ea\u010fova\u0165, ale nie zakopa\u0165 len preto, \u017ee ich m&aacute;me u\u017e d&aacute;vno!<\/p>\n<p>Bratia a sestry, nov&eacute; komunika\u010dn&eacute; technol&oacute;gie vyu\u017e&iacute;vaj&uacute;ce internet dali mo\u017enos\u0165 vzniku hne\u010f nieko\u013ek&yacute;ch diskusn&yacute;ch f&oacute;r, r&ocirc;znych blogov, facebookov, ktor&eacute; s&uacute; prostriedkom na pohotov&uacute; polemiku, o akej sa na&scaron;im predchodcom ani nesn&iacute;valo. Tieto technol&oacute;gie v&scaron;ak v sebe skr&yacute;vaj&uacute; aj nebezpe\u010denstvo. Nemysl&iacute;m len na vulg&aacute;rnos\u0165, primit&iacute;vnos\u0165, z&aacute;kernos\u0165, ale aj na ur\u010dit&uacute; plytkos\u0165 my&scaron;lienok a povrchnos\u0165 &uacute;vah. Obraciam sa na v&scaron;etk&yacute;ch, aby zachov&aacute;vali diskusiu na &uacute;rovni tak, aby sa ani \u013eudsky, ani odborne za tak&eacute;to vystupovanie nemusel nikto z ECAV hanbi\u0165. <\/p>\n<p>Nezab&uacute;dajme nikdy na to, \u017ee evanjelick&aacute; cirkev augsbursk&eacute;ho vyznania stoj&iacute; na \u017eivom Je\u017ei&scaron;ovi Kristovi, na Jeho slove, ktor&eacute;mu je zas\u013e&uacute;ben&yacute; Duch Sv&auml;t&yacute;, na slove, ktor&eacute; m&aacute; moc spasi\u0165 na&scaron;e du&scaron;e. Potrebujeme P&aacute;na Je\u017ei&scaron;a Krista, Bo\u017eie slovo a sviatosti tak isto ako na&scaron;i predkovia a aj gener&aacute;cie po n&aacute;s. Preto nech sa v&scaron;etko deje slu&scaron;ne a v poriadku! <\/p>\n<p>S prian&iacute;m Bo\u017eieho po\u017eehnania, por&uacute;\u010daj&uacute;c V&aacute;s v&scaron;etk&yacute;ch do Bo\u017eej milostivej ochrany <\/p>\n<p>Bratislava 23. augusta 2011<\/p>\n<p>PhDr. Milo&scaron; Kl&aacute;tik, PhD.<br \/>\ngener&aacute;lny biskup ECAV na Slovensku<\/p>\n","protected":false},"excerpt":{"rendered":"<p>Pastiersky list brata gener&aacute;lneho biskupa ECAV na Slovensku Milo&scaron;a Kl&aacute;tika, ktor&yacute; mal by\u0165 pre\u010d&iacute;tan&yacute; vo v&scaron;etk&yacute;ch cirkevn&yacute;ch zboroch ECAV na Slovensku v nede\u013eu 28. 8., resp. 4. 9. 2011 Pastiersky list gener&aacute;lneho biskupa ECAV na Slovensku V&scaron;etko nech sa deje slu&scaron;ne a v poriadku! 1K 14, 40 Bratia a sestry v P&aacute;novi Je\u017ei&scaron;ovi Kristovi! Touto &#8230; <a title=\"V\u0161etko nech sa deje slu\u0161ne a v poriadku! 1K 14, 40\" class=\"read-more\" href=\"https:\/\/www.e-anjelik.sk\/index.php\/2011\/09\/06\/vsetko-nech-sa-deje-slusne-a-v-poriadku-1k-14-40\/\" aria-label=\"Pre\u010d\u00edtajte si viac o V\u0161etko nech sa deje slu\u0161ne a v poriadku! 1K 14, 40\">\u010c\u00edta\u0165 viac<\/a><\/p>\n","protected":false},"author":1,"featured_media":0,"comment_status":"open","ping_status":"open","sticky":false,"template":"","format":"standard","meta":{"footnotes":""},"categories":[1],"tags":[],"class_list":["post-3770","post","type-post","status-publish","format-standard","hentry","category-adventna-modlitba"],"_links":{"self":[{"href":"https:\/\/www.e-anjelik.sk\/index.php\/wp-json\/wp\/v2\/posts\/3770","targetHints":{"allow":["GET"]}}],"collection":[{"href":"https:\/\/www.e-anjelik.sk\/index.php\/wp-json\/wp\/v2\/posts"}],"about":[{"href":"https:\/\/www.e-anjelik.sk\/index.php\/wp-json\/wp\/v2\/types\/post"}],"author":[{"embeddable":true,"href":"https:\/\/www.e-anjelik.sk\/index.php\/wp-json\/wp\/v2\/users\/1"}],"replies":[{"embeddable":true,"href":"https:\/\/www.e-anjelik.sk\/index.php\/wp-json\/wp\/v2\/comments?post=3770"}],"version-history":[{"count":0,"href":"https:\/\/www.e-anjelik.sk\/index.php\/wp-json\/wp\/v2\/posts\/3770\/revisions"}],"wp:attachment":[{"href":"https:\/\/www.e-anjelik.sk\/index.php\/wp-json\/wp\/v2\/media?parent=3770"}],"wp:term":[{"taxonomy":"category","embeddable":true,"href":"https:\/\/www.e-anjelik.sk\/index.php\/wp-json\/wp\/v2\/categories?post=3770"},{"taxonomy":"post_tag","embeddable":true,"href":"https:\/\/www.e-anjelik.sk\/index.php\/wp-json\/wp\/v2\/tags?post=3770"}],"curies":[{"name":"wp","href":"https:\/\/api.w.org\/{rel}","templated":true}]}}