{"id":3774,"date":"2011-09-07T11:46:11","date_gmt":"2011-09-07T11:46:11","guid":{"rendered":"http:\/\/e-anjelik.sk\/?p=3774"},"modified":"2011-09-07T11:46:11","modified_gmt":"2011-09-07T11:46:11","slug":"prvy-pastor-v-danskej-ludovej-cirkvi-s-islamskym-pozadim","status":"publish","type":"post","link":"https:\/\/www.e-anjelik.sk\/index.php\/2011\/09\/07\/prvy-pastor-v-danskej-ludovej-cirkvi-s-islamskym-pozadim\/","title":{"rendered":"Prv\u00fd pastor v D\u00e1nskej \u013eudovej cirkvi s islamsk\u00fdm pozad\u00edm"},"content":{"rendered":"<p>. septembra 2011 bol v Kodanskej katedr&aacute;le uveden&yacute; do funkcie far&aacute;ra pre migrantov 41-ro\u010dn&yacute; pris\u0165ahovalec z Ir&aacute;nu Massoud Fouroozandeh,ktor&yacute; vy&scaron;tudoval teol&oacute;giu a bol ordinovan&yacute; za k\u0148aza .Jeho poverenie pre t&uacute;to pr&aacute;cu je ur\u010den&eacute; na tri roky. &Uacute;lohou je urobi\u0165 most medzi tzv. imigrantskou cirkvou a \u013dudovou (luter&aacute;nskou ) cirkvou D&aacute;nska. Pod\u013ea niektor&yacute;ch odborn&iacute;kov je to priam nemo\u017en&eacute;, lebo imigratsk&aacute; cirkev je letni\u010d&eacute;ho r&aacute;zu a jej \u010dlenovia nechc&uacute; vst&uacute;pi\u0165 do v&auml;\u010d&scaron;inovej cirkvi.<\/p>\n<p>(<a href=\"http:\/\/www.folkekirken.dk\">www.folkekirken.dk<\/a>)<\/p>\n","protected":false},"excerpt":{"rendered":"<p>. septembra 2011 bol v Kodanskej katedr&aacute;le uveden&yacute; do funkcie far&aacute;ra pre migrantov 41-ro\u010dn&yacute; pris\u0165ahovalec z Ir&aacute;nu Massoud Fouroozandeh,ktor&yacute; vy&scaron;tudoval teol&oacute;giu a bol ordinovan&yacute; za k\u0148aza .Jeho poverenie pre t&uacute;to pr&aacute;cu je ur\u010den&eacute; na tri roky. &Uacute;lohou je urobi\u0165 most medzi tzv. imigrantskou cirkvou a \u013dudovou (luter&aacute;nskou ) cirkvou D&aacute;nska. Pod\u013ea niektor&yacute;ch odborn&iacute;kov je to &#8230; <a title=\"Prv\u00fd pastor v D\u00e1nskej \u013eudovej cirkvi s islamsk\u00fdm pozad\u00edm\" class=\"read-more\" href=\"https:\/\/www.e-anjelik.sk\/index.php\/2011\/09\/07\/prvy-pastor-v-danskej-ludovej-cirkvi-s-islamskym-pozadim\/\" aria-label=\"Pre\u010d\u00edtajte si viac o Prv\u00fd pastor v D\u00e1nskej \u013eudovej cirkvi s islamsk\u00fdm pozad\u00edm\">\u010c\u00edta\u0165 viac<\/a><\/p>\n","protected":false},"author":22,"featured_media":0,"comment_status":"open","ping_status":"open","sticky":false,"template":"","format":"standard","meta":{"footnotes":""},"categories":[9,10],"tags":[],"class_list":["post-3774","post","type-post","status-publish","format-standard","hentry","category-europa","category-zo-sveta"],"_links":{"self":[{"href":"https:\/\/www.e-anjelik.sk\/index.php\/wp-json\/wp\/v2\/posts\/3774","targetHints":{"allow":["GET"]}}],"collection":[{"href":"https:\/\/www.e-anjelik.sk\/index.php\/wp-json\/wp\/v2\/posts"}],"about":[{"href":"https:\/\/www.e-anjelik.sk\/index.php\/wp-json\/wp\/v2\/types\/post"}],"author":[{"embeddable":true,"href":"https:\/\/www.e-anjelik.sk\/index.php\/wp-json\/wp\/v2\/users\/22"}],"replies":[{"embeddable":true,"href":"https:\/\/www.e-anjelik.sk\/index.php\/wp-json\/wp\/v2\/comments?post=3774"}],"version-history":[{"count":0,"href":"https:\/\/www.e-anjelik.sk\/index.php\/wp-json\/wp\/v2\/posts\/3774\/revisions"}],"wp:attachment":[{"href":"https:\/\/www.e-anjelik.sk\/index.php\/wp-json\/wp\/v2\/media?parent=3774"}],"wp:term":[{"taxonomy":"category","embeddable":true,"href":"https:\/\/www.e-anjelik.sk\/index.php\/wp-json\/wp\/v2\/categories?post=3774"},{"taxonomy":"post_tag","embeddable":true,"href":"https:\/\/www.e-anjelik.sk\/index.php\/wp-json\/wp\/v2\/tags?post=3774"}],"curies":[{"name":"wp","href":"https:\/\/api.w.org\/{rel}","templated":true}]}}