{"id":3776,"date":"2011-09-08T10:56:58","date_gmt":"2011-09-08T10:56:58","guid":{"rendered":"http:\/\/e-anjelik.sk\/?p=3776"},"modified":"2011-09-08T10:56:58","modified_gmt":"2011-09-08T10:56:58","slug":"800-fararov-a-farariek-elkcs-na-pracovnom-zasadnuti","status":"publish","type":"post","link":"https:\/\/www.e-anjelik.sk\/index.php\/2011\/09\/08\/800-fararov-a-farariek-elkcs-na-pracovnom-zasadnuti\/","title":{"rendered":"800 far\u00e1rov a far\u00e1riek ELKCS na pracovnom zasadnut\u00ed"},"content":{"rendered":"<p>Na 1. septembra 2011 zvolal biskup Evanjelicko-luter&aacute;nskej krajinskej cirkvi Saska (ELKCS) Jochen Bohl do mesta Sask&aacute; Kamenica (Chemnitz) na pracovn&uacute; poradu v&scaron;etk&yacute;ch far&aacute;rov, far&aacute;rky a superitendentov svojej cirkvi. Porada sa konala u\u017e po tret&iacute; raz. Miestom rokovania bola Mestsk&aacute; hala. Pr&iacute;tomn&yacute;ch 800 duchovn&yacute;ch pozdravili aj predseda krajinskej vl&aacute;dy Saska Stanislaw Tillich a prim&aacute;torka mesta Barbara Ludwig. Hlavn&yacute;m bodom programu bola aktu&aacute;lna predn&aacute;&scaron;ka hos\u0165a z Heidelbergu, prof. teol&oacute;gie Michaela Welkera na t&eacute;mu: Dial&oacute;g medzi teol&oacute;giou a pr&iacute;rodn&yacute;mi vedami&quot;. Po predn&aacute;&scaron;ke sa konala polhodinka ot&aacute;zok a odpoved&iacute; k aktu&aacute;lnym probl&eacute;mom cirkvi.&nbsp;V \u010dase obed\u0148aj&scaron;ej prest&aacute;vky sa pr&iacute;tomn&iacute; mohli dos&yacute;ta vyrozpr&aacute;va\u0165. Po obede sa&nbsp;v chr&aacute;me sv. Petra konali slu\u017eby Bo\u017eie s Ve\u010derou P&aacute;novou. &nbsp;V Sasku je v cirkvi \u010dinn&yacute;ch 691 far&aacute;riek a far&aacute;rov, potom je \u010fal&scaron;&iacute;ch 100 k\u0148azsk&yacute;ch stan&iacute;c s osobitn&yacute;m poveren&iacute;m, resp. na \u010diasto\u010dn&yacute; &uacute;v&auml;zok. K tomuto po\u010dtu treba prir&aacute;ta\u0165 aj 20 superitendentov. S&uacute;\u010dasn&aacute; priemern&aacute; vekov&aacute; hranica far&aacute;rov\/far&aacute;riek je tesne pod 50 rokmi. V s&uacute;\u010dasnosti e&scaron;te akt&iacute;vni duchovn&iacute; preva\u017euj&uacute; nad d&ocirc;chodcami (684).V bud&uacute;cnosti v&scaron;ak sa to prev&aacute;\u017ei na opa\u010dn&uacute; stranu.<\/p>\n<p>(<a href=\"http:\/\/www.evlks.de\">www.evlks.de<\/a>)<\/p>\n","protected":false},"excerpt":{"rendered":"<p>Na 1. septembra 2011 zvolal biskup Evanjelicko-luter&aacute;nskej krajinskej cirkvi Saska (ELKCS) Jochen Bohl do mesta Sask&aacute; Kamenica (Chemnitz) na pracovn&uacute; poradu v&scaron;etk&yacute;ch far&aacute;rov, far&aacute;rky a superitendentov svojej cirkvi. Porada sa konala u\u017e po tret&iacute; raz. Miestom rokovania bola Mestsk&aacute; hala. Pr&iacute;tomn&yacute;ch 800 duchovn&yacute;ch pozdravili aj predseda krajinskej vl&aacute;dy Saska Stanislaw Tillich a prim&aacute;torka mesta Barbara &#8230; <a title=\"800 far\u00e1rov a far\u00e1riek ELKCS na pracovnom zasadnut\u00ed\" class=\"read-more\" href=\"https:\/\/www.e-anjelik.sk\/index.php\/2011\/09\/08\/800-fararov-a-farariek-elkcs-na-pracovnom-zasadnuti\/\" aria-label=\"Pre\u010d\u00edtajte si viac o 800 far\u00e1rov a far\u00e1riek ELKCS na pracovnom zasadnut\u00ed\">\u010c\u00edta\u0165 viac<\/a><\/p>\n","protected":false},"author":22,"featured_media":0,"comment_status":"open","ping_status":"open","sticky":false,"template":"","format":"standard","meta":{"footnotes":""},"categories":[9,10],"tags":[],"class_list":["post-3776","post","type-post","status-publish","format-standard","hentry","category-europa","category-zo-sveta"],"_links":{"self":[{"href":"https:\/\/www.e-anjelik.sk\/index.php\/wp-json\/wp\/v2\/posts\/3776","targetHints":{"allow":["GET"]}}],"collection":[{"href":"https:\/\/www.e-anjelik.sk\/index.php\/wp-json\/wp\/v2\/posts"}],"about":[{"href":"https:\/\/www.e-anjelik.sk\/index.php\/wp-json\/wp\/v2\/types\/post"}],"author":[{"embeddable":true,"href":"https:\/\/www.e-anjelik.sk\/index.php\/wp-json\/wp\/v2\/users\/22"}],"replies":[{"embeddable":true,"href":"https:\/\/www.e-anjelik.sk\/index.php\/wp-json\/wp\/v2\/comments?post=3776"}],"version-history":[{"count":0,"href":"https:\/\/www.e-anjelik.sk\/index.php\/wp-json\/wp\/v2\/posts\/3776\/revisions"}],"wp:attachment":[{"href":"https:\/\/www.e-anjelik.sk\/index.php\/wp-json\/wp\/v2\/media?parent=3776"}],"wp:term":[{"taxonomy":"category","embeddable":true,"href":"https:\/\/www.e-anjelik.sk\/index.php\/wp-json\/wp\/v2\/categories?post=3776"},{"taxonomy":"post_tag","embeddable":true,"href":"https:\/\/www.e-anjelik.sk\/index.php\/wp-json\/wp\/v2\/tags?post=3776"}],"curies":[{"name":"wp","href":"https:\/\/api.w.org\/{rel}","templated":true}]}}