{"id":37775,"date":"2025-03-07T18:28:34","date_gmt":"2025-03-07T17:28:34","guid":{"rendered":"https:\/\/www.e-anjelik.sk\/?p=37775"},"modified":"2025-03-07T18:28:34","modified_gmt":"2025-03-07T17:28:34","slug":"emil-boleslav-lukac-zeny","status":"publish","type":"post","link":"https:\/\/www.e-anjelik.sk\/index.php\/2025\/03\/07\/emil-boleslav-lukac-zeny\/","title":{"rendered":"Emil Boleslav Luk\u00e1\u010d \u2013 \u017deny"},"content":{"rendered":"\n<p>Nen\u00e1vid\u00edm voj v\u00e1\u0161niv\u00fdch \u017eien, s\u00fa jak drav\u00e9 tigrice,<br>bolesti p\u00f4sobia, ba boria du\u0161e r\u00ed\u0161u,<br>ka\u017ed\u00fd bozk, \u010do som dostal od nich, kusnut\u00edm bol na l\u00edce,<br>s\u0165a Dalily ma v opojn\u00fd sen ukol\u00ed\u0161u,<br><br>v ktorom sa sila vytriezven\u00edm v biednu trosku ztroskot\u00e1.<br>(Mnohokr\u00e1t som si takto srdce pour\u00e1\u017eal,  <br>nejedna zotrela pe\u013e z m\u00f4jho \u00faboh\u00e9ho \u017eivota!)<br>Nen\u00e1vid\u00edm voj \u017eien . . . v\u0161ak trom som predsa vern\u00fd vazal!<\/p>\n\n\n\n<p>Jedna z nich mojou matkou je, \u00f3 z\u00e1sluha to velik\u00e1,<br>bo ka\u017ed\u00e1 matka mala by by\u0165 po\u017eehnan\u00e1,<br>le\u017e keby zrel ju Ten, \u010do kr\u00e1\u010dal ku z\u00e1hrad\u00e1m Jericha,<br>slzil by nad \u0148ou, \u00f3 jej du\u0161a sam\u00e1 rana.<\/p>\n\n\n\n<p>Druh\u00e1 z nich mojou sestrou je, \u00f3 panna bola z rokoka,<br>le\u017e \u017divot krut\u00fd bol k nej povyh\u00e1\u0161al svetl\u00e1.<br>Dnes tv\u00e1r jej bled\u00e1, v o\u010diach \u017eiara prenesmierne hlbok\u00e1,<br>s\u0165a odlesk jazera, v \u0148om luna nikdy nepl\u00e1.<\/p>\n\n\n\n<p>Tretia z nich najne\u0161\u0165astnej\u0161ia, ju zviedla so mnou n\u00e1hoda,<br>(koho ja milujem, je b\u00f4\u013eom o\u017eiaren\u00e1,)<br>vod\u00edm ju cestou z\u00e1hadnou, kde \u010dnie sa hriechov pagoda,<br>kde lkala kedys\u2019 M\u00e1ria Magdal\u00e9na.<\/p>\n\n\n\n<p>Od jednej zdedil som ten \u00fader v du\u0161i: osud bo\u013eav\u00fd,<br>od druhej ill\u00fazie, svet ich povyh\u00e1\u0161al,<br>od tretej chv\u00edle n\u00e1dhern\u00e9, \u00f3 chv\u00edle smutnej \u00falavy.<br>Nen\u00e1vid\u00edm voj \u017eien, v\u0161ak t\u00fdmto trom som vern\u00fd vazal!<\/p>\n\n\n\n<p><em>1922<\/em><\/p>\n\n\n\n<p><\/p>\n","protected":false},"excerpt":{"rendered":"<p>Nen\u00e1vid\u00edm voj v\u00e1\u0161niv\u00fdch \u017eien, s\u00fa jak drav\u00e9 tigrice,bolesti p\u00f4sobia, ba boria du\u0161e r\u00ed\u0161u,ka\u017ed\u00fd bozk, \u010do som dostal od nich, kusnut\u00edm bol na l\u00edce,s\u0165a Dalily ma v opojn\u00fd sen ukol\u00ed\u0161u, v ktorom sa sila vytriezven\u00edm v biednu trosku ztroskot\u00e1.(Mnohokr\u00e1t som si takto srdce pour\u00e1\u017eal, nejedna zotrela pe\u013e z m\u00f4jho \u00faboh\u00e9ho \u017eivota!)Nen\u00e1vid\u00edm voj \u017eien . . . &#8230; <a title=\"Emil Boleslav Luk\u00e1\u010d \u2013 \u017deny\" class=\"read-more\" href=\"https:\/\/www.e-anjelik.sk\/index.php\/2025\/03\/07\/emil-boleslav-lukac-zeny\/\" aria-label=\"Pre\u010d\u00edtajte si viac o Emil Boleslav Luk\u00e1\u010d \u2013 \u017deny\">\u010c\u00edta\u0165 viac<\/a><\/p>\n","protected":false},"author":3,"featured_media":37776,"comment_status":"open","ping_status":"open","sticky":false,"template":"","format":"standard","meta":{"footnotes":""},"categories":[642,165],"tags":[],"class_list":["post-37775","post","type-post","status-publish","format-standard","has-post-thumbnail","hentry","category-mdz","category-poezia-2"],"_links":{"self":[{"href":"https:\/\/www.e-anjelik.sk\/index.php\/wp-json\/wp\/v2\/posts\/37775","targetHints":{"allow":["GET"]}}],"collection":[{"href":"https:\/\/www.e-anjelik.sk\/index.php\/wp-json\/wp\/v2\/posts"}],"about":[{"href":"https:\/\/www.e-anjelik.sk\/index.php\/wp-json\/wp\/v2\/types\/post"}],"author":[{"embeddable":true,"href":"https:\/\/www.e-anjelik.sk\/index.php\/wp-json\/wp\/v2\/users\/3"}],"replies":[{"embeddable":true,"href":"https:\/\/www.e-anjelik.sk\/index.php\/wp-json\/wp\/v2\/comments?post=37775"}],"version-history":[{"count":1,"href":"https:\/\/www.e-anjelik.sk\/index.php\/wp-json\/wp\/v2\/posts\/37775\/revisions"}],"predecessor-version":[{"id":37777,"href":"https:\/\/www.e-anjelik.sk\/index.php\/wp-json\/wp\/v2\/posts\/37775\/revisions\/37777"}],"wp:featuredmedia":[{"embeddable":true,"href":"https:\/\/www.e-anjelik.sk\/index.php\/wp-json\/wp\/v2\/media\/37776"}],"wp:attachment":[{"href":"https:\/\/www.e-anjelik.sk\/index.php\/wp-json\/wp\/v2\/media?parent=37775"}],"wp:term":[{"taxonomy":"category","embeddable":true,"href":"https:\/\/www.e-anjelik.sk\/index.php\/wp-json\/wp\/v2\/categories?post=37775"},{"taxonomy":"post_tag","embeddable":true,"href":"https:\/\/www.e-anjelik.sk\/index.php\/wp-json\/wp\/v2\/tags?post=37775"}],"curies":[{"name":"wp","href":"https:\/\/api.w.org\/{rel}","templated":true}]}}