{"id":3779,"date":"2011-09-10T15:33:35","date_gmt":"2011-09-10T15:33:35","guid":{"rendered":"http:\/\/e-anjelik.sk\/?p=3779"},"modified":"2011-09-10T15:33:35","modified_gmt":"2011-09-10T15:33:35","slug":"konferencia-finskej-a-ingermanlandskej-luteranskej-cirkvi","status":"publish","type":"post","link":"https:\/\/www.e-anjelik.sk\/index.php\/2011\/09\/10\/konferencia-finskej-a-ingermanlandskej-luteranskej-cirkvi\/","title":{"rendered":"Konferencia f\u00ednskej a ingermanlandskej luter\u00e1nskej cirkvi"},"content":{"rendered":"<p>Od 2. do 4. septembra t.r. biskup diec&eacute;zy St. Michels F&iacute;nskej ev. lut. cirkvi zastupoval t&uacute;to cirkev na konferencii v meste Lappeenrantaa&nbsp;, v cirkevnom zbore Sammonlahti. Na konferencii sa stretli z&aacute;stupcovia f&iacute;nskej a ingermanlandskej lut. cirkvi na \u010dele s jej biskopom Arri Kugappi. Rie&scaron;ili sa ot&aacute;zky \u010dinnosti ruskej cirkvi vo F&iacute;nsku, najm&auml; po\u017eiadavka vykon&aacute;va\u0165 vo F&iacute;nsku ingermanlandsk&eacute; slu\u017eby Bo\u017eie. &quot;Chceme vo F&iacute;nsku sl&uacute;\u017ei\u0165 otvorene a v spolupr&aacute;ci s f&iacute;nskymi cirkevn&yacute;mi zbormi,&quot; povedal biskup Kugappi. Konferencia sa skon\u010dila v nede\u013eu spolo\u010dn&yacute;mi slu\u017ebami Bo\u017e&iacute;mi, po ktor&yacute;ch sa konal sviatok Inkeri. Bud&uacute;ce stretnutie tohto druhu bude na jar roku 2013 v Petrohrade.<\/p>\n<p>(<a href=\"http:\/\/www.elci.ru\">www.elci.ru<\/a>)<\/p>\n","protected":false},"excerpt":{"rendered":"<p>Od 2. do 4. septembra t.r. biskup diec&eacute;zy St. Michels F&iacute;nskej ev. lut. cirkvi zastupoval t&uacute;to cirkev na konferencii v meste Lappeenrantaa&nbsp;, v cirkevnom zbore Sammonlahti. Na konferencii sa stretli z&aacute;stupcovia f&iacute;nskej a ingermanlandskej lut. cirkvi na \u010dele s jej biskopom Arri Kugappi. Rie&scaron;ili sa ot&aacute;zky \u010dinnosti ruskej cirkvi vo F&iacute;nsku, najm&auml; po\u017eiadavka vykon&aacute;va\u0165 vo &#8230; <a title=\"Konferencia f\u00ednskej a ingermanlandskej luter\u00e1nskej cirkvi\" class=\"read-more\" href=\"https:\/\/www.e-anjelik.sk\/index.php\/2011\/09\/10\/konferencia-finskej-a-ingermanlandskej-luteranskej-cirkvi\/\" aria-label=\"Pre\u010d\u00edtajte si viac o Konferencia f\u00ednskej a ingermanlandskej luter\u00e1nskej cirkvi\">\u010c\u00edta\u0165 viac<\/a><\/p>\n","protected":false},"author":22,"featured_media":0,"comment_status":"open","ping_status":"open","sticky":false,"template":"","format":"standard","meta":{"footnotes":""},"categories":[9,10],"tags":[],"class_list":["post-3779","post","type-post","status-publish","format-standard","hentry","category-europa","category-zo-sveta"],"_links":{"self":[{"href":"https:\/\/www.e-anjelik.sk\/index.php\/wp-json\/wp\/v2\/posts\/3779","targetHints":{"allow":["GET"]}}],"collection":[{"href":"https:\/\/www.e-anjelik.sk\/index.php\/wp-json\/wp\/v2\/posts"}],"about":[{"href":"https:\/\/www.e-anjelik.sk\/index.php\/wp-json\/wp\/v2\/types\/post"}],"author":[{"embeddable":true,"href":"https:\/\/www.e-anjelik.sk\/index.php\/wp-json\/wp\/v2\/users\/22"}],"replies":[{"embeddable":true,"href":"https:\/\/www.e-anjelik.sk\/index.php\/wp-json\/wp\/v2\/comments?post=3779"}],"version-history":[{"count":0,"href":"https:\/\/www.e-anjelik.sk\/index.php\/wp-json\/wp\/v2\/posts\/3779\/revisions"}],"wp:attachment":[{"href":"https:\/\/www.e-anjelik.sk\/index.php\/wp-json\/wp\/v2\/media?parent=3779"}],"wp:term":[{"taxonomy":"category","embeddable":true,"href":"https:\/\/www.e-anjelik.sk\/index.php\/wp-json\/wp\/v2\/categories?post=3779"},{"taxonomy":"post_tag","embeddable":true,"href":"https:\/\/www.e-anjelik.sk\/index.php\/wp-json\/wp\/v2\/tags?post=3779"}],"curies":[{"name":"wp","href":"https:\/\/api.w.org\/{rel}","templated":true}]}}