{"id":3781,"date":"2011-09-12T19:55:04","date_gmt":"2011-09-12T19:55:04","guid":{"rendered":"http:\/\/e-anjelik.sk\/?p=3781"},"modified":"2019-02-22T15:24:38","modified_gmt":"2019-02-22T14:24:38","slug":"nekoniec-koniec","status":"publish","type":"post","link":"https:\/\/www.e-anjelik.sk\/index.php\/2011\/09\/12\/nekoniec-koniec\/","title":{"rendered":"NEKONIEC \u2013 KONIEC"},"content":{"rendered":"<p><strong>Nekoniec &#8211; koniec. <\/strong><\/p>\n<p><strong>(&Uacute;smevn&aacute; trag&eacute;dia v&nbsp;dvoch dejstv&aacute;ch)<\/strong><\/p>\n<p class=\"MsoNormal\"><strong>Dejstvo prv&eacute;: NEKONIEC &ndash; ukon\u010denej diskusie<\/strong><\/p>\n<p class=\"MsoNormal\">T&yacute;mito slovami EPST <strong>ukon\u010duje diskusiu<\/strong> k&nbsp;\u010dl&aacute;nkom predsedu Vierou\u010dn&eacute;ho v&yacute;boru ECAV na Slovensku J. Me\u0148kyho, dokia\u013e redakcia k&nbsp;vierou\u010dn&yacute;m ot&aacute;zkam a&nbsp;probl&eacute;mom, na ktor&eacute; pouk&aacute;zala, z&iacute;ska vy\u017eiadan&eacute; stanovisk&aacute; kompetentn&yacute;ch gr&eacute;mi&iacute; na&scaron;ej cirkvi. Redakcia EPST re&scaron;pektuje pluralitu n&aacute;zorov, nemus&iacute; sa v&scaron;ak s&nbsp;nimi stoto\u017e\u0148ova\u0165. Stanovisko Redakcie EPST k&nbsp;publikovan&yacute;m n&aacute;zorom z&nbsp;priestorov&yacute;ch d&ocirc;vodov uverejn&iacute;me v&nbsp;<strong>nasleduj&uacute;com<\/strong> <strong>\u010d&iacute;sle<\/strong>. (EPST \u010d. <strong>34<\/strong> z&nbsp;<strong>24.8.2011<\/strong>)<\/p>\n<p class=\"MsoNormal\">V&scaron;etko nech sa deje slu&scaron;ne a&nbsp;v&nbsp;poriadku! &ndash; &bdquo;Pastiersky&ldquo; list (EPST \u010d. <strong>35<\/strong> z&nbsp;<strong>31.8.2011<\/strong>)<\/p>\n<p class=\"MsoNormal\">Na&scaron;ou &uacute;lohou je kl&aacute;s\u0165 d&ocirc;raz na \u010distotu u\u010denia (STANOVISKO REDAKCIE EPST k \u010dl&aacute;nkom predsedu Vierou\u010dn&eacute;ho v&yacute;boru ECAV &#8211; (EPST \u010d. <strong>35<\/strong> z&nbsp;<strong>31.8.2011<\/strong>)<\/p>\n<p class=\"MsoNormal\">Stanovisko riadite\u013ea spolo\u010dnosti Tranoscius , a.s., k&nbsp;\u010dl&aacute;nku Rozpadne sa evanjelick&aacute; cirkev na Slovensku?, uverejnenom v&nbsp;denn&iacute;ku SME 20.8.2011 (EPST \u010d.<strong>36<\/strong> z&nbsp;<strong>7.9.2011<\/strong>)<\/p>\n<p class=\"MsoNormal\">Kam sme sa to dostali? (EPST \u010d.<strong>36<\/strong> z&nbsp;<strong>7.9.2011<\/strong>)<\/p>\n<p class=\"MsoNormal\">Br&aacute;\u0148me pravdu evanjelia a v pokore sl&uacute;\u017eme Bohu (EPST \u010d.<strong>39<\/strong> z <strong>28.9.2011<\/strong>)<\/p>\n<p class=\"MsoNormal\">Kto si bez viny&#8230; (EPST \u010d. <strong>41<\/strong> z <strong>12.10.2011<\/strong>)<\/p>\n<p class=\"MsoNormal\">&nbsp;<\/p>\n<p class=\"MsoNormal\"><o:p><\/o:p><\/p>\n<p class=\"MsoNormal\"><strong>Dejstvo druh&eacute;: KONIEC &ndash; hry na kres\u0165ansk&uacute; l&aacute;sku<\/strong><\/p>\n<p class=\"MsoNormal\">Rozhovor s predsedom vierou\u010dn&eacute;ho v&yacute;boru priniesol mnoh&eacute; reakcie. Ak sa st&uacute;pi na otlak, bol&iacute; to a mo\u017eno sa pritom aj ve\u013ea kri\u010d&iacute;. Ale aspo\u0148 vieme, \u017ee ten otlak m&aacute;me. Bude zrejme dos\u0165 ve\u013ek&yacute; a dos\u0165 bo\u013eav&yacute;, lebo <strong>vyhr&aacute;\u017eky s&uacute;dmi a \u017eiadosti o finan\u010dn&eacute; od&scaron;kodnenie nie je &#8211; zatia\u013e &#8211; v cirkvi be\u017en&yacute;m javom. To s&uacute; tie kres\u0165ansk&eacute; postoje o ktor&yacute;ch tak radi hovor&iacute;me?<\/strong> Vyhr&aacute;\u017eky s&uacute;dmi je zrejme ocenenie, \u017ee si redakcia rob&iacute; robotu dobre. Pluralitu n&aacute;zorov si v&aacute;\u017eime, aj ke\u010f s niektor&yacute;mi n&aacute;zormi nes&uacute;hlas&iacute;me. Ja to dok&aacute;\u017eem, dok&aacute;\u017ee to aj redakcia EPST &#8211; preto pod\u013ea inform&aacute;ci&iacute; &scaron;&eacute;fredaktora &#8211; prinesie EPST n&aacute;zory, ktor&eacute; pri&scaron;li do redakcie. <strong>Prajem si, aby sme o kres\u0165ansk&yacute;ch z&aacute;sad&aacute;ch a l&aacute;ske dok&aacute;zali nielen kr&aacute;sne rozpr&aacute;va\u0165, ale ich aj praktizova\u0165.<\/strong> <strong>Za\u010da\u0165 m&ocirc;\u017eeme pri \u010dl&aacute;nku alebo novin&aacute;ch, ktor&eacute; hovoria inak ako by som chcel.<\/strong>.. Mgr. <strong>\u013d. Tur\u010dan<\/strong> &#8211; riadite\u013e Tranoscia (Facebook 21.6.2011)<\/p>\n<p class=\"MsoNormal\"><strong>&Scaron;tandardne sa na tak&uacute;to kampa\u0148 odpoved&aacute; trestn&yacute;m ozn&aacute;men&iacute;m, ja zatia\u013e vyjadrujem \u013e&uacute;tos\u0165 nad pr&iacute;zemnos\u0165ou tak&eacute;hoto konania. \u013d. Tur\u010dan<\/strong>, riadite\u013e Tranoscia (EPST \u010d.36 z&nbsp;7.9.2011)<\/p>\n","protected":false},"excerpt":{"rendered":"<p>Nekoniec &#8211; koniec. (&Uacute;smevn&aacute; trag&eacute;dia v&nbsp;dvoch dejstv&aacute;ch) Dejstvo prv&eacute;: NEKONIEC &ndash; ukon\u010denej diskusie T&yacute;mito slovami EPST ukon\u010duje diskusiu k&nbsp;\u010dl&aacute;nkom predsedu Vierou\u010dn&eacute;ho v&yacute;boru ECAV na Slovensku J. Me\u0148kyho, dokia\u013e redakcia k&nbsp;vierou\u010dn&yacute;m ot&aacute;zkam a&nbsp;probl&eacute;mom, na ktor&eacute; pouk&aacute;zala, z&iacute;ska vy\u017eiadan&eacute; stanovisk&aacute; kompetentn&yacute;ch gr&eacute;mi&iacute; na&scaron;ej cirkvi. Redakcia EPST re&scaron;pektuje pluralitu n&aacute;zorov, nemus&iacute; sa v&scaron;ak s&nbsp;nimi stoto\u017e\u0148ova\u0165. Stanovisko Redakcie EPST &#8230; <a title=\"NEKONIEC \u2013 KONIEC\" class=\"read-more\" href=\"https:\/\/www.e-anjelik.sk\/index.php\/2011\/09\/12\/nekoniec-koniec\/\" aria-label=\"Pre\u010d\u00edtajte si viac o NEKONIEC \u2013 KONIEC\">\u010c\u00edta\u0165 viac<\/a><\/p>\n","protected":false},"author":29,"featured_media":0,"comment_status":"open","ping_status":"open","sticky":false,"template":"","format":"standard","meta":{"footnotes":""},"categories":[1,73],"tags":[],"class_list":["post-3781","post","type-post","status-publish","format-standard","hentry","category-adventna-modlitba","category-ecav"],"_links":{"self":[{"href":"https:\/\/www.e-anjelik.sk\/index.php\/wp-json\/wp\/v2\/posts\/3781","targetHints":{"allow":["GET"]}}],"collection":[{"href":"https:\/\/www.e-anjelik.sk\/index.php\/wp-json\/wp\/v2\/posts"}],"about":[{"href":"https:\/\/www.e-anjelik.sk\/index.php\/wp-json\/wp\/v2\/types\/post"}],"author":[{"embeddable":true,"href":"https:\/\/www.e-anjelik.sk\/index.php\/wp-json\/wp\/v2\/users\/29"}],"replies":[{"embeddable":true,"href":"https:\/\/www.e-anjelik.sk\/index.php\/wp-json\/wp\/v2\/comments?post=3781"}],"version-history":[{"count":1,"href":"https:\/\/www.e-anjelik.sk\/index.php\/wp-json\/wp\/v2\/posts\/3781\/revisions"}],"predecessor-version":[{"id":32349,"href":"https:\/\/www.e-anjelik.sk\/index.php\/wp-json\/wp\/v2\/posts\/3781\/revisions\/32349"}],"wp:attachment":[{"href":"https:\/\/www.e-anjelik.sk\/index.php\/wp-json\/wp\/v2\/media?parent=3781"}],"wp:term":[{"taxonomy":"category","embeddable":true,"href":"https:\/\/www.e-anjelik.sk\/index.php\/wp-json\/wp\/v2\/categories?post=3781"},{"taxonomy":"post_tag","embeddable":true,"href":"https:\/\/www.e-anjelik.sk\/index.php\/wp-json\/wp\/v2\/tags?post=3781"}],"curies":[{"name":"wp","href":"https:\/\/api.w.org\/{rel}","templated":true}]}}