{"id":3782,"date":"2011-09-12T20:09:03","date_gmt":"2011-09-12T20:09:03","guid":{"rendered":"http:\/\/e-anjelik.sk\/?p=3782"},"modified":"2011-09-12T20:09:03","modified_gmt":"2011-09-12T20:09:03","slug":"biblicky-tyzden-mos-v-herlanoch","status":"publish","type":"post","link":"https:\/\/www.e-anjelik.sk\/index.php\/2011\/09\/12\/biblicky-tyzden-mos-v-herlanoch\/","title":{"rendered":"Biblick\u00fd t\u00fd\u017ede\u0148 MOS v Her\u013eanoch"},"content":{"rendered":"<p>Modlitebn&eacute; spolo\u010denstvo ECAV poz&yacute;va z&aacute;ujemcov na Biblicko-rekrea\u010dn&yacute; t&yacute;\u017ede\u0148 v Her\u013eanoch ne\u010faleko Ko&scaron;&iacute;c na 10.-14.10.2011. T&eacute;mou tohtoro\u010dn&eacute;ho t&yacute;\u017ed\u0148a je: Sviatosti. Predn&aacute;&scaron;a\u0165 bud&uacute; Michal Klus, Ondrej Kol&aacute;rovsk&yacute; a Du&scaron;an Cina. Cena cel&eacute;ho t&yacute;\u017ed\u0148a (pln&aacute; penzia) je &nbsp;66,- &euro;.<\/p>\n<p>Prihl&aacute;&scaron;ka aj podrobn&yacute; program je na str&aacute;nke www.modlitby.sk, v \u010dasti: pozv&aacute;nky a prihl&aacute;&scaron;ky.<\/p>\n<p>\u013duboslav Be\u0148o, ved&uacute;ci MOS&nbsp;ECAV na Slovensku<\/p>\n<p>&nbsp;<\/p>\n","protected":false},"excerpt":{"rendered":"<p>Modlitebn&eacute; spolo\u010denstvo ECAV poz&yacute;va z&aacute;ujemcov na Biblicko-rekrea\u010dn&yacute; t&yacute;\u017ede\u0148 v Her\u013eanoch ne\u010faleko Ko&scaron;&iacute;c na 10.-14.10.2011. T&eacute;mou tohtoro\u010dn&eacute;ho t&yacute;\u017ed\u0148a je: Sviatosti. Predn&aacute;&scaron;a\u0165 bud&uacute; Michal Klus, Ondrej Kol&aacute;rovsk&yacute; a Du&scaron;an Cina. Cena cel&eacute;ho t&yacute;\u017ed\u0148a (pln&aacute; penzia) je &nbsp;66,- &euro;. Prihl&aacute;&scaron;ka aj podrobn&yacute; program je na str&aacute;nke www.modlitby.sk, v \u010dasti: pozv&aacute;nky a prihl&aacute;&scaron;ky. \u013duboslav Be\u0148o, ved&uacute;ci MOS&nbsp;ECAV na Slovensku &#8230; <a title=\"Biblick\u00fd t\u00fd\u017ede\u0148 MOS v Her\u013eanoch\" class=\"read-more\" href=\"https:\/\/www.e-anjelik.sk\/index.php\/2011\/09\/12\/biblicky-tyzden-mos-v-herlanoch\/\" aria-label=\"Pre\u010d\u00edtajte si viac o Biblick\u00fd t\u00fd\u017ede\u0148 MOS v Her\u013eanoch\">\u010c\u00edta\u0165 viac<\/a><\/p>\n","protected":false},"author":35,"featured_media":0,"comment_status":"open","ping_status":"open","sticky":false,"template":"","format":"standard","meta":{"footnotes":""},"categories":[1],"tags":[],"class_list":["post-3782","post","type-post","status-publish","format-standard","hentry","category-adventna-modlitba"],"_links":{"self":[{"href":"https:\/\/www.e-anjelik.sk\/index.php\/wp-json\/wp\/v2\/posts\/3782","targetHints":{"allow":["GET"]}}],"collection":[{"href":"https:\/\/www.e-anjelik.sk\/index.php\/wp-json\/wp\/v2\/posts"}],"about":[{"href":"https:\/\/www.e-anjelik.sk\/index.php\/wp-json\/wp\/v2\/types\/post"}],"author":[{"embeddable":true,"href":"https:\/\/www.e-anjelik.sk\/index.php\/wp-json\/wp\/v2\/users\/35"}],"replies":[{"embeddable":true,"href":"https:\/\/www.e-anjelik.sk\/index.php\/wp-json\/wp\/v2\/comments?post=3782"}],"version-history":[{"count":0,"href":"https:\/\/www.e-anjelik.sk\/index.php\/wp-json\/wp\/v2\/posts\/3782\/revisions"}],"wp:attachment":[{"href":"https:\/\/www.e-anjelik.sk\/index.php\/wp-json\/wp\/v2\/media?parent=3782"}],"wp:term":[{"taxonomy":"category","embeddable":true,"href":"https:\/\/www.e-anjelik.sk\/index.php\/wp-json\/wp\/v2\/categories?post=3782"},{"taxonomy":"post_tag","embeddable":true,"href":"https:\/\/www.e-anjelik.sk\/index.php\/wp-json\/wp\/v2\/tags?post=3782"}],"curies":[{"name":"wp","href":"https:\/\/api.w.org\/{rel}","templated":true}]}}